{"id":7965,"date":"2021-10-05T11:41:59","date_gmt":"2021-10-05T16:41:59","guid":{"rendered":"https:\/\/www.amchambaq.com\/?p=7965"},"modified":"2024-04-11T22:17:57","modified_gmt":"2024-04-12T03:17:57","slug":"edificio-world-trade-center-de-barranquilla-recupero-su-nombre-tras-conflicto-judicial-internacional","status":"publish","type":"post","link":"https:\/\/www.amchambaq.com\/en\/edificio-world-trade-center-de-barranquilla-recupero-su-nombre-tras-conflicto-judicial-internacional\/","title":{"rendered":"Edificio World Trade Center de Barranquilla recuper\u00f3 su nombre tras conflicto judicial internacional"},"content":{"rendered":"<p><strong>&#8220;Esta fue una batalla entre el David de La Arenosa y el Goliat de Nueva York, WTCA&#8221;.<\/strong><\/p>\n<p>El edificio World Trade Center en Barranquilla, ubicado en la calle 76 con carrera 54, recuper\u00f3 y volvi\u00f3 a colocar su nombre en la fachada este 2 de octubre, luego de superar un conflicto ante las instancias judiciales que perdur\u00f3 por tres a\u00f1os.<\/p>\n<p>Dicho litigio se gener\u00f3 entre la copropiedad World Trade Center en Barranquilla, uno de los edificios m\u00e1s representativos de la ciudad, y la multinacional World Trade Center Association, WTCA, de Nueva York.<\/p>\n<p>El centro empresarial World Trade Center de La Arenosa hizo su apertura en 1997 y aunque la franquicia no sigui\u00f3 llam\u00e1ndose de esa manera, la copropiedad s\u00ed.<\/p>\n<p>\u201cSe perdi\u00f3 la franquicia, pero la propiedad sigue guardando ese nombre. La batalla se dio cuando la WTCA lleg\u00f3 Colombia y a trav\u00e9s de unos abogados demand\u00f3 a la copropiedad del edificio en Barranquilla. Se dio una pugna en primera instancia tras la que ellos (la copropiedad de Barranquilla) ganaron el proceso&#8221;, expres\u00f3 una fuente a Impacto News.<\/p>\n<p>La WTCA (organizaci\u00f3n autorizada para entregar la licencia del nombre y la marca WTC) ya tiene edificios en Bogot\u00e1, Call, Cartagena, Medell\u00edn, Ibagu\u00e9 y Pereira y bajo su licencia, ciudadanos norteamericanos ten\u00edan planes desde el 2016 para construir uno frente al Malec\u00f3n del R\u00edo, hacia el 2023.<\/p>\n<p>La copropiedad en Barranquilla se constituy\u00f3 en 1995, las acciones de reclamaci\u00f3n tienen un t\u00e9rmino de prescripci\u00f3n de 5 a\u00f1os y solo hasta el 2016 hicieron la reclamaci\u00f3n ante la Superintendencia. Este edifico es un icono de la ciudad, es de los primeros y mantiene relevancia, este es un tema jur\u00eddico impresionante&#8221;. agreg\u00f3 la fuente.<\/p>\n<p>\u00bfC\u00f3mo el World Trade Center de Barranquilla gan\u00f3 la batalla?<\/p>\n<p><strong style=\"display:block;overflow:hidden;height:1px;width:1px;\">https:\/\/www.high-endrolex.com\/41<\/strong>En primera instancia se negaron las pretensiones de la WTCA por prescripci\u00f3n de su acci\u00f3n, su abogado interpuso recurso de apelaci\u00f3n, pero en segunda instancia, la Sala Civil del Tribunal Superior del Distrito Judicial de Bogot\u00e1 confirm\u00f3 la sentencia dada en primera instancia.<\/p>\n<p>Inconforme con la decisi\u00f3n tomada, el abogado de la WTCA present\u00f3 una demanda de casaci\u00f3n ante la Corte Suprema de Justicia, Sala de Casaci\u00f3n Civil, la cual inadmiti\u00f3 la demanda.<\/p>\n<p>Cuando la copropiedad en Barranquilla obtuvo la sentencia favorable en primera instancia, volvieron a colocarle el nombre, sin embargo, la Superintendencia de Industria y Comercio los multo por m\u00e1s de $11 millones, dado que la WTCA habla solicitado como medida cautelar al inicio del proceso que se quitara dicho nombre.<\/p>\n<p>El dinero de la multa tuvo que cancelarse, por lo que el representante de la copropiedad ha evaluado adelantar acciones en contra de la WTCA. Por otra parte, desde la empresa estadounidense se intent\u00f3 llegar a un acuerdo con los implicados de Barranquilla, pero no se logr\u00f3.<\/p>\n<p>Los inversionistas norteamericanos que adquirieron la franquicia para Barranquilla ante la WTCA creyendo que estos eran los \u00fanicos titulares, perdieron su inversi\u00f3n, luego de que se diera por victoriosa a la copropiedad de Barranquilla, dado que no era viable construir otro edificio con el mismo nombre, estando ratificado que la edificaci\u00f3n de esta ciudad ten\u00eda derecho de conservarlo<\/p>\n<p>Finalmente, el edificio de la capital del Atl\u00e1ntico seguir\u00e1 conservando su nombre. El experto en leyes y conocedor del tema compar\u00f3 esta pelea a la copropiedad de la ciudad con David y al WTCA con Gollat, y agrego<\/p>\n<p>&#8220;El hecho importante es que una copropiedad debidamente organizada, pero provincial y modesta, pudo vencer a una multinacional de gran talla mundial como lo es World Trade Association Inc., con base en la ciudad de Nueva York, Estados Unidos, reserv\u00e1ndose el nombre para uno de los edificios m\u00e1s ic\u00f3nicos y recordados de la ciudad de Barranquilla.<\/p>\n<p>Tomado de: IMPACTO NEWS<\/p>","protected":false},"excerpt":{"rendered":"<p>&#8220;Esta fue una batalla entre el David de La Arenosa y el Goliat de Nueva York, WTCA&#8221;. El edificio World Trade Center en Barranquilla, ubicado en la calle 76 con carrera 54, recuper\u00f3 y volvi\u00f3 a colocar su nombre en la fachada este 2 de octubre, luego de superar un conflicto ante las instancias judiciales<\/p>","protected":false},"author":1,"featured_media":7966,"comment_status":"closed","ping_status":"closed","sticky":false,"template":"","format":"standard","meta":{"footnotes":""},"categories":[181],"tags":[],"class_list":["post-7965","post","type-post","status-publish","format-standard","has-post-thumbnail","hentry","category-noticias"],"views":4204,"_links":{"self":[{"href":"https:\/\/www.amchambaq.com\/en\/wp-json\/wp\/v2\/posts\/7965","targetHints":{"allow":["GET"]}}],"collection":[{"href":"https:\/\/www.amchambaq.com\/en\/wp-json\/wp\/v2\/posts"}],"about":[{"href":"https:\/\/www.amchambaq.com\/en\/wp-json\/wp\/v2\/types\/post"}],"author":[{"embeddable":true,"href":"https:\/\/www.amchambaq.com\/en\/wp-json\/wp\/v2\/users\/1"}],"replies":[{"embeddable":true,"href":"https:\/\/www.amchambaq.com\/en\/wp-json\/wp\/v2\/comments?post=7965"}],"version-history":[{"count":3,"href":"https:\/\/www.amchambaq.com\/en\/wp-json\/wp\/v2\/posts\/7965\/revisions"}],"predecessor-version":[{"id":12124,"href":"https:\/\/www.amchambaq.com\/en\/wp-json\/wp\/v2\/posts\/7965\/revisions\/12124"}],"wp:featuredmedia":[{"embeddable":true,"href":"https:\/\/www.amchambaq.com\/en\/wp-json\/wp\/v2\/media\/7966"}],"wp:attachment":[{"href":"https:\/\/www.amchambaq.com\/en\/wp-json\/wp\/v2\/media?parent=7965"}],"wp:term":[{"taxonomy":"category","embeddable":true,"href":"https:\/\/www.amchambaq.com\/en\/wp-json\/wp\/v2\/categories?post=7965"},{"taxonomy":"post_tag","embeddable":true,"href":"https:\/\/www.amchambaq.com\/en\/wp-json\/wp\/v2\/tags?post=7965"}],"curies":[{"name":"wp","href":"https:\/\/api.w.org\/{rel}","templated":true}]}}