{"id":7938,"date":"2021-10-01T08:38:17","date_gmt":"2021-10-01T13:38:17","guid":{"rendered":"https:\/\/www.amchambaq.com\/?p=7938"},"modified":"2021-10-01T08:38:17","modified_gmt":"2021-10-01T13:38:17","slug":"empresarios-firman-acuerdo-con-el-gobierno-para-fijar-protocolos-de-bioseguridad-en-los-dias-sin-iva-presidente-duque","status":"publish","type":"post","link":"https:\/\/www.amchambaq.com\/en\/empresarios-firman-acuerdo-con-el-gobierno-para-fijar-protocolos-de-bioseguridad-en-los-dias-sin-iva-presidente-duque\/","title":{"rendered":"Empresarios firman acuerdo con el Gobierno para fijar protocolos de bioseguridad en los d\u00edas sin IVA: Presidente Duque"},"content":{"rendered":"<p>l Presidente Iv\u00e1n Duque M\u00e1rquez inform\u00f3 este jueves que los empresarios del pa\u00eds firmaron un acuerdo con los Ministerios de Comercio y Salud para fijar protocolos de bioseguridad en los d\u00edas en los que los colombianos podr\u00e1n hacer sus compras sin el cobro del IVA.<\/p>\n<p>En la instalaci\u00f3n del Congreso Nacional de Comerciantes del gremio que los re\u00fane, Fenalco, el Mandatario expres\u00f3 que el comercio seguir\u00e1 siendo un aliado del pa\u00eds, tras efectuar un completo balance de sus m\u00e1s de tres a\u00f1os de Gobierno, entre ellos, la lucha contra la pandemia, la recuperaci\u00f3n del empleo y la econom\u00eda y la aprobaci\u00f3n de una reforma fiscal y social \u00fanica en Am\u00e9rica Latina y El Caribe.<\/p>\n<p>\u201cYa superamos los 40 millones de dosis aplicadas; ese debe ser el paradigma de la reactivaci\u00f3n segura y ha sido una gran responsabilidad de los empresarios el acuerdo con el Ministerio de Salud y el Ministerio de Comercio para todos los protocolos de bioseguridad, de cara a los 3 d\u00edas del IVA\u201d, indic\u00f3 el Jefe de Estado.<\/p>\n<p>Los d\u00edas sin IVA se celebrar\u00e1n los pr\u00f3ximos 28 de octubre, 19 de noviembre y 3 de diciembre en todo el pa\u00eds.<\/p>\n<h2>Al lado de los comerciantes<\/h2>\n<p>El Mandatario asegur\u00f3 que su Gobierno ha estado siempre del lado de los comerciantes y de los emprendedores privados y rechaz\u00f3 propuestas que apuntan a dirigir la econom\u00eda en decisiones sobre qu\u00e9 producir, en qu\u00e9 sectores y a qui\u00e9nes, sin dejar actuar a las fuerzas del mercado.<\/p>\n<p>\u201cComo Presidente, siempre estar\u00e9 a su lado, porque el comerciante es el emprendedor de Colombia. Seguir\u00e9 estando a su lado defendiendo la iniciativa privada con convicci\u00f3n\u201d, expres\u00f3 el Jefe de Estado.<\/p>\n<p>Durante su intervenci\u00f3n, explic\u00f3 que el pa\u00eds ha pasado por la m\u00e1s dura de las pruebas en su historia, la pandemia de covid-19, que, no obstante, sac\u00f3 lo mejor de los colombianos, su talante y habilidad para enfrentar los m\u00e1s duros problemas, sin perder el prop\u00f3sito principal de derrotar la pobreza y estimular el desempleo.<\/p>\n<p>Record\u00f3 que todas y cada una de las promesas que efectu\u00f3 en la campa\u00f1a presidencial han sido cumplidas, incluyendo una reforma fiscal que desmont\u00f3 la renta presuntiva, el descuento del 100% del IVA a los bienes de capital para las empresas y los 3 d\u00edas sin IVA.<\/p>\n<p>\u201cEl mensaje de fondo es que esas promesas se han cumplido, demostrando sus beneficios para la econom\u00eda\u201d, indic\u00f3, al recordar que en el 2019 el pa\u00eds se encamin\u00f3 a mostrar el mayor crecimiento econ\u00f3mico de Am\u00e9rica Latina, antes de recibir el fuerte impacto de la pandemia en el 2020<\/p>\n<h2>Crecimiento econ\u00f3mico<\/h2>\n<p>Afirm\u00f3 que \u201cesas reformas nos permitieron cerrar creciendo por encima del promedio mundial, regional y de la OCDE. En el 2019 nos permitieron cerrar con el menor d\u00e9ficit fiscal y con el primer super\u00e1vit fiscal primario, en adici\u00f3n a un aumento del recaudo del 10%\u201d.<\/p>\n<p>Afirm\u00f3 que la pandemia puso a trabajar al Gobierno en el dise\u00f1o del m\u00e1s grande sistema para atender a los m\u00e1s vulnerables, el cual lleg\u00f3 a m\u00e1s de 9 millones de colombianos con una transferencia econ\u00f3mica no condicionada y que se extender\u00e1 hasta diciembre del 2022.<\/p>\n<p>\u201cNunca antes, en ning\u00fan momento de adversidad en el pa\u00eds, se hab\u00eda tenido una respuesta social de ese talante y llegando de manera focalizada con inclusi\u00f3n financiera, gracias a la cual m\u00e1s de 30 millones de colombianos tienen al menos un producto financiero\u201d, precis\u00f3.<\/p>\n<p>De la misma forma, indic\u00f3 que nunca antes un Gobierno hab\u00eda aportado entre un 40 y 50% de un salario m\u00ednimo legal para proteger el empleo de 4 millones de colombianos, as\u00ed como tampoco se hab\u00edan autorizado giros extraordinarios para programas sociales como Familias en Acci\u00f3n y J\u00f3venes en Acci\u00f3n.<\/p>\n<p>\u201cHemos dado pasos para que, con esas pol\u00edticas, podamos proteger a millones de familias. Quiero decirles que, en medio de esa circunstancia, se articul\u00f3 integralmente al Estado, bajo una bandera amarillo, azul y rojo\u201d, dijo el Presidente Duque.<\/p>\n<h2>\u2018Materializadores de sue\u00f1os\u2019<\/h2>\n<p>Expres\u00f3 que no ve a los empresarios como enemigos, sino como \u201cmaterializadores de sue\u00f1os, que generan empleo y que cumplen una funci\u00f3n social crucial en el pa\u00eds\u201d.<\/p>\n<p>\u201cLanzamos \u2018Compromiso por Colombia\u2019 como agenda de reactivaci\u00f3n integral para acelerar las inversiones p\u00fablicas que nos permitieran crecer. El pa\u00eds logr\u00f3 ser el mayor en Am\u00e9rica Latina en ventas de vivienda y el de las mayores inversiones en infraestructura y en energ\u00edas renovables no convencionales\u201d, asever\u00f3.<\/p>\n<p>Resalt\u00f3 que el Gobierno no ha perdido el foco un solo d\u00eda, y trabaja sin dejarse distraer por la adversidad.<\/p>\n<p>\u201cNuestra pol\u00edtica es ejecutar para el beneficio de Colombia\u201d, puntualiz\u00f3, tras advertir que el pa\u00eds crecer\u00e1 por encima del 7% este a\u00f1o y que m\u00e1s de 75.000 j\u00f3venes ya hacen parte de la fuerza laboral, gracias al programa de Gobierno de subsidiar el 25% de la n\u00f3mina de las empresas que contrate personas entre 18 y 28 a\u00f1os.<\/p>\n<p>Puntualiz\u00f3 que con el apoyo de los gremios, incluido Fenalco, el Congreso aprob\u00f3 de manera avasalladora la reforma social y fiscal m\u00e1s importante del presente siglo, gracias a la cual, entre otras, se pondr\u00e1 en marcha la gratuidad en la educaci\u00f3n superior p\u00fablica para los estratos 1, 2 y 3 y el pago del ingreso solidario hasta diciembre del 2022.<\/p>","protected":false},"excerpt":{"rendered":"<p>l Presidente Iv\u00e1n Duque M\u00e1rquez inform\u00f3 este jueves que los empresarios del pa\u00eds firmaron un acuerdo con los Ministerios de Comercio y Salud para fijar protocolos de bioseguridad en los d\u00edas en los que los colombianos podr\u00e1n hacer sus compras sin el cobro del IVA. En la instalaci\u00f3n del Congreso Nacional de Comerciantes del gremio<\/p>","protected":false},"author":1,"featured_media":7939,"comment_status":"closed","ping_status":"closed","sticky":false,"template":"","format":"standard","meta":{"footnotes":""},"categories":[181],"tags":[],"class_list":["post-7938","post","type-post","status-publish","format-standard","has-post-thumbnail","hentry","category-noticias"],"views":88,"_links":{"self":[{"href":"https:\/\/www.amchambaq.com\/en\/wp-json\/wp\/v2\/posts\/7938","targetHints":{"allow":["GET"]}}],"collection":[{"href":"https:\/\/www.amchambaq.com\/en\/wp-json\/wp\/v2\/posts"}],"about":[{"href":"https:\/\/www.amchambaq.com\/en\/wp-json\/wp\/v2\/types\/post"}],"author":[{"embeddable":true,"href":"https:\/\/www.amchambaq.com\/en\/wp-json\/wp\/v2\/users\/1"}],"replies":[{"embeddable":true,"href":"https:\/\/www.amchambaq.com\/en\/wp-json\/wp\/v2\/comments?post=7938"}],"version-history":[{"count":1,"href":"https:\/\/www.amchambaq.com\/en\/wp-json\/wp\/v2\/posts\/7938\/revisions"}],"predecessor-version":[{"id":7940,"href":"https:\/\/www.amchambaq.com\/en\/wp-json\/wp\/v2\/posts\/7938\/revisions\/7940"}],"wp:featuredmedia":[{"embeddable":true,"href":"https:\/\/www.amchambaq.com\/en\/wp-json\/wp\/v2\/media\/7939"}],"wp:attachment":[{"href":"https:\/\/www.amchambaq.com\/en\/wp-json\/wp\/v2\/media?parent=7938"}],"wp:term":[{"taxonomy":"category","embeddable":true,"href":"https:\/\/www.amchambaq.com\/en\/wp-json\/wp\/v2\/categories?post=7938"},{"taxonomy":"post_tag","embeddable":true,"href":"https:\/\/www.amchambaq.com\/en\/wp-json\/wp\/v2\/tags?post=7938"}],"curies":[{"name":"wp","href":"https:\/\/api.w.org\/{rel}","templated":true}]}}