{"id":7872,"date":"2021-09-21T11:14:20","date_gmt":"2021-09-21T16:14:20","guid":{"rendered":"https:\/\/www.amchambaq.com\/?p=7872"},"modified":"2021-09-21T11:14:20","modified_gmt":"2021-09-21T16:14:20","slug":"el-presidente-duque-entregara-balance-a-las-calificadoras-de-riesgo-en-estados-unidos","status":"publish","type":"post","link":"https:\/\/www.amchambaq.com\/en\/el-presidente-duque-entregara-balance-a-las-calificadoras-de-riesgo-en-estados-unidos\/","title":{"rendered":"El presidente Duque entregar\u00e1 balance a las calificadoras de riesgo en Estados Unidos"},"content":{"rendered":"<p>El presidente de la Rep\u00fablica,\u00a0<u>Iv\u00e1n Duque<\/u>, adelantar\u00e1 hasta el pr\u00f3ximo jueves una visita oficial a Estados Unidos con el objetivo de atraer inversiones al pa\u00eds en medio ambiente, transici\u00f3n energ\u00e9tica, tecnolog\u00eda, innovaci\u00f3n, alimentos y bebidas, pero tambi\u00e9n para participar en la Asamblea General de la Organizaci\u00f3n de las Naciones Unidas, ONU, y para reunirse con las<u>\u00a0agencias calificadoras<\/u>\u00a0que recientemente le quitaron el grado de inversi\u00f3n a Colombia.<\/p>\n<p>El encuentro del primer mandatario con las agencias calificadoras de riesgo e inversionistas, se llevar\u00e1 a cabo el pr\u00f3ximo jueves en la sede de XP Investments, en Nueva York, y se abordar\u00e1n temas de importancia para Colombia.<\/p>\n<p>\u201cNuestra agenda estar\u00e1 basada en temas crediticios para pa\u00edses como el nuestro\u201d, asegur\u00f3 el jefe de Estado, Iv\u00e1n Duque.<\/p>\n<p>Al respecto, el ministro de Hacienda, Jos\u00e9 Manuel Restrepo, explic\u00f3 que el objetivo de la reuni\u00f3n de Duque con las agencias Fitch Ratings, <u>Standard &amp; Poor\u2019s<\/u>\u00a0y Moody\u2019s \u201ces contarles en qu\u00e9 estamos, c\u00f3mo avanzamos con el proyecto de Ley de Inversi\u00f3n Social, c\u00f3mo estamos en crecimiento econ\u00f3mico y qu\u00e9 estamos haciendo en el manejo de la cuenta corriente. Estamos en ello y esa es la finalidad\u201d.<\/p>\n<p>El encuentro en Estados Unidos de Duque con las firmas calificadoras toma importancia no solo por la p\u00e9rdida del grado de inversi\u00f3n sino tambi\u00e9n por las advertencias que han hecho recientemente sobre la reforma tributaria y la deuda del pa\u00eds.<\/p>\n<p>\u201cCon la reforma tributaria, es dif\u00edcil ver un escenario de Colombia volviendo a los niveles de deuda prepandemia. Esta reforma no resuelve los problemas estructurales, dado que cuenta con un sistema fiscal ineficiente. Creemos que en el mediano plazo Colombia llevar\u00e1 a cabo nuevas reformas que le permitan incrementar la competitividad\u201d, se\u00f1al\u00f3 recientemente Manuel Orozco Escudero, especialista para el Grupo de Calificaciones Soberanas y de Finanzas P\u00fablicas Internacionales en Standard &amp; Poor\u2019s.<\/p>\n<p>Para la directora ejecutiva de Amcham Colombia, Mar\u00eda Claudia Lacouture, \u201ces importante que el presidente Duque tenga estos encuentros y pueda explicar de primera mano las decisiones que ha tomado el Gobierno para hacerle frente a la crisis econ\u00f3mica. La reforma tributaria que reci\u00e9n entr\u00f3 en vigencia env\u00eda un mensaje adecuado pero el cambio en las calificaciones ser\u00e1, en parte, el resultado de la implementaci\u00f3n de la misma\u201d.<\/p>\n<p>Por su parte, para el ex ministro de Hacienda, Juan Camilo Restrepo, \u201cla recuperaci\u00f3n del grado de inversi\u00f3n no depende de unas reuniones bilaterales con esas agencias, si no de la calidad de la pol\u00edtica fiscal que se desarrolle de ahora en adelante. De hecho, algunas calificadoras han dicho que si bien la \u00faltima Ley que se aprob\u00f3 es \u00fatil en ese sentido, no es suficiente\u201d.<\/p>\n<p>Por otro lado, el presidente Iv\u00e1n Duque tambi\u00e9n adelantar\u00e1 encuentros con importantes empresarios con el objetivo de atraer m\u00e1s inversi\u00f3n al pa\u00eds.<\/p>\n<p>\u201cYa tuvimos la posibilidad de hablar con dos empresas que est\u00e1n muy interesadas en temas de energ\u00edas renovables en Colombia, otras que quieren crear en Colombia una cadena de valor agregada de combustibles limpios para el sector de la industria aeron\u00e1utica\u201d, coment\u00f3 Duque.<\/p>\n<p>Para Lacouture, \u201ctecnolog\u00eda, comunicaciones y, en general, lo que represente transferencia de conocimiento para que Colombia aumente su productividad y competitividad y que al mismo tiempo jalone el crecimiento de la industria son oportunidades que debemos aprovechar en la relaci\u00f3n con EE.UU.\u201d.<\/p>\n<p>El mandatario de los colombianos se reuni\u00f3 con el empresario Jeff Bezos, quien anunci\u00f3 su intenci\u00f3n de realizar una inversi\u00f3n de US$1.000 millones para combatir el cambio clim\u00e1tico en el pa\u00eds.<\/p>\n<p>\u201cNos expres\u00f3 el deseo de apoyar la causa de conservaci\u00f3n del patrimonio ambiental de Colombia\u201d, dijo Duque.<\/p>\n<p>El jefe de Estado tambi\u00e9n se reunir\u00e1 con otros mandatarios.<\/p>\n<p><strong>Presidente Iv\u00e1n Duque intervendr\u00e1 en la Asamblea General de la ONU<\/strong><\/p>\n<p>En la ma\u00f1ana de este martes el presidente Iv\u00e1n Duque intervendr\u00e1 en la Asamblea General de las Naciones Unidas. El jefe de Estado basar\u00e1 su discurso en la pandemia del coronavirus, el cambio clim\u00e1tico, migraciones y la protecci\u00f3n y defensa de la democracia. \u201cVamos estar en Naciones Unidas tambi\u00e9n teniendo reuniones con jefes de Estado, con el secretario Ant\u00f3nio Guterres, con autoridades de Estados Unidos y la idea es que salgamos con m\u00e1s compromisos de inversi\u00f3n para Colombia\u201d, dijo Duque.<\/p>","protected":false},"excerpt":{"rendered":"<p>El presidente de la Rep\u00fablica,\u00a0Iv\u00e1n Duque, adelantar\u00e1 hasta el pr\u00f3ximo jueves una visita oficial a Estados Unidos con el objetivo de atraer inversiones al pa\u00eds en medio ambiente, transici\u00f3n energ\u00e9tica, tecnolog\u00eda, innovaci\u00f3n, alimentos y bebidas, pero tambi\u00e9n para participar en la Asamblea General de la Organizaci\u00f3n de las Naciones Unidas, ONU, y para reunirse con<\/p>","protected":false},"author":1,"featured_media":7873,"comment_status":"closed","ping_status":"closed","sticky":false,"template":"","format":"standard","meta":{"footnotes":""},"categories":[181],"tags":[],"class_list":["post-7872","post","type-post","status-publish","format-standard","has-post-thumbnail","hentry","category-noticias"],"views":99,"_links":{"self":[{"href":"https:\/\/www.amchambaq.com\/en\/wp-json\/wp\/v2\/posts\/7872","targetHints":{"allow":["GET"]}}],"collection":[{"href":"https:\/\/www.amchambaq.com\/en\/wp-json\/wp\/v2\/posts"}],"about":[{"href":"https:\/\/www.amchambaq.com\/en\/wp-json\/wp\/v2\/types\/post"}],"author":[{"embeddable":true,"href":"https:\/\/www.amchambaq.com\/en\/wp-json\/wp\/v2\/users\/1"}],"replies":[{"embeddable":true,"href":"https:\/\/www.amchambaq.com\/en\/wp-json\/wp\/v2\/comments?post=7872"}],"version-history":[{"count":1,"href":"https:\/\/www.amchambaq.com\/en\/wp-json\/wp\/v2\/posts\/7872\/revisions"}],"predecessor-version":[{"id":7874,"href":"https:\/\/www.amchambaq.com\/en\/wp-json\/wp\/v2\/posts\/7872\/revisions\/7874"}],"wp:featuredmedia":[{"embeddable":true,"href":"https:\/\/www.amchambaq.com\/en\/wp-json\/wp\/v2\/media\/7873"}],"wp:attachment":[{"href":"https:\/\/www.amchambaq.com\/en\/wp-json\/wp\/v2\/media?parent=7872"}],"wp:term":[{"taxonomy":"category","embeddable":true,"href":"https:\/\/www.amchambaq.com\/en\/wp-json\/wp\/v2\/categories?post=7872"},{"taxonomy":"post_tag","embeddable":true,"href":"https:\/\/www.amchambaq.com\/en\/wp-json\/wp\/v2\/tags?post=7872"}],"curies":[{"name":"wp","href":"https:\/\/api.w.org\/{rel}","templated":true}]}}