{"id":7869,"date":"2021-09-21T11:11:29","date_gmt":"2021-09-21T16:11:29","guid":{"rendered":"https:\/\/www.amchambaq.com\/?p=7869"},"modified":"2021-09-21T11:11:29","modified_gmt":"2021-09-21T16:11:29","slug":"mincomercio-se-reunio-con-empresarios-de-ee-uu-para-atraer-mas-inversion-al-pais","status":"publish","type":"post","link":"https:\/\/www.amchambaq.com\/en\/mincomercio-se-reunio-con-empresarios-de-ee-uu-para-atraer-mas-inversion-al-pais\/","title":{"rendered":"MinComercio se reuni\u00f3 con empresarios de EE.UU. para atraer m\u00e1s inversi\u00f3n al pa\u00eds"},"content":{"rendered":"<p>En el marco de la vista oficial del presidente\u00a0<u>Iv\u00e1n Duque M\u00e1rque<\/u>z a Estados Unidos, la ministra de Comercio, Industria y Turismo, Mar\u00eda Ximena Lombana Villalba, adelant\u00f3 una serie de reuniones para estrechar la relaci\u00f3n comercial y de inversi\u00f3n en ese mercado, que es el principal destino de las exportaciones colombianas pues representa cerca del 29% de \u00e9stas.<\/p>\n<p>Durante su visita a Washington, la alta funcionaria se reuni\u00f3 con empresarios de sectores estrat\u00e9gicos como el agropecuario, alimentos, energ\u00edas limpias y servicios, quienes manifestaron su inter\u00e9s por invertir y hacer negocios en Colombia.<\/p>\n<p>\u201cEstados Unidos es nuestro principal socio comercial y ha sido nuestro primer pa\u00eds inversor; el a\u00f1o pasado la inversi\u00f3n de ese pa\u00eds en Colombia alcanz\u00f3 los US$1.952,3 millones y en el primer semestre de este a\u00f1o lleg\u00f3 a los US$804 millones. Queremos afianzar y fortalecer esta relaci\u00f3n, pues la mayor llegada de inversi\u00f3n se traduce en m\u00e1s empleos, transferencia de conocimiento y tecnolog\u00eda, todo lo cual suma a la reactivaci\u00f3n econ\u00f3mica segura en la que estamos avanzando\u201d dijo la ministra.<\/p>\n<p>Una de las primeras reuniones que sostuvo fue con representantes de Amazon, una de las empresas de comercio electr\u00f3nico y log\u00edstica m\u00e1s grandes del mundo, quienes expresaron su inter\u00e9s en ampliar su presencia en otras regiones de Colombia, lo que se traducir\u00eda en generaci\u00f3n de empleo.<\/p>\n<p>Igualmente, durante este encuentro se discuti\u00f3 sobre el potencial que tiene Colombia y la regi\u00f3n, para aumentar las ventas a trav\u00e9s de comercio electr\u00f3nico y las cadenas log\u00edsticas.<\/p>\n<p>La ministra Lombana Villalba tambi\u00e9n acompa\u00f1\u00f3 al presidente Duque en el encuentro que sostuvo con Frank Mars, empresario del sector de alimentos, quien mostr\u00f3 su inter\u00e9s por el cacao colombiano.<\/p>\n<p>Durante los encuentros, la alta funcionaria ratific\u00f3 el buen comportamiento que han tenido las exportaciones de bienes no minero energ\u00e9ticos hacia ese pa\u00eds, al que entre enero y julio se despacharon US$2.863 millones, un aumento del 19,6% frente a igual periodo del 2020, y de 13,5% con relaci\u00f3n a los 7 primeros meses del 2019.<\/p>\n<p>\u201cHay enormes oportunidades para diversificar nuestra canasta exportadora. Por ejemplo, aunque ya exportamos caf\u00e9, todav\u00eda hay mucho espacio para aumentar nuestras ventas del grano hacia ese mercado. Tenemos posibilidades tambi\u00e9n con la venta de partes para aviones, as\u00ed como en los sectores de confecciones, construcci\u00f3n y de metalmec\u00e1nica\u201d, explic\u00f3 la ministra.<\/p>\n<p>Adem\u00e1s, destac\u00f3 que el pa\u00eds tiene pendientes procesos de admisibilidad para las carnes bovina y porcina y para pasifloras, entre otros productos que cuentan con un potencial importante para vender en Estados Unidos.<\/p>\n<p>\u201cTrabajamos para aprovechar m\u00e1s el acuerdo comercial, un instrumento que ha impulsado la diversificaci\u00f3n, pues mientras que en 2012 el 15,6% de los bienes vendidos a Estados Unidos eran no minero energ\u00e9ticos, en el 2019 esa participaci\u00f3n aument\u00f3 al 37,2%. En 2020 fue del 47%\u201d puntualiz\u00f3 la ministra.<\/p>\n<p>Estados Unidos ha sido un gran aliado en materia comercial, de turismo y de inversi\u00f3n para Colombia. El prop\u00f3sito es mantener esa perspectiva, en momentos en que el pa\u00eds avanza en su proceso de reactivaci\u00f3n segura de la econom\u00eda.<\/p>\n<p>Tomado: LA REP\u00daBLICA<\/p>","protected":false},"excerpt":{"rendered":"<p>En el marco de la vista oficial del presidente\u00a0Iv\u00e1n Duque M\u00e1rquez a Estados Unidos, la ministra de Comercio, Industria y Turismo, Mar\u00eda Ximena Lombana Villalba, adelant\u00f3 una serie de reuniones para estrechar la relaci\u00f3n comercial y de inversi\u00f3n en ese mercado, que es el principal destino de las exportaciones colombianas pues representa cerca del 29%<\/p>","protected":false},"author":1,"featured_media":7870,"comment_status":"closed","ping_status":"closed","sticky":false,"template":"","format":"standard","meta":{"footnotes":""},"categories":[181],"tags":[],"class_list":["post-7869","post","type-post","status-publish","format-standard","has-post-thumbnail","hentry","category-noticias"],"views":78,"_links":{"self":[{"href":"https:\/\/www.amchambaq.com\/en\/wp-json\/wp\/v2\/posts\/7869","targetHints":{"allow":["GET"]}}],"collection":[{"href":"https:\/\/www.amchambaq.com\/en\/wp-json\/wp\/v2\/posts"}],"about":[{"href":"https:\/\/www.amchambaq.com\/en\/wp-json\/wp\/v2\/types\/post"}],"author":[{"embeddable":true,"href":"https:\/\/www.amchambaq.com\/en\/wp-json\/wp\/v2\/users\/1"}],"replies":[{"embeddable":true,"href":"https:\/\/www.amchambaq.com\/en\/wp-json\/wp\/v2\/comments?post=7869"}],"version-history":[{"count":1,"href":"https:\/\/www.amchambaq.com\/en\/wp-json\/wp\/v2\/posts\/7869\/revisions"}],"predecessor-version":[{"id":7871,"href":"https:\/\/www.amchambaq.com\/en\/wp-json\/wp\/v2\/posts\/7869\/revisions\/7871"}],"wp:featuredmedia":[{"embeddable":true,"href":"https:\/\/www.amchambaq.com\/en\/wp-json\/wp\/v2\/media\/7870"}],"wp:attachment":[{"href":"https:\/\/www.amchambaq.com\/en\/wp-json\/wp\/v2\/media?parent=7869"}],"wp:term":[{"taxonomy":"category","embeddable":true,"href":"https:\/\/www.amchambaq.com\/en\/wp-json\/wp\/v2\/categories?post=7869"},{"taxonomy":"post_tag","embeddable":true,"href":"https:\/\/www.amchambaq.com\/en\/wp-json\/wp\/v2\/tags?post=7869"}],"curies":[{"name":"wp","href":"https:\/\/api.w.org\/{rel}","templated":true}]}}