{"id":7851,"date":"2021-09-17T13:04:41","date_gmt":"2021-09-17T18:04:41","guid":{"rendered":"https:\/\/www.amchambaq.com\/?p=7851"},"modified":"2021-09-17T13:04:41","modified_gmt":"2021-09-17T18:04:41","slug":"en-julio-la-economia-colombiana-crecio-a-una-tasa-anual-de-143-segun-el-dane","status":"publish","type":"post","link":"https:\/\/www.amchambaq.com\/en\/en-julio-la-economia-colombiana-crecio-a-una-tasa-anual-de-143-segun-el-dane\/","title":{"rendered":"En julio la econom\u00eda colombiana creci\u00f3 a una tasa anual de 14,3%, seg\u00fan el Dane"},"content":{"rendered":"<p>El Departamento Administrativo Nacional de Estad\u00edstica (Dane) inform\u00f3 que en el mes de julio la econom\u00eda Colombia creci\u00f3 a un ritmo de 14,3%, luego de que en junio se registrara un alza de 14,5%.<\/p>\n<p>&#8220;Hemos visto unos meses de junio y julio con una importante din\u00e1mica de reactivaci\u00f3n, que se ha visto visibilizada tambi\u00e9n por una mejora parcial del mercado laboral&#8221;, asegur\u00f3 el director del Dane, Juan Daniel Oviedo.<\/p>\n<p>Los resultados del Dane son superiores a los que estimaban algunos analistas econ\u00f3micos, como el Banco de Bogot\u00e1 (13,7%) y Davivienda (13,9%) y Bancolombia (11,7%).<\/p>\n<p>Si se comparan los resultados de forma intermensual, la econom\u00eda registr\u00f3 una contracci\u00f3n de 3,2%.<\/p>\n<p>&#8220;En t\u00e9rminos agregados, en julio de 2021 el \u00edndice de actividad econ\u00f3mica nos muestra que la actividad econ\u00f3mica de julio de 2021 fue 2,95% superior que aquella que est\u00e1bamos viendo en febrero de 2020, como referente de prepandemia&#8221;, anot\u00f3 el director del Dane.<\/p>\n<p>Las actividades que m\u00e1s aportaron al crecimiento de la econom\u00eda en el s\u00e9ptimo mes del a\u00f1o fueron el comercio, transporte y alojamiento; las industrias manufactureras; y la administraci\u00f3n p\u00fablica, defensa, educaci\u00f3n y salud humana, que en conjunto aportaron 11,2 puntos porcentuales al resultado.<\/p>\n<p>Por ramas, las actividades terciarias aportaron 11,8 puntos porcentuales al resultado anual de julio, pues estas registraron un crecimiento de 16,8% anual. Mientras que si se revisa la variaci\u00f3n intermensual, entre junio y julio se registr\u00f3 un aumento de 2,4%.<\/p>\n<p>&#8220;Ese 16,8% corresponde, confidencialmente, a el doble de la contracci\u00f3n que vieron las actividades terciarias en julio de 2020, cuando su valor agregado observ\u00f3 una contracci\u00f3n anual de -8,4%&#8221;, dijo Oviedo.<\/p>\n<p>Luego estuvieron las actividades secundarias, que incluyen la industria manufacturera y la construcci\u00f3n, y que registraron un crecimiento intermensual de 4,1%, mientras que el crecimiento anual en estos sectores fue de 13,8%.<\/p>\n<p>&#8220;El crecimiento anual de las actividades secundarias en julio fue superior al que tuvimos en julio y, a su vez, ese 13,8% es relativamente similar, en positivo, a la contracci\u00f3n de .132% que hab\u00edamos observado de las actividades secundarias en el mes de julio de 2020&#8221;, explic\u00f3 el director del Dane.<\/p>\n<p>Por \u00faltimo, en el sector primario, que se compone de las actividades de agricultura y minas y canteras, se registr\u00f3 una tasa de crecimiento anual de 1,3% y una contracci\u00f3n intermensual de -0,3%.<\/p>\n<p>&#8220;El valor agregado que generaron las actividades primarias corresponden a 91% del mismo valor agregado comparable que sucedi\u00f3 en febrero de 2020. Eso nos lleva a concluir que son las actividades primarias las que tienen el rezago m\u00e1s importante en la senda de reactivaci\u00f3n de la econom\u00eda. Particularmente la explotaci\u00f3n de minas y canteras, donde el carb\u00f3n y la explotaci\u00f3n de petr\u00f3leo han tenido un contexto internacional adverso&#8221;, anot\u00f3 Oviedo.<\/p>\n<p>Tomado de: PORTAFOLIO<\/p>","protected":false},"excerpt":{"rendered":"<p>El Departamento Administrativo Nacional de Estad\u00edstica (Dane) inform\u00f3 que en el mes de julio la econom\u00eda Colombia creci\u00f3 a un ritmo de 14,3%, luego de que en junio se registrara un alza de 14,5%. &#8220;Hemos visto unos meses de junio y julio con una importante din\u00e1mica de reactivaci\u00f3n, que se ha visto visibilizada tambi\u00e9n por<\/p>","protected":false},"author":1,"featured_media":7852,"comment_status":"closed","ping_status":"closed","sticky":false,"template":"","format":"standard","meta":{"footnotes":""},"categories":[181],"tags":[],"class_list":["post-7851","post","type-post","status-publish","format-standard","has-post-thumbnail","hentry","category-noticias"],"views":139,"_links":{"self":[{"href":"https:\/\/www.amchambaq.com\/en\/wp-json\/wp\/v2\/posts\/7851","targetHints":{"allow":["GET"]}}],"collection":[{"href":"https:\/\/www.amchambaq.com\/en\/wp-json\/wp\/v2\/posts"}],"about":[{"href":"https:\/\/www.amchambaq.com\/en\/wp-json\/wp\/v2\/types\/post"}],"author":[{"embeddable":true,"href":"https:\/\/www.amchambaq.com\/en\/wp-json\/wp\/v2\/users\/1"}],"replies":[{"embeddable":true,"href":"https:\/\/www.amchambaq.com\/en\/wp-json\/wp\/v2\/comments?post=7851"}],"version-history":[{"count":1,"href":"https:\/\/www.amchambaq.com\/en\/wp-json\/wp\/v2\/posts\/7851\/revisions"}],"predecessor-version":[{"id":7853,"href":"https:\/\/www.amchambaq.com\/en\/wp-json\/wp\/v2\/posts\/7851\/revisions\/7853"}],"wp:featuredmedia":[{"embeddable":true,"href":"https:\/\/www.amchambaq.com\/en\/wp-json\/wp\/v2\/media\/7852"}],"wp:attachment":[{"href":"https:\/\/www.amchambaq.com\/en\/wp-json\/wp\/v2\/media?parent=7851"}],"wp:term":[{"taxonomy":"category","embeddable":true,"href":"https:\/\/www.amchambaq.com\/en\/wp-json\/wp\/v2\/categories?post=7851"},{"taxonomy":"post_tag","embeddable":true,"href":"https:\/\/www.amchambaq.com\/en\/wp-json\/wp\/v2\/tags?post=7851"}],"curies":[{"name":"wp","href":"https:\/\/api.w.org\/{rel}","templated":true}]}}