{"id":7848,"date":"2021-09-16T11:35:26","date_gmt":"2021-09-16T16:35:26","guid":{"rendered":"https:\/\/www.amchambaq.com\/?p=7848"},"modified":"2021-09-16T11:35:26","modified_gmt":"2021-09-16T16:35:26","slug":"empleadores-ven-un-mercado-laboral-mas-fuerte-para-el-cuarto-trimestre","status":"publish","type":"post","link":"https:\/\/www.amchambaq.com\/en\/empleadores-ven-un-mercado-laboral-mas-fuerte-para-el-cuarto-trimestre\/","title":{"rendered":"Empleadores ven un mercado laboral m\u00e1s fuerte para el cuarto trimestre"},"content":{"rendered":"<p>Los empleadores ven un mercado laboral m\u00e1s fortalecido para el cierre de 2021. As\u00ed lo indica el m\u00e1s reciente informe de ManpowerGroup,<b>\u00a0que indica que el sentimiento de contrataci\u00f3n es el m\u00e1s fuerte reportado en cinco a\u00f1os, y mejora as\u00ed 8 puntos porcentuales en comparaci\u00f3n con el trimestre anterior y en 25 puntos porcentuales en comparaci\u00f3n con este tiempo hace un a\u00f1o<\/b>.<\/p>\n<p><i>\u201cDespu\u00e9s de un 2020 d\u00e9bil en intenciones de contrataci\u00f3n, hoy enfrentamos un panorama alentador. Para el \u00faltimo trimestre de 2021 vemos los \u00edndices de expectativa de empleo m\u00e1s altos desde el inicio de la pandemia e incluso por encima de las intenciones de contrataci\u00f3n en a\u00f1os anteriores. La reactivaci\u00f3n acelerada de todos los sectores de la industria, especialmente la construcci\u00f3n y la manufactura, muestra una buena reactivaci\u00f3n del empleo colombiano, que tambi\u00e9n promete un buen comienzo para el 2022\u201d<\/i>, se\u00f1al\u00f3 Javier Echeverri, Country Manager Colombia.<\/p>\n<p>Los empleadores de las cinco regiones esperan aumentar las n\u00f3minas durante los pr\u00f3ximos tres meses, con los planes de contrataci\u00f3n m\u00e1s s\u00f3lidos reportados en la Orinoqu\u00eda, donde la Perspectiva Neta de Empleo es de + 21%.<\/p>\n<p>Por su parte, los empleadores del Pac\u00edfico esperan un ritmo de contrataci\u00f3n optimista, con una perspectiva de + 20%,\u00a0<b>mientras que las perspectivas se sit\u00faan en + 14% y + 12% en el Caribe y la regi\u00f3n andina, respectivamente.<\/b>\u00a0Mientras tanto, los empleadores de Amazon pronostican el mercado laboral m\u00e1s d\u00e9bil, con una perspectiva de + 6%.<\/p>\n<p>Las perspectivas de contrataci\u00f3n se fortalecen en ocho de los nueve sectores industriales en comparaci\u00f3n con el trimestre anterior<b>, incluido un fuerte aumento de 31 puntos porcentuales para el sector manufacturero.<br \/>\n<\/b><br \/>\nLos empleadores de las cuatro categor\u00edas de tama\u00f1o de organizaci\u00f3n esperan aumentar las n\u00f3minas durante el pr\u00f3ximo trimestre. Los grandes empleadores informan planes de contrataci\u00f3n s\u00f3lidos con una perspectiva neta de empleo de + 33%.<\/p>\n<p><b>EXPECTATIVAS GLOBALES<br \/>\n<\/b><br \/>\n\u25cf Los mercados laborales m\u00e1s fuertes en el pr\u00f3ximo trimestre se anticipan en los Estados Unidos, India, Holanda, Canad\u00e1, M\u00e9xico y Francia. Las intenciones de contrataci\u00f3n m\u00e1s d\u00e9biles se registran en Panam\u00e1, Sud\u00e1frica, Singapur, Croacia y Argentina.<\/p>\n<p>\u25cf Las expectativa de contrataci\u00f3n son m\u00e1s s\u00f3lidas en 31 de los 43 pa\u00edses y territorios en comparaci\u00f3n con el trimestre anterior, mientras que se debilitan en 10 y permanecen sin cambios en dos.<\/p>\n<p>\u25cf En comparaci\u00f3n con el mismo per\u00edodo del a\u00f1o pasado, el sentimiento de contrataci\u00f3n se fortalece en los 43 pa\u00edses y territorios. Se pronostican mejoras en la fuerza laboral para nueve de los 10 pa\u00edses de Am\u00e9rica durante el cuarto trimestre de 2021.<\/p>\n<p>\u25cf Las intenciones de contrataci\u00f3n se fortalecen en ocho pa\u00edses en comparaci\u00f3n con el tercer trimestre de 2021, mientras que se debilitan en uno. En comparaci\u00f3n con el a\u00f1o pasado en este momento, las posibilidades de contrataci\u00f3n se fortalecen en los 10 pa\u00edses de Am\u00e9rica. Las expectativas para los EE. UU. En el pr\u00f3ximo trimestre son las m\u00e1s s\u00f3lidas de los 43 pa\u00edses y territorios de la encuesta, y tambi\u00e9n se inform\u00f3 un sentimiento de contrataci\u00f3n brillante en Canad\u00e1 y M\u00e9xico. Los mercados laborales m\u00e1s d\u00e9biles de la regi\u00f3n se esperan en Panam\u00e1 y Argentina.<\/p>\n<p>Tomado de: PORTAFOLIO<\/p>","protected":false},"excerpt":{"rendered":"<p>Los empleadores ven un mercado laboral m\u00e1s fortalecido para el cierre de 2021. As\u00ed lo indica el m\u00e1s reciente informe de ManpowerGroup,\u00a0que indica que el sentimiento de contrataci\u00f3n es el m\u00e1s fuerte reportado en cinco a\u00f1os, y mejora as\u00ed 8 puntos porcentuales en comparaci\u00f3n con el trimestre anterior y en 25 puntos porcentuales en comparaci\u00f3n<\/p>","protected":false},"author":1,"featured_media":7849,"comment_status":"closed","ping_status":"closed","sticky":false,"template":"","format":"standard","meta":{"footnotes":""},"categories":[181],"tags":[],"class_list":["post-7848","post","type-post","status-publish","format-standard","has-post-thumbnail","hentry","category-noticias"],"views":243,"_links":{"self":[{"href":"https:\/\/www.amchambaq.com\/en\/wp-json\/wp\/v2\/posts\/7848","targetHints":{"allow":["GET"]}}],"collection":[{"href":"https:\/\/www.amchambaq.com\/en\/wp-json\/wp\/v2\/posts"}],"about":[{"href":"https:\/\/www.amchambaq.com\/en\/wp-json\/wp\/v2\/types\/post"}],"author":[{"embeddable":true,"href":"https:\/\/www.amchambaq.com\/en\/wp-json\/wp\/v2\/users\/1"}],"replies":[{"embeddable":true,"href":"https:\/\/www.amchambaq.com\/en\/wp-json\/wp\/v2\/comments?post=7848"}],"version-history":[{"count":1,"href":"https:\/\/www.amchambaq.com\/en\/wp-json\/wp\/v2\/posts\/7848\/revisions"}],"predecessor-version":[{"id":7850,"href":"https:\/\/www.amchambaq.com\/en\/wp-json\/wp\/v2\/posts\/7848\/revisions\/7850"}],"wp:featuredmedia":[{"embeddable":true,"href":"https:\/\/www.amchambaq.com\/en\/wp-json\/wp\/v2\/media\/7849"}],"wp:attachment":[{"href":"https:\/\/www.amchambaq.com\/en\/wp-json\/wp\/v2\/media?parent=7848"}],"wp:term":[{"taxonomy":"category","embeddable":true,"href":"https:\/\/www.amchambaq.com\/en\/wp-json\/wp\/v2\/categories?post=7848"},{"taxonomy":"post_tag","embeddable":true,"href":"https:\/\/www.amchambaq.com\/en\/wp-json\/wp\/v2\/tags?post=7848"}],"curies":[{"name":"wp","href":"https:\/\/api.w.org\/{rel}","templated":true}]}}