{"id":7845,"date":"2021-09-16T11:26:23","date_gmt":"2021-09-16T16:26:23","guid":{"rendered":"https:\/\/www.amchambaq.com\/?p=7845"},"modified":"2021-09-16T11:26:23","modified_gmt":"2021-09-16T16:26:23","slug":"la-confianza-empresarial-alcanzo-su-nivel-mas-alto-desde-que-comenzo-la-pandemia","status":"publish","type":"post","link":"https:\/\/www.amchambaq.com\/en\/la-confianza-empresarial-alcanzo-su-nivel-mas-alto-desde-que-comenzo-la-pandemia\/","title":{"rendered":"La confianza empresarial alcanz\u00f3 su nivel m\u00e1s alto desde que comenz\u00f3 la pandemia"},"content":{"rendered":"<p>Los indicadores econ\u00f3micos empiezan a mostrar expectativas positivas frente a la reactivaci\u00f3n. De hecho, la \u00faltima Encuesta de Pulso Empresarial del Dane evidenci\u00f3 que, en agosto,<u>\u00a0la confianza de los empresarios<\/u>\u00a0lleg\u00f3 a su nivel m\u00e1s alto desde el inicio de la pandemia, pues se ubic\u00f3 en 61,3.<\/p>\n<p>De acuerdo con el director de la entidad, Juan Daniel Oviedo, este resultado muestra que las percepciones de los empresarios est\u00e1n pasando de la estabilidad al optimismo.<\/p>\n<p>\u201cSe encuentra por encima de 50, lo cual confirma que las percepciones y las expectativas de los empresarios formales del pa\u00eds, del sector manufacturero comercio, servicios y construcci\u00f3n, est\u00e1n pasando de la estabilidad al optimismo\u201d, dijo Oviedo.<\/p>\n<p>Al desagregar los resultados en las cuatro ramas de actividad, se evidencia que el nivel de confianza m\u00e1s alto lo tienen los empresarios del sector de comercio, tanto minorista como mayorista, con un resultado de 61,9 puntos.<\/p>\n<p>Seguido est\u00e1n los empresarios de los sector manufacturero, cuyo indicador se ubic\u00f3 en 61,6; del sector de servicios (61,2 puntos); y del sector construcci\u00f3n (57,7 puntos).<\/p>\n<p>La encuesta tambi\u00e9n arroj\u00f3 que los empresarios han percibido una mejora en la situaci\u00f3n econ\u00f3mica de su empresa comparada con la de hace doce meses, pues el indicador se ubic\u00f3 en 60,68 puntos, mientras que hay mejores expectativas hacia el futuro.<\/p>\n<p>\u201cEl hecho de que la calificaci\u00f3n sea superior a la del pasado, lo que nos muestra es que hay unas expectativas de mejora en los pr\u00f3ximos 12 meses en la situaci\u00f3n econ\u00f3mica de las empresas\u201d, dijo Oviedo.<\/p>\n<p>De acuerdo con algunos expertos consultados por LR, los resultados en la confianza empresarial y las mayores expectativas hacia el futuro est\u00e1n relacionadas con la reactivaci\u00f3n de la econom\u00eda, luego de los efectos del paro nacional y de la disminuci\u00f3n de los contagios por covid-19.<\/p>\n<p>\u201cSe empieza a consolidar la reapertura de la econom\u00eda en los diferentes sectores en los que no hab\u00eda sido posible en el segundo trimestre del a\u00f1o, ya en el mes de julio y particularmente en agosto, vimos que varios sectores entran en funcionamiento. Que se moderen los casos covid, es uno de los argumentos que fortalecen las expectativas desde el punto de vista de la confianza\u201d, dijo Carolina Monz\u00f3n, jefe de an\u00e1lisis econ\u00f3mico de Ita\u00fa.<\/p>\n<p>De hecho, los<u>\u00a0indicadores del sector de la industria manufacturera<\/u>\u00a0empiezan a evidenciar los efectos de la reactivaci\u00f3n. Seg\u00fan \u00faltimas cifras del Dane, en julio la producci\u00f3n real manufacturera creci\u00f3 20,1% frente al mismo mes del a\u00f1o pasado; mientras que las ventas reales aumentaron 20,8% y el personal ocupado creci\u00f3 a una tasa de 5%.<\/p>\n<p>Por actividades econ\u00f3micas, las que m\u00e1s aportaron a los resultados anuales fueron las de elaboraci\u00f3n de bebidas; refinaci\u00f3n de petr\u00f3leo; fabricaci\u00f3n de papel y cart\u00f3n; y la confecci\u00f3n de prendas de vestir, con alzas de 24,2%, 23%, 34,7% y 44,8% respectivamente.<\/p>\n<p>A pesar del crecimiento en la producci\u00f3n, se evidencia una brecha en el aumento del personal ocupado. Iv\u00e1n Jaramillo, investigador del Observatorio Laboral de la Universidad del Rosario, explic\u00f3 que esto se debe al cambio en los procesos.<\/p>\n<p>\u201cHay una redistribuci\u00f3n y un afianzamiento de procesos frente al panorama anterior que termina sacrificando algunos empleos. Adem\u00e1s, en el tr\u00e1nsito a los procesos de robotizaci\u00f3n y automatizaci\u00f3n, en el modelo productivo, hay un sacrificio de puestos evidente\u201d, dijo Jaramillo.<\/p>\n<div class=\"news economiaSect\">\n<div class=\"html-content\">\n<p>Por ello, en un contexto de tensi\u00f3n social, la reactivaci\u00f3n del empleo sigue siendo un reto para el pa\u00eds.<\/p>\n<p><strong>Cauca y C\u00f3rdoba, donde cay\u00f3 la producci\u00f3n<\/strong><\/p>\n<p>Seg\u00fan los resultados de la Encuesta Mensual Manufacturera del Dane, Cauca y C\u00f3rdoba fueron los \u00fanicos departamentos en los que cay\u00f3 la producci\u00f3n real manufacturera entre enero y julio de este a\u00f1o, frente al mismo periodo de 2020, pues all\u00ed se registraron contracciones de 2,1% y 5,5% respectivamente.<\/p>\n<p>\u201cEn el caso del departamento del Cauca, lo que vemos es el efecto dr\u00e1stico que gener\u00f3 el paro nacional en el mes de mayo sobre la producci\u00f3n de dominios manufactureros muy importantes, como son la fabricaci\u00f3n de papel, la fabricaci\u00f3n de alimentos y la elaboraci\u00f3n de az\u00facar\u201d, anot\u00f3 Oviedo.<\/p>\n<\/div>\n<\/div>\n<div class=\"mt-5\">Tomado de: LA REP\u00daBLICA<\/div>","protected":false},"excerpt":{"rendered":"<p>Los indicadores econ\u00f3micos empiezan a mostrar expectativas positivas frente a la reactivaci\u00f3n. De hecho, la \u00faltima Encuesta de Pulso Empresarial del Dane evidenci\u00f3 que, en agosto,\u00a0la confianza de los empresarios\u00a0lleg\u00f3 a su nivel m\u00e1s alto desde el inicio de la pandemia, pues se ubic\u00f3 en 61,3. De acuerdo con el director de la entidad, Juan<\/p>","protected":false},"author":1,"featured_media":7846,"comment_status":"closed","ping_status":"closed","sticky":false,"template":"","format":"standard","meta":{"footnotes":""},"categories":[181],"tags":[],"class_list":["post-7845","post","type-post","status-publish","format-standard","has-post-thumbnail","hentry","category-noticias"],"views":129,"_links":{"self":[{"href":"https:\/\/www.amchambaq.com\/en\/wp-json\/wp\/v2\/posts\/7845","targetHints":{"allow":["GET"]}}],"collection":[{"href":"https:\/\/www.amchambaq.com\/en\/wp-json\/wp\/v2\/posts"}],"about":[{"href":"https:\/\/www.amchambaq.com\/en\/wp-json\/wp\/v2\/types\/post"}],"author":[{"embeddable":true,"href":"https:\/\/www.amchambaq.com\/en\/wp-json\/wp\/v2\/users\/1"}],"replies":[{"embeddable":true,"href":"https:\/\/www.amchambaq.com\/en\/wp-json\/wp\/v2\/comments?post=7845"}],"version-history":[{"count":1,"href":"https:\/\/www.amchambaq.com\/en\/wp-json\/wp\/v2\/posts\/7845\/revisions"}],"predecessor-version":[{"id":7847,"href":"https:\/\/www.amchambaq.com\/en\/wp-json\/wp\/v2\/posts\/7845\/revisions\/7847"}],"wp:featuredmedia":[{"embeddable":true,"href":"https:\/\/www.amchambaq.com\/en\/wp-json\/wp\/v2\/media\/7846"}],"wp:attachment":[{"href":"https:\/\/www.amchambaq.com\/en\/wp-json\/wp\/v2\/media?parent=7845"}],"wp:term":[{"taxonomy":"category","embeddable":true,"href":"https:\/\/www.amchambaq.com\/en\/wp-json\/wp\/v2\/categories?post=7845"},{"taxonomy":"post_tag","embeddable":true,"href":"https:\/\/www.amchambaq.com\/en\/wp-json\/wp\/v2\/tags?post=7845"}],"curies":[{"name":"wp","href":"https:\/\/api.w.org\/{rel}","templated":true}]}}