{"id":7824,"date":"2021-09-13T14:15:24","date_gmt":"2021-09-13T19:15:24","guid":{"rendered":"https:\/\/www.amchambaq.com\/?p=7824"},"modified":"2021-09-13T14:15:24","modified_gmt":"2021-09-13T19:15:24","slug":"los-tres-dias-sin-iva-de-este-ano-se-llevarian-a-cabo-entre-octubre-y-noviembre","status":"publish","type":"post","link":"https:\/\/www.amchambaq.com\/en\/los-tres-dias-sin-iva-de-este-ano-se-llevarian-a-cabo-entre-octubre-y-noviembre\/","title":{"rendered":"Los tres d\u00edas sin IVA de este a\u00f1o se llevar\u00edan a cabo entre octubre y noviembre"},"content":{"rendered":"<p>Uno de los puntos que incluye la <u>Ley de Inversi\u00f3n Social<\/u>, que ya fue aprobada por el Congreso, es el de continuar implementando tres jornadas de d\u00eda sin IVA al a\u00f1o.<\/p>\n<p>Aunque a\u00fan no hay una fecha exacta, el Ministro de Hacienda, Jos\u00e9 Manuel Restrepo, confirm\u00f3 que las tres jornadas de 2021 se llevar\u00e1n a cabo entre octubre y noviembre.<\/p>\n<p>Se espera que se publique el borrador de decreto de estos tres d\u00edas sin IVA luego de que el presidente Iv\u00e1n Duque sancione la Ley de Inversi\u00f3n Social.<\/p>\n<p>&#8220;Una vez el presidente de la Rep\u00fablica sancione este proyecto de ley, tendremos que presentarle tambi\u00e9n a Colombia el decreto reglamentario, por parte de la Dian, de la realizaci\u00f3n de esos d\u00edas sin IVA en Colombia. (&#8230;) As\u00ed que, tan pronto tengamos la sanci\u00f3n, presentaremos el borrador de decreto, que tiene que ser consultado p\u00fablicamente para poder implementar los tres d\u00edas sin IVA en Colombia este a\u00f1o.&#8221;, dijo el jefe de la Cartera.<\/p>\n<p>Cabe mencionar que, dentro de la reforma, se ampli\u00f3 el n\u00famero de bienes que har\u00e1n parte de la jornada y se incluyeron las compras en efectivo. Restrepo asegur\u00f3 que estas medidas no solo activan el comercio, sino que tambi\u00e9n apoyan a otras industrias.<\/p>\n<p>&#8220;Aspiramos a que se puedan desarrollar en los meses de octubre y noviembre, especialmente con el prop\u00f3sito de activar, primero el comercio, pero cuando uno activa comercio, activa la industria y activa los servicios&#8221;, dijo Restrepo.<\/p>","protected":false},"excerpt":{"rendered":"<p>Uno de los puntos que incluye la Ley de Inversi\u00f3n Social, que ya fue aprobada por el Congreso, es el de continuar implementando tres jornadas de d\u00eda sin IVA al a\u00f1o. Aunque a\u00fan no hay una fecha exacta, el Ministro de Hacienda, Jos\u00e9 Manuel Restrepo, confirm\u00f3 que las tres jornadas de 2021 se llevar\u00e1n a<\/p>","protected":false},"author":1,"featured_media":7825,"comment_status":"closed","ping_status":"closed","sticky":false,"template":"","format":"standard","meta":{"footnotes":""},"categories":[181],"tags":[],"class_list":["post-7824","post","type-post","status-publish","format-standard","has-post-thumbnail","hentry","category-noticias"],"views":163,"_links":{"self":[{"href":"https:\/\/www.amchambaq.com\/en\/wp-json\/wp\/v2\/posts\/7824","targetHints":{"allow":["GET"]}}],"collection":[{"href":"https:\/\/www.amchambaq.com\/en\/wp-json\/wp\/v2\/posts"}],"about":[{"href":"https:\/\/www.amchambaq.com\/en\/wp-json\/wp\/v2\/types\/post"}],"author":[{"embeddable":true,"href":"https:\/\/www.amchambaq.com\/en\/wp-json\/wp\/v2\/users\/1"}],"replies":[{"embeddable":true,"href":"https:\/\/www.amchambaq.com\/en\/wp-json\/wp\/v2\/comments?post=7824"}],"version-history":[{"count":1,"href":"https:\/\/www.amchambaq.com\/en\/wp-json\/wp\/v2\/posts\/7824\/revisions"}],"predecessor-version":[{"id":7826,"href":"https:\/\/www.amchambaq.com\/en\/wp-json\/wp\/v2\/posts\/7824\/revisions\/7826"}],"wp:featuredmedia":[{"embeddable":true,"href":"https:\/\/www.amchambaq.com\/en\/wp-json\/wp\/v2\/media\/7825"}],"wp:attachment":[{"href":"https:\/\/www.amchambaq.com\/en\/wp-json\/wp\/v2\/media?parent=7824"}],"wp:term":[{"taxonomy":"category","embeddable":true,"href":"https:\/\/www.amchambaq.com\/en\/wp-json\/wp\/v2\/categories?post=7824"},{"taxonomy":"post_tag","embeddable":true,"href":"https:\/\/www.amchambaq.com\/en\/wp-json\/wp\/v2\/tags?post=7824"}],"curies":[{"name":"wp","href":"https:\/\/api.w.org\/{rel}","templated":true}]}}