{"id":7801,"date":"2021-09-09T08:32:02","date_gmt":"2021-09-09T13:32:02","guid":{"rendered":"https:\/\/www.amchambaq.com\/?p=7801"},"modified":"2021-09-09T08:32:02","modified_gmt":"2021-09-09T13:32:02","slug":"conozca-los-puntos-de-recaudo-que-incluye-el-proyecto-de-ley-de-inversion-social","status":"publish","type":"post","link":"https:\/\/www.amchambaq.com\/en\/conozca-los-puntos-de-recaudo-que-incluye-el-proyecto-de-ley-de-inversion-social\/","title":{"rendered":"Conozca los puntos de recaudo que incluye el proyecto de ley de inversi\u00f3n social"},"content":{"rendered":"<p>Luego de m\u00e1s de 10 horas de debate, el Senado y la C\u00e1mara de Representantes le dieron el visto bueno a la que ser\u00e1 la reforma tributaria n\u00famero 13 de este siglo. As\u00ed, el articulado ya<u>\u00a0pas\u00f3 a conciliaci\u00f3n<\/u>\u00a0para que el documento final acoja lo votado tanto en el Senado como en la C\u00e1mara y que luego pase a sanci\u00f3n presidencial.<\/p>\n<p>En esta ocasi\u00f3n, el proyecto de ley busca recaudar $15,2 billones a trav\u00e9s de medidas permanentes; y cerca de $2,7 billones con fuentes transitorias, con lo que el monto alcanzar\u00eda a superar los $17 billones.<\/p>\n<p>Uno de los ejes del recaudo es la \u2018solidaridad empresarial\u2019, por lo que cerca de $6,7 billones se lograr\u00e1n aumentando la tarifa de renta corporativa a 35% a partir del a\u00f1o gravable 2022 (lo que significa que se empezar\u00eda a pagar desde 2023). Mientras que otros $392.000 millones se recaudar\u00e1n con una sobretasa de tres puntos porcentuales al sector financiero, aplicables en los a\u00f1os gravables que van de 2022 a 2025.<\/p>\n<p>\u201cEs una reforma costosa y ser\u00e1 dif\u00edcil para las compa\u00f1\u00edas, pero somos conscientes de que esta era la \u00fanica alternativa que ten\u00edamos como pa\u00eds para estabilizar las finanzas p\u00fablicas; y las empresas asumimos esa responsabilidad\u201d, dijo Bruce Mac Master, presidente de la Andi.<\/p>\n<p>No obstante, tal como lo pidieron algunos congresistas, el articulado de la reforma incluy\u00f3 una medida para ampliar el R\u00e9gimen Simple de Tributaci\u00f3n, para que las micro, peque\u00f1as y medianas empresas no se vean afectadas con esta tarifa plana de 35%.<\/p>\n<p>\u201cM\u00e1s peque\u00f1os negocios van a poder ingresar al R\u00e9gimen Simple, los que tengan ingresos hasta $3.600 millones en el a\u00f1o\u201d, dijo el representante Christian Garc\u00e9s.<\/p>\n<p>Otra de las fuentes de recaudo es la de mantener en 50% el descuento del ICA, con lo que se lograr\u00e1 un monto de $3,9 billones.<\/p>\n<p>La reforma tiene todo un cap\u00edtulo de lucha contra la evasi\u00f3n, que incluye medidas como las de facturaci\u00f3n del impuesto de renta y el intercambio de informaci\u00f3n, con las que se recaudar\u00eda un total de $2,7 billones. Mientras que con un plan de austeridad y eficiencia en el gasto p\u00fablico se lograr\u00eda una suma de $1,9 billones.<\/p>\n<p>Otras medidas de recaudo incluyen facilidades de pago en medidas tributarias ($1,6 billones), as\u00ed como los mecanismos para facilitar la administraci\u00f3n y movilizaci\u00f3n de bienes incautados por la Sociedad de Activos Especiales (SAE), una propuesta con la que se tiene el potencial de llegar hasta a $1,4 billones en activos inmobiliarios, y $2,4 billones en sociedades de comercializaci\u00f3n.<\/p>\n<p>Por otro lado, en las propuestas de gasto social, una de las que destaca es la de ampliar el programa de Ingreso Solidario, que ahora llegar\u00e1 a 4,1 millones de hogares con una transferencia de $160.000; y que tendr\u00e1 un enfoque de g\u00e9nero. Adem\u00e1s, en el art\u00edculo 39 de la reforma se estableci\u00f3 que el monto del subsidio Colombia Mayor se deber\u00e1 aumentar gradualmente hasta alcanzar un monto equivalente a la l\u00ednea de pobreza extrema.<\/p>\n<p>El proyecto de ley tambi\u00e9n incluy\u00f3 un incentivo para la creaci\u00f3n de nuevos empleos, que permitir\u00e1 financiar una parte de los costos laborales de m\u00e1s de 500.000 j\u00f3venes y de m\u00e1s de 250.00 ciudadanos que tengan ingresos de hasta tres salarios m\u00ednimos.<\/p>\n<p>En cuanto a las medidas de reactivaci\u00f3n, bajo el<u>\u00a0art\u00edculo<\/u>\u00a021 se ampli\u00f3 la vigencia del Paef hasta diciembre de 2021. As\u00ed mismo, con el art\u00edculo 26 se estableci\u00f3 una medida para apoyar a las empresas que se vieron afectadas por el paro, a trav\u00e9s de ayudas de 20% de las obligaciones laborales de los meses de mayo y junio de 2021.<\/p>\n<p>\u201cHaber complementado el proyecto con subsidios que permitan la supervivencia de las empresas afectadas por el paro estimular\u00e1 el reemprendimiento y la generaci\u00f3n de empleo para quienes lo han perdido todo\u201d, anot\u00f3 Jaime Alberto Cabal, presidente de Fenalco.<\/p>\n<p>Tambi\u00e9n se crearon medidas de apoyo a los sectores de industria y comercio; y a las empresas que est\u00e1n en el R\u00e9gimen Simple y que se dedican al expendio de comidas y bebidas.<\/p>\n<p>Otros ganadores del proyecto son las entidades territoriales, que tendr\u00e1n acceso a mayores recursos y apoyos mediante la flexibilizaci\u00f3n de los par\u00e1metros de endeudamiento, el uso de recursos de destinaci\u00f3n espec\u00edfica, herramientas para facilitar el uso de regal\u00edas, la cofinanciaci\u00f3n de la Naci\u00f3n, entre otras. Adem\u00e1s, se ampliar\u00e1 el mecanismo de obras por impuestos.<\/p>\n<p><strong>El proyecto de ley beneficiar\u00e1 a m\u00e1s de 29 millones de personas<\/strong><\/p>\n<p>Seg\u00fan el Ministerio de Hacienda, esta reforma crea la red de atenci\u00f3n social m\u00e1s grande de la historia, pues beneficia a 29 millones de personas, es decir, a tres de cada cinco colombianos.<\/p>\n<p>\u201cEsta ley de inversi\u00f3n social ha recorrido un importante y largo camino, pasar\u00e1 a la historia como un proyecto ampliamente consensuado y que responder\u00e1 a las necesidades urgentes que acarre\u00f3 la pandemia, a la vez que generamos recursos permanentes\u201d, dijo el ministro Jos\u00e9 Manuel Restrepo.<\/p>\n<p>Tomado de: LA REP\u00daBLICA<\/p>","protected":false},"excerpt":{"rendered":"<p>Luego de m\u00e1s de 10 horas de debate, el Senado y la C\u00e1mara de Representantes le dieron el visto bueno a la que ser\u00e1 la reforma tributaria n\u00famero 13 de este siglo. As\u00ed, el articulado ya\u00a0pas\u00f3 a conciliaci\u00f3n\u00a0para que el documento final acoja lo votado tanto en el Senado como en la C\u00e1mara y que<\/p>","protected":false},"author":1,"featured_media":7802,"comment_status":"closed","ping_status":"closed","sticky":false,"template":"","format":"standard","meta":{"footnotes":""},"categories":[181],"tags":[],"class_list":["post-7801","post","type-post","status-publish","format-standard","has-post-thumbnail","hentry","category-noticias"],"views":174,"_links":{"self":[{"href":"https:\/\/www.amchambaq.com\/en\/wp-json\/wp\/v2\/posts\/7801","targetHints":{"allow":["GET"]}}],"collection":[{"href":"https:\/\/www.amchambaq.com\/en\/wp-json\/wp\/v2\/posts"}],"about":[{"href":"https:\/\/www.amchambaq.com\/en\/wp-json\/wp\/v2\/types\/post"}],"author":[{"embeddable":true,"href":"https:\/\/www.amchambaq.com\/en\/wp-json\/wp\/v2\/users\/1"}],"replies":[{"embeddable":true,"href":"https:\/\/www.amchambaq.com\/en\/wp-json\/wp\/v2\/comments?post=7801"}],"version-history":[{"count":1,"href":"https:\/\/www.amchambaq.com\/en\/wp-json\/wp\/v2\/posts\/7801\/revisions"}],"predecessor-version":[{"id":7803,"href":"https:\/\/www.amchambaq.com\/en\/wp-json\/wp\/v2\/posts\/7801\/revisions\/7803"}],"wp:featuredmedia":[{"embeddable":true,"href":"https:\/\/www.amchambaq.com\/en\/wp-json\/wp\/v2\/media\/7802"}],"wp:attachment":[{"href":"https:\/\/www.amchambaq.com\/en\/wp-json\/wp\/v2\/media?parent=7801"}],"wp:term":[{"taxonomy":"category","embeddable":true,"href":"https:\/\/www.amchambaq.com\/en\/wp-json\/wp\/v2\/categories?post=7801"},{"taxonomy":"post_tag","embeddable":true,"href":"https:\/\/www.amchambaq.com\/en\/wp-json\/wp\/v2\/tags?post=7801"}],"curies":[{"name":"wp","href":"https:\/\/api.w.org\/{rel}","templated":true}]}}