{"id":7797,"date":"2021-09-09T08:28:47","date_gmt":"2021-09-09T13:28:47","guid":{"rendered":"https:\/\/www.amchambaq.com\/?p=7797"},"modified":"2021-09-09T08:29:26","modified_gmt":"2021-09-09T13:29:26","slug":"el-presidente-joe-biden-tiene-la-oportunidad-de-remodelar-la-reserva-federal","status":"publish","type":"post","link":"https:\/\/www.amchambaq.com\/en\/el-presidente-joe-biden-tiene-la-oportunidad-de-remodelar-la-reserva-federal\/","title":{"rendered":"El presidente Joe Biden tiene la oportunidad de remodelar la Reserva Federal"},"content":{"rendered":"<p>El presidente Joe Biden tiene la oportunidad este oto\u00f1o de remodelar la Reserva Federal, lo que podr\u00eda marcar el comienzo de una era en la que la junta de gobierno del banco central de EE. UU. Tendr\u00e1 m\u00e1s mujeres y personas de color y quienes pondr\u00edan m\u00e1s peso en la reducci\u00f3n de la desigualdad econ\u00f3mica.<\/p>\n<p>Los miembros de la junta de la Fed enfrentan el desaf\u00edo continuo de reparar la econom\u00eda estadounidense del da\u00f1o causado por la pandemia de coronavirus. Se les asignar\u00e1 la tarea de decidir cu\u00e1ndo retirar el apoyo para la recuperaci\u00f3n y cu\u00e1ndo aumentar las tasas de inter\u00e9s desde los niveles m\u00e1s bajos que han impulsado un auge inmobiliario y enviado a las acciones a niveles r\u00e9cord desde el a\u00f1o pasado.<\/p>\n<p>os dem\u00f3cratas progresistas instan a la administraci\u00f3n de Biden a moldear el liderazgo de la Fed para que el banco central utilice sus herramientas para promover mejor las ganancias laborales entre los grupos raciales, mantener a los bancos de Wall Street bajo control y combatir el cambio clim\u00e1tico.<\/p>\n<p>El propio presidente ha hecho de un mercado laboral m\u00e1s equitativo una pieza central de su agenda. &#8220;Se trata de justicia&#8221;, dijo Biden en un discurso de campa\u00f1a en julio pasado. \u201cDurante generaciones, los estadounidenses que son negros, morenos, nativos americanos, inmigrantes, no siempre han sido incluidos por completo en nuestra democracia o nuestra econom\u00eda\u201d.<\/p>\n<p>La actual junta de gobernadores de la Fed tiene seis miembros y un puesto vacante. Cada uno es elegido por el presidente y luego sujeto a la confirmaci\u00f3n del Senado. Powell fue nominado a la junta por el ex presidente Barack Obama y luego elevado al puesto de presidente por el ex presidente Donald Trump.<\/p>\n<p>Tomado de: LA REP\u00daBLICA<\/p>","protected":false},"excerpt":{"rendered":"<p>El presidente Joe Biden tiene la oportunidad este oto\u00f1o de remodelar la Reserva Federal, lo que podr\u00eda marcar el comienzo de una era en la que la junta de gobierno del banco central de EE. UU. Tendr\u00e1 m\u00e1s mujeres y personas de color y quienes pondr\u00edan m\u00e1s peso en la reducci\u00f3n de la desigualdad econ\u00f3mica.<\/p>","protected":false},"author":1,"featured_media":7798,"comment_status":"closed","ping_status":"closed","sticky":false,"template":"","format":"standard","meta":{"footnotes":""},"categories":[181],"tags":[],"class_list":["post-7797","post","type-post","status-publish","format-standard","has-post-thumbnail","hentry","category-noticias"],"views":117,"_links":{"self":[{"href":"https:\/\/www.amchambaq.com\/en\/wp-json\/wp\/v2\/posts\/7797","targetHints":{"allow":["GET"]}}],"collection":[{"href":"https:\/\/www.amchambaq.com\/en\/wp-json\/wp\/v2\/posts"}],"about":[{"href":"https:\/\/www.amchambaq.com\/en\/wp-json\/wp\/v2\/types\/post"}],"author":[{"embeddable":true,"href":"https:\/\/www.amchambaq.com\/en\/wp-json\/wp\/v2\/users\/1"}],"replies":[{"embeddable":true,"href":"https:\/\/www.amchambaq.com\/en\/wp-json\/wp\/v2\/comments?post=7797"}],"version-history":[{"count":2,"href":"https:\/\/www.amchambaq.com\/en\/wp-json\/wp\/v2\/posts\/7797\/revisions"}],"predecessor-version":[{"id":7800,"href":"https:\/\/www.amchambaq.com\/en\/wp-json\/wp\/v2\/posts\/7797\/revisions\/7800"}],"wp:featuredmedia":[{"embeddable":true,"href":"https:\/\/www.amchambaq.com\/en\/wp-json\/wp\/v2\/media\/7798"}],"wp:attachment":[{"href":"https:\/\/www.amchambaq.com\/en\/wp-json\/wp\/v2\/media?parent=7797"}],"wp:term":[{"taxonomy":"category","embeddable":true,"href":"https:\/\/www.amchambaq.com\/en\/wp-json\/wp\/v2\/categories?post=7797"},{"taxonomy":"post_tag","embeddable":true,"href":"https:\/\/www.amchambaq.com\/en\/wp-json\/wp\/v2\/tags?post=7797"}],"curies":[{"name":"wp","href":"https:\/\/api.w.org\/{rel}","templated":true}]}}