{"id":7779,"date":"2021-09-07T10:31:47","date_gmt":"2021-09-07T15:31:47","guid":{"rendered":"https:\/\/www.amchambaq.com\/?p=7779"},"modified":"2021-09-07T10:31:47","modified_gmt":"2021-09-07T15:31:47","slug":"contribuiremos-con-proyectos-verdes-y-economia-circular-presidente-de-caf","status":"publish","type":"post","link":"https:\/\/www.amchambaq.com\/en\/contribuiremos-con-proyectos-verdes-y-economia-circular-presidente-de-caf\/","title":{"rendered":"Contribuiremos con proyectos verdes y econom\u00eda circular: presidente de CAF"},"content":{"rendered":"<p>Tras asumir como nuevo presidente ejecutivo del Banco de Desarrollo de Am\u00e9rica Latina, CAF, (2021-2026), el colombiano Sergio D\u00edaz-Granados concedi\u00f3 una entrevista al Grupo de Diarios Am\u00e9rica (GDA) en la que hace un <b>balance de la realidad que afronta la regi\u00f3n<\/b>\u00a0en el marco de la pandemia de covid-19.<\/p>\n<p>Dice que Am\u00e9rica Latina se est\u00e1 recuperando m\u00e1s r\u00e1pido de lo esperado gracias a la reactivaci\u00f3n de buena parte de sus econom\u00edas y a la din\u00e1mica de la actividad exportadora. \u201cSin embargo, hay sectores que permanecen deprimidos, como los servicios de alto contacto humano y el turismo\u201d, advierte.<\/p>\n<p>Para el nuevo titular de CAF, el\u00a0<b>desempleo y la informalidad<\/b>\u00a0siguen estando entre los desaf\u00edos m\u00e1s grandes para los pa\u00edses de esta parte del mundo y considera que en las obras de infraestructura, particularmente, est\u00e1 una de las claves para la recuperaci\u00f3n.<\/p>\n<p>D\u00edaz-Granados, quien al momento de su posesi\u00f3n se comprometi\u00f3 a que en sus primeros cien d\u00edas los\u00a0<b>dedicar\u00e1 a promover la reactivaci\u00f3n econ\u00f3mica y social\u00a0<\/b>de los latinoamericanos, considera que los gobiernos deben concentrar sus esfuerzos en la sostenibilidad fiscal, el crecimiento y la inclusi\u00f3n.<\/p>\n<p>Tambi\u00e9n fue claro en advertir sobre los costos que los\u00a0<b>da\u00f1os clim\u00e1ticos est\u00e1n ocasionando en la regi\u00f3n<\/b>, los cuales ascendieron a US 58.300 millones y un total de 480 eventos en la \u00faltima d\u00e9cada (2010-2019). Por eso otra de sus prioridades ser\u00e1 el respaldo a iniciativas verdes y de econom\u00eda circular. \u201c<b>Hemos planteado que CAF va a ser el banco verde de Am\u00e9rica Latina<\/b>\u201d, dijo.<\/p>\n<p>La actividad se viene recuperando de manera m\u00e1s acelerada que lo anticipado hace unos meses. Esto debido a dos factores. Por un lado, tenemos un entorno externo m\u00e1s favorable, con una\u00a0<b>mayor demanda de las exportaciones, precios de las materias primas m\u00e1s elevados<\/b>, s\u00f3lidos flujos de remesas y liquidez internacional abundante. Por otro lado, y m\u00e1s importante a\u00fan, la\u00a0<b>recuperaci\u00f3n de la demanda dom\u00e9stica<\/b>, gracias a la reapertura de las econom\u00edas. Sin embargo, hay sectores que permanecen deprimidos, como los servicios de alto contacto humano y el turismo. Esto explica que los pa\u00edses donde el turismo tiene un peso importante en la econom\u00eda, como es el caso de los pa\u00edses del Caribe, sigan trayectorias m\u00e1s lentas de recuperaci\u00f3n.<\/p>\n<p>Otro factor que ha tenido un impacto importante en la recuperaci\u00f3n es la magnitud y efectividad del apoyo de los gobiernos, particularmente de las transferencias a las familias que han servido para apuntalar el consumo. El reto regional que ahora tenemos es el de\u00a0<b>combinar la sostenibilidad fiscal con pol\u00edticas que impulsen el crecimiento<\/b>\u00a0econ\u00f3mico con inclusi\u00f3n social y equidad.<\/p>\n<p>Para leer m\u00e1s: https:\/\/www.eltiempo.com\/economia\/sectores\/presidente-de-caf-habla-de-reactivacion-economica-en-latinoamerica-615676<\/p>","protected":false},"excerpt":{"rendered":"<p>Tras asumir como nuevo presidente ejecutivo del Banco de Desarrollo de Am\u00e9rica Latina, CAF, (2021-2026), el colombiano Sergio D\u00edaz-Granados concedi\u00f3 una entrevista al Grupo de Diarios Am\u00e9rica (GDA) en la que hace un balance de la realidad que afronta la regi\u00f3n\u00a0en el marco de la pandemia de covid-19. Dice que Am\u00e9rica Latina se est\u00e1 recuperando<\/p>","protected":false},"author":1,"featured_media":7780,"comment_status":"closed","ping_status":"closed","sticky":false,"template":"","format":"standard","meta":{"footnotes":""},"categories":[181],"tags":[],"class_list":["post-7779","post","type-post","status-publish","format-standard","has-post-thumbnail","hentry","category-noticias"],"views":206,"_links":{"self":[{"href":"https:\/\/www.amchambaq.com\/en\/wp-json\/wp\/v2\/posts\/7779","targetHints":{"allow":["GET"]}}],"collection":[{"href":"https:\/\/www.amchambaq.com\/en\/wp-json\/wp\/v2\/posts"}],"about":[{"href":"https:\/\/www.amchambaq.com\/en\/wp-json\/wp\/v2\/types\/post"}],"author":[{"embeddable":true,"href":"https:\/\/www.amchambaq.com\/en\/wp-json\/wp\/v2\/users\/1"}],"replies":[{"embeddable":true,"href":"https:\/\/www.amchambaq.com\/en\/wp-json\/wp\/v2\/comments?post=7779"}],"version-history":[{"count":1,"href":"https:\/\/www.amchambaq.com\/en\/wp-json\/wp\/v2\/posts\/7779\/revisions"}],"predecessor-version":[{"id":7781,"href":"https:\/\/www.amchambaq.com\/en\/wp-json\/wp\/v2\/posts\/7779\/revisions\/7781"}],"wp:featuredmedia":[{"embeddable":true,"href":"https:\/\/www.amchambaq.com\/en\/wp-json\/wp\/v2\/media\/7780"}],"wp:attachment":[{"href":"https:\/\/www.amchambaq.com\/en\/wp-json\/wp\/v2\/media?parent=7779"}],"wp:term":[{"taxonomy":"category","embeddable":true,"href":"https:\/\/www.amchambaq.com\/en\/wp-json\/wp\/v2\/categories?post=7779"},{"taxonomy":"post_tag","embeddable":true,"href":"https:\/\/www.amchambaq.com\/en\/wp-json\/wp\/v2\/tags?post=7779"}],"curies":[{"name":"wp","href":"https:\/\/api.w.org\/{rel}","templated":true}]}}