{"id":7769,"date":"2021-09-07T10:18:28","date_gmt":"2021-09-07T15:18:28","guid":{"rendered":"https:\/\/www.amchambaq.com\/?p=7769"},"modified":"2021-09-07T10:18:28","modified_gmt":"2021-09-07T15:18:28","slug":"estas-son-las-novedades-del-proyecto-de-reforma-para-su-segundo-debate","status":"publish","type":"post","link":"https:\/\/www.amchambaq.com\/en\/estas-son-las-novedades-del-proyecto-de-reforma-para-su-segundo-debate\/","title":{"rendered":"Estas son las novedades del proyecto de reforma para su segundo debate"},"content":{"rendered":"<p>El proyecto de<b>\u00a0reforma tributaria<\/b>\u00a0llega a su\u00a0segundo debate en plenarias de C\u00e1mara y Senado con nuevos ajustes en su articulado y, seg\u00fan lo planteado por el\u00a0<b>Gobierno<\/b>, en las nuevas ponencias radicadas &#8220;se precisa y ampl\u00edan algunas de las medidas y se incluyeron art\u00edculos nuevos, en l\u00ednea con la esencia que hemos repetido desde el primer d\u00eda: no afectar a la clase media&#8221;, entre otros postulados.<\/p>\n<p>A diferencia del texto que result\u00f3 del primer debate, en el que se hab\u00edan aprobado 55 art\u00edculos,\u00a0<b>en este ingresaron otros 6 nuevos y se modificaron otros 9,\u00a0<\/b>como resultado de cerca de 160 propuestas que se recibieron contenidas en 130 proposiciones y constancias.<\/p>\n<p><b>1. Cambio en el art\u00edculo 20<\/b>, que en el nuevo texto correspond\u00eda al 28, en el que se precisa la posibilidad de establecer esquemas de cofinanciaci\u00f3n de los d\u00e9ficits operacionales y a ra\u00edz de la pandemia, no solo para los sistemas de transporte masivo, sino para los sistemas estrat\u00e9gicos de transporte, lo que ampl\u00eda esta herramienta de apoyo a ciudades intermedias y elimina el l\u00edmite de 50 por ciento para este apoyo.<\/p>\n<p id=\"p616190-m693-2-694\" class=\"contenido\"><b>2.\u00a0En el art\u00edculo 13 (antes el art. 9),<\/b>\u00a0que toca el sistema de facturaci\u00f3n electr\u00f3nica, se establece que los sujetos no obligados a expedir factura podr\u00e1n registrarse como facturadores electr\u00f3nicos para poder participar en el<b>\u00a0<\/b>Radian, pero que esto no implica que tengan la obligaci\u00f3n de expedir este comprobante de venta.<\/p>\n<p><b>3. Se toc\u00f3 el art\u00edculo 22,\u00a0<\/b>que pas\u00f3 a ser el 29 en el segundo debate. Este contiene las condiciones de los cr\u00e9ditos para la\u00a0<b>reactivaci\u00f3n econ\u00f3mica\u00a0<\/b>y precisa que se podr\u00e1n pagar en la siguiente vigencia fiscal a aquella en que se contratan; y se cambi\u00f3 el 22, que pas\u00f3 a ser el 30 en la nueva ponencia, que indica que para celebrar cr\u00e9ditos de endeudamiento externo las entidades territoriales pueden contar con m\u00ednimo un escal\u00f3n inferior al de la calificaci\u00f3n de la Naci\u00f3n, entre otras disposiciones.<\/p>\n<p><b>4. El art\u00edculo 8,<\/b>\u00a0aprobado en el primer debate como el art. 30, referente a los mecanismos para facilitar la administraci\u00f3n de bienes de la\u00a0<b>Sociedad de Activos Especiales (SAE),<\/b> en el que se precisa que &#8220;el administrador del Frisco podr\u00e1 promover con las entidades territoriales la extinci\u00f3n de obligaciones por conceptos de impuestos, valorizaci\u00f3n, inversiones, mejoras y otras sobre los bienes objeto de venta&#8221;.<\/p>\n<p id=\"p616190-m699-3-700\" class=\"contenido\"><b>5.\u00a0Al art\u00edculo 58,<\/b>\u00a0que pas\u00f3 a ser el 61, se le adicion\u00f3 la extensi\u00f3n hasta el 31 de diciembre de 2022 del beneficio de la\u00a0<b>exclusi\u00f3n de IVA\u00a0<\/b>en relaci\u00f3n con el incentivo de premio inmediato de los juegos de suerte y azar territoriales. Mientras que el 29, que hace referencia a la adici\u00f3n al presupuesto de gastos o ley de apropiaciones, y para el segundo debate entr\u00f3 como el art. 59, se modifica la distribuci\u00f3n sectorial de algunos de los rubros. Tambi\u00e9n se tienen cambios en los puntos 42, 45 y 54 de la ponencia de primer debate.<\/p>\n<p>&nbsp;<\/p>","protected":false},"excerpt":{"rendered":"<p>El proyecto de\u00a0reforma tributaria\u00a0llega a su\u00a0segundo debate en plenarias de C\u00e1mara y Senado con nuevos ajustes en su articulado y, seg\u00fan lo planteado por el\u00a0Gobierno, en las nuevas ponencias radicadas &#8220;se precisa y ampl\u00edan algunas de las medidas y se incluyeron art\u00edculos nuevos, en l\u00ednea con la esencia que hemos repetido desde el primer d\u00eda:<\/p>","protected":false},"author":1,"featured_media":7770,"comment_status":"closed","ping_status":"closed","sticky":false,"template":"","format":"standard","meta":{"footnotes":""},"categories":[181],"tags":[],"class_list":["post-7769","post","type-post","status-publish","format-standard","has-post-thumbnail","hentry","category-noticias"],"views":168,"_links":{"self":[{"href":"https:\/\/www.amchambaq.com\/en\/wp-json\/wp\/v2\/posts\/7769","targetHints":{"allow":["GET"]}}],"collection":[{"href":"https:\/\/www.amchambaq.com\/en\/wp-json\/wp\/v2\/posts"}],"about":[{"href":"https:\/\/www.amchambaq.com\/en\/wp-json\/wp\/v2\/types\/post"}],"author":[{"embeddable":true,"href":"https:\/\/www.amchambaq.com\/en\/wp-json\/wp\/v2\/users\/1"}],"replies":[{"embeddable":true,"href":"https:\/\/www.amchambaq.com\/en\/wp-json\/wp\/v2\/comments?post=7769"}],"version-history":[{"count":1,"href":"https:\/\/www.amchambaq.com\/en\/wp-json\/wp\/v2\/posts\/7769\/revisions"}],"predecessor-version":[{"id":7771,"href":"https:\/\/www.amchambaq.com\/en\/wp-json\/wp\/v2\/posts\/7769\/revisions\/7771"}],"wp:featuredmedia":[{"embeddable":true,"href":"https:\/\/www.amchambaq.com\/en\/wp-json\/wp\/v2\/media\/7770"}],"wp:attachment":[{"href":"https:\/\/www.amchambaq.com\/en\/wp-json\/wp\/v2\/media?parent=7769"}],"wp:term":[{"taxonomy":"category","embeddable":true,"href":"https:\/\/www.amchambaq.com\/en\/wp-json\/wp\/v2\/categories?post=7769"},{"taxonomy":"post_tag","embeddable":true,"href":"https:\/\/www.amchambaq.com\/en\/wp-json\/wp\/v2\/tags?post=7769"}],"curies":[{"name":"wp","href":"https:\/\/api.w.org\/{rel}","templated":true}]}}