{"id":7731,"date":"2021-09-01T12:20:33","date_gmt":"2021-09-01T17:20:33","guid":{"rendered":"https:\/\/www.amchambaq.com\/?p=7731"},"modified":"2021-09-01T12:20:33","modified_gmt":"2021-09-01T17:20:33","slug":"sergio-diaz-granados-llega-a-la-presidencia-de-caf-con-la-prioridad-de-promover-la-reactivacion-economica-y-social-en-america-latina","status":"publish","type":"post","link":"https:\/\/www.amchambaq.com\/en\/sergio-diaz-granados-llega-a-la-presidencia-de-caf-con-la-prioridad-de-promover-la-reactivacion-economica-y-social-en-america-latina\/","title":{"rendered":"Sergio D\u00edaz-Granados llega a la presidencia de CAF con la prioridad de promover la reactivaci\u00f3n econ\u00f3mica y social en Am\u00e9rica Latina"},"content":{"rendered":"<p style=\"text-align: left;\">El colombiano\u00a0<strong>Sergio D\u00edaz-Granados<\/strong>\u00a0asumir\u00e1 desde hoy, primero de septiembre, la Presidencia Ejecutiva de CAF -banco de desarrollo de Am\u00e9rica Latina. La agenda de desarrollo regional fijada por D\u00edaz-Granados contempla trabajar para convertir a la instituci\u00f3n en el\u00a0<strong>banco verde de Am\u00e9rica Latina<\/strong>, cumpliendo el rol catal\u00edtico de atraer inversi\u00f3n hacia la regi\u00f3n trav\u00e9s del impulso del crecimiento sostenible y la\u00a0<strong>econom\u00eda circular<\/strong>\u00a0con un mayor financiamiento de proyectos en temas ambientales, forestales, agua, clim\u00e1ticos, gesti\u00f3n de residuos, eficiencia energ\u00e9tica y agricultura sostenible, entre otros.<\/p>\n<p style=\"text-align: left;\">Otro eje estrat\u00e9gico ser\u00e1 profundizar el\u00a0<strong>apoyo al sector privado\u00a0<\/strong>para incrementar la productividad y la generaci\u00f3n de empleo; junto con pol\u00edticas transversales de\u00a0<strong>equidad de g\u00e9nero, inclusi\u00f3n y diversidad<\/strong>. Adicionalmente, se fomentar\u00e1n los\u00a0<strong>proyectos de integraci\u00f3n<\/strong>, especialmente el comercio transfronterizo, los corredores log\u00edsticos, proyectos de eficiencia energ\u00e9tica y agenda digital; al igual que se potenciar\u00e1n\u00a0<strong>fondos de pre-inversi\u00f3n<\/strong>\u00a0para estudios y proyectos.<\/p>\n<p style=\"text-align: left;\">Sergio D\u00edaz-Granados\u00a0<strong>es abogado<\/strong>\u00a0<strong>y especialista en gobierno y finanzas\u00a0<\/strong>de la Universidad Externado de Colombia, con estudios de posgrado en\u00a0<strong>Gerencia P\u00fablica para el Desarrollo Social<\/strong>\u00a0realizados en INAP (Espa\u00f1a). Realiz\u00f3 estudios superiores en\u00a0<strong>Derecho Constitucional<\/strong>, impartidos por la Universidad de Salamanca (Espa\u00f1a). Fue\u00a0<strong>Ministro de Comercio, Industria y Turismo de Colombia<\/strong>, Viceministro de Desarrollo Empresarial y Presidente de las Juntas Directivas de Bancoldex y PROCOLOMBIA. Fue\u00a0<strong>congresista<\/strong>\u00a0y presidente de la Comisi\u00f3n de Asuntos Econ\u00f3micos de la C\u00e1mara de Representantes. Antes de vincularse a CAF, se desempe\u00f1aba como Director Ejecutivo para Colombia y Per\u00fa en el\u00a0<strong>Grupo BID<\/strong>.<\/p>\n<p style=\"text-align: left;\">CAF es una instituci\u00f3n l\u00edder en Am\u00e9rica Latina y una de las principales fuentes de financiamiento multilateral para la regi\u00f3n, con aprobaciones anuales que superan los\u00a0<strong>USD 14.000 millones<\/strong>\u00a0para el desarrollo y la integraci\u00f3n regional. Desde el inicio de sus operaciones en\u00a0<strong>1970<\/strong>, la instituci\u00f3n ha aprobado m\u00e1s de\u00a0<strong>USD 200.000 millones<\/strong>\u00a0para mejorar la calidad de vida de los latinoamericanos. Asimismo, CAF se ha consolidado como un importante\u00a0<strong>centro de pensamiento con visi\u00f3n global<\/strong>\u00a0y un nexo entre Am\u00e9rica Latina y el resto del mundo.<\/p>\n<p>&nbsp;<\/p>","protected":false},"excerpt":{"rendered":"<p>El colombiano\u00a0Sergio D\u00edaz-Granados\u00a0asumir\u00e1 desde hoy, primero de septiembre, la Presidencia Ejecutiva de CAF -banco de desarrollo de Am\u00e9rica Latina. La agenda de desarrollo regional fijada por D\u00edaz-Granados contempla trabajar para convertir a la instituci\u00f3n en el\u00a0banco verde de Am\u00e9rica Latina, cumpliendo el rol catal\u00edtico de atraer inversi\u00f3n hacia la regi\u00f3n trav\u00e9s del impulso del crecimiento<\/p>","protected":false},"author":1,"featured_media":7732,"comment_status":"closed","ping_status":"closed","sticky":false,"template":"","format":"standard","meta":{"footnotes":""},"categories":[181],"tags":[],"class_list":["post-7731","post","type-post","status-publish","format-standard","has-post-thumbnail","hentry","category-noticias"],"views":142,"_links":{"self":[{"href":"https:\/\/www.amchambaq.com\/en\/wp-json\/wp\/v2\/posts\/7731","targetHints":{"allow":["GET"]}}],"collection":[{"href":"https:\/\/www.amchambaq.com\/en\/wp-json\/wp\/v2\/posts"}],"about":[{"href":"https:\/\/www.amchambaq.com\/en\/wp-json\/wp\/v2\/types\/post"}],"author":[{"embeddable":true,"href":"https:\/\/www.amchambaq.com\/en\/wp-json\/wp\/v2\/users\/1"}],"replies":[{"embeddable":true,"href":"https:\/\/www.amchambaq.com\/en\/wp-json\/wp\/v2\/comments?post=7731"}],"version-history":[{"count":2,"href":"https:\/\/www.amchambaq.com\/en\/wp-json\/wp\/v2\/posts\/7731\/revisions"}],"predecessor-version":[{"id":7734,"href":"https:\/\/www.amchambaq.com\/en\/wp-json\/wp\/v2\/posts\/7731\/revisions\/7734"}],"wp:featuredmedia":[{"embeddable":true,"href":"https:\/\/www.amchambaq.com\/en\/wp-json\/wp\/v2\/media\/7732"}],"wp:attachment":[{"href":"https:\/\/www.amchambaq.com\/en\/wp-json\/wp\/v2\/media?parent=7731"}],"wp:term":[{"taxonomy":"category","embeddable":true,"href":"https:\/\/www.amchambaq.com\/en\/wp-json\/wp\/v2\/categories?post=7731"},{"taxonomy":"post_tag","embeddable":true,"href":"https:\/\/www.amchambaq.com\/en\/wp-json\/wp\/v2\/tags?post=7731"}],"curies":[{"name":"wp","href":"https:\/\/api.w.org\/{rel}","templated":true}]}}