{"id":17592,"date":"2026-09-02T14:40:28","date_gmt":"2026-09-02T19:40:28","guid":{"rendered":"https:\/\/www.amchambaq.com\/?p=17592"},"modified":"2026-09-02T14:40:28","modified_gmt":"2026-09-02T19:40:28","slug":"gases-del-caribe-aspira-lograr-40-mil-conexiones-este-ano-en-atlantico-magdalena-y-cesar","status":"publish","type":"post","link":"https:\/\/www.amchambaq.com\/en\/gases-del-caribe-aspira-lograr-40-mil-conexiones-este-ano-en-atlantico-magdalena-y-cesar\/","title":{"rendered":"Gases del Caribe aspira lograr 40 mil conexiones este a\u00f1o en Atl\u00e1ntico, Magdalena y Cesar"},"content":{"rendered":"<p class=\"elheraldo__StyledParagraph-sc-60z8lc-1 dEjMiD article-body__paragraph\">Con la conexi\u00f3n de nuevos usuarios en Puerto Colombia, Gases del Caribe avanza con su prop\u00f3sito de conectar 4.000 usuarios en lo que resta del 2026, para completar 40.000 conexiones este a\u00f1o.<\/p>\n<p class=\"elheraldo__StyledParagraph-sc-60z8lc-1 dEjMiD article-body__paragraph\">Ese primer paso se dio en el barrio Las Am\u00e9ricas, en la casa del se\u00f1or Marcos Fidel S\u00e1nchez quien encendi\u00f3 la llama de su estufa gracias al convenio entre Gases del Caribe y la Alcald\u00eda de Puerto Colombia.<\/p>\n<p class=\"elheraldo__StyledParagraph-sc-60z8lc-1 dEjMiD article-body__paragraph\">La jornada cont\u00f3 con el acompa\u00f1amiento de la ministra de Minas y Energ\u00eda, Mar\u00eda Nohem\u00ed Arboleda, y del viceministro de Energ\u00eda, Armando Jos\u00e9 Cuello, quienes participaron en este primer encendido y conocieron de primera mano los beneficios que representa para las familias el acceso al servicio de gas natural.<\/p>\n<p class=\"elheraldo__StyledParagraph-sc-60z8lc-1 dEjMiD article-body__paragraph\">Este proyecto de Gases del Caribe contempla completar para este a\u00f1o la instalaci\u00f3n de 40.000 nuevos usuarios en su zona de influencia, a trav\u00e9s de convenios como el celebrado en Puerto Colombia, que permite llegar sin costos de conexi\u00f3n a los beneficiarios de los estratos 1 y 2, y con la entrega de una estufa.<\/p>\n<p class=\"elheraldo__StyledParagraph-sc-60z8lc-1 dEjMiD article-body__paragraph\">\u201cYa no van a tener la necesidad de comprar pimpina de gas, mucho m\u00e1s costosa, ni de la le\u00f1a que es muy da\u00f1ina. Van a empezar a pagar aproximadamente $15.000 en la factura de gas por su consumo\u201d, se\u00f1al\u00f3 Ram\u00f3n D\u00e1vila, gerente general de Gases del Caribe, quien destac\u00f3 que esta iniciativa busca facilitar el acceso al servicio y mejorar las condiciones de vida de las familias beneficiadas.<\/p>\n<p class=\"elheraldo__StyledParagraph-sc-60z8lc-1 dEjMiD article-body__paragraph\">A su vez, Luz Stella Murgas, presidenta de Naturgas, manifest\u00f3 que reducir la pobreza energ\u00e9tica tambi\u00e9n significa lograr que las familias puedan acceder a una energ\u00eda confiable y asequible. Hogares de estrato 1 dejar\u00e1n de pagar cerca de $110.000 mensuales por GLP a pagar $16.000 mensuales con gas natural.<\/p>\n<p class=\"elheraldo__StyledParagraph-sc-60z8lc-1 dEjMiD article-body__paragraph\">\u201cJunto a la ministra Mar\u00eda Nohem\u00ed Arboleda y al viceministro Armando Cuello compartimos el prop\u00f3sito de que este beneficio llegue a muchos m\u00e1s colombianos\u201d, afirm\u00f3.<\/p>\n<p class=\"elheraldo__StyledParagraph-sc-60z8lc-1 dEjMiD article-body__paragraph\">El cambio representa para \u00e9l un alivio significativo. Como trabajador de vigilancia, destinaba cerca de $115.000 mensuales para la compra de pimpinas de gas propano. Con la llegada del gas natural, estima que su gasto podr\u00eda reducirse a entre $15.000 y $20.000 mensuales.<\/p>\n<p class=\"elheraldo__StyledParagraph-sc-60z8lc-1 dEjMiD article-body__paragraph\">Dice Gases del Caribe que la ampliaci\u00f3n de la cobertura busca beneficiar a m\u00e1s familias que todav\u00eda utilizan alternativas como cilindros de gas propano, carb\u00f3n o le\u00f1a para preparar sus alimentos, facilitando el acceso a un servicio esencial y contribuyendo a mejorar sus condiciones de vida.<\/p>\n<p class=\"elheraldo__StyledParagraph-sc-60z8lc-1 dEjMiD article-body__paragraph\">Por su parte, el alcalde de Puerto Colombia, Plinio Cede\u00f1o G\u00f3mez, destac\u00f3 el trabajo en conjunto que se viene realizando con Gases del Caribe, la Gobernaci\u00f3n del Atl\u00e1ntico y el Ministerio de Minas y Energ\u00edas, en aras de seguir mejorando el bienestar social de las familias porte\u00f1as a trav\u00e9s del acceso integral a un servicio p\u00fablico esencial como es el gas natural.<\/p>\n<p class=\"elheraldo__StyledParagraph-sc-60z8lc-1 dEjMiD article-body__paragraph\">\u201cEstamos muy contentos con esta iniciativa que apoyamos y respaldamos desde la Administraci\u00f3n Municipal, hoy se empieza a material un sue\u00f1o para la familia del se\u00f1or Marcos Fidel, y sabemos que ser\u00e1 el primer beneficiario de muchas conexiones de gas natural que vienen para Puerto Colombia y sus corregimientos\u201d, detall\u00f3 el mandatario de los porte\u00f1os.<\/p>\n<p>Tomado de: EL HERALDO<\/p>","protected":false},"excerpt":{"rendered":"<p>Con la conexi\u00f3n de nuevos usuarios en Puerto Colombia, Gases del Caribe avanza con su prop\u00f3sito de conectar 4.000 usuarios en lo que resta del 2026, para completar 40.000 conexiones este a\u00f1o. Ese primer paso se dio en el barrio Las Am\u00e9ricas, en la casa del se\u00f1or Marcos Fidel S\u00e1nchez quien encendi\u00f3 la llama de<\/p>","protected":false},"author":1,"featured_media":17593,"comment_status":"closed","ping_status":"closed","sticky":false,"template":"","format":"standard","meta":{"footnotes":""},"categories":[342,181],"tags":[],"class_list":["post-17592","post","type-post","status-publish","format-standard","has-post-thumbnail","hentry","category-news","category-noticias"],"views":2,"_links":{"self":[{"href":"https:\/\/www.amchambaq.com\/en\/wp-json\/wp\/v2\/posts\/17592","targetHints":{"allow":["GET"]}}],"collection":[{"href":"https:\/\/www.amchambaq.com\/en\/wp-json\/wp\/v2\/posts"}],"about":[{"href":"https:\/\/www.amchambaq.com\/en\/wp-json\/wp\/v2\/types\/post"}],"author":[{"embeddable":true,"href":"https:\/\/www.amchambaq.com\/en\/wp-json\/wp\/v2\/users\/1"}],"replies":[{"embeddable":true,"href":"https:\/\/www.amchambaq.com\/en\/wp-json\/wp\/v2\/comments?post=17592"}],"version-history":[{"count":2,"href":"https:\/\/www.amchambaq.com\/en\/wp-json\/wp\/v2\/posts\/17592\/revisions"}],"predecessor-version":[{"id":17595,"href":"https:\/\/www.amchambaq.com\/en\/wp-json\/wp\/v2\/posts\/17592\/revisions\/17595"}],"wp:featuredmedia":[{"embeddable":true,"href":"https:\/\/www.amchambaq.com\/en\/wp-json\/wp\/v2\/media\/17593"}],"wp:attachment":[{"href":"https:\/\/www.amchambaq.com\/en\/wp-json\/wp\/v2\/media?parent=17592"}],"wp:term":[{"taxonomy":"category","embeddable":true,"href":"https:\/\/www.amchambaq.com\/en\/wp-json\/wp\/v2\/categories?post=17592"},{"taxonomy":"post_tag","embeddable":true,"href":"https:\/\/www.amchambaq.com\/en\/wp-json\/wp\/v2\/tags?post=17592"}],"curies":[{"name":"wp","href":"https:\/\/api.w.org\/{rel}","templated":true}]}}