{"id":17322,"date":"2026-04-29T15:07:27","date_gmt":"2026-04-29T20:07:27","guid":{"rendered":"https:\/\/www.amchambaq.com\/?p=17322"},"modified":"2026-04-29T15:07:27","modified_gmt":"2026-04-29T20:07:27","slug":"60-lideres-llegan-a-uninorte-este-30-de-abril","status":"publish","type":"post","link":"https:\/\/www.amchambaq.com\/en\/60-lideres-llegan-a-uninorte-este-30-de-abril\/","title":{"rendered":"60 l\u00edderes llegan a Uninorte este 30 de abril"},"content":{"rendered":"<p>En\u00a0uno de los eventos conmemorativos de los 60 a\u00f1os de fundaci\u00f3n de la Universidad del Norte,\u00a0<strong>60 l\u00edderes<\/strong>\u00a0de distintas edades, sectores y procedencias se toman el\u00a0<strong>jueves 30 de abril<\/strong>\u00a0las clases regulares de pregrado para compartir con los nuevos talentos c\u00f3mo impactar la sociedad.<\/p>\n<p>Un espacio donde la teor\u00eda se encuentra con la pr\u00e1ctica, las ideas se ampl\u00edan, propiciamos la formaci\u00f3n interdisciplinar y en competencias para inspirar el futuro profesional de cada estudiante.<\/p>\n<p>&#8220;El 30 de abril en el marco del aniversario n\u00famero 60, tendremos a 60 l\u00edderes de nuestra regi\u00f3n y del pa\u00eds, habl\u00e1ndole a nuestros estudiantes de pregrado. Van a dictar clases de una hora y para ellos ser\u00e1, con seguridad, una experiencia muy enriquecedora porque son personas muy destacadas profesionalmente en nuestro pa\u00eds.<\/p>\n<p>Esos 60 l\u00edderes hablar\u00e1n sobre c\u00f3mo ha sido su experiencia profesional, qu\u00e9 cosas los han llevado a lograr el \u00e9xito y c\u00f3mo han podido ejercer un liderazgo que ha marcado una impronta en nuestra sociedad.<\/p>\n<p>Los estudiantes tendr\u00e1n una experiencia que seguramente recordar\u00e1n por muchos a\u00f1os, para que sean tan importantes el d\u00eda de ma\u00f1ana o m\u00e1s que los l\u00edderes que nos visitar\u00e1n.&#8221;<\/p>\n<p><strong><em>Adolfo Meisel Roca, rector.\u00a0<\/em><\/strong><\/p>\n<p>Conoce m\u00e1s aqu\u00ed: https:\/\/www.uninorte.edu.co\/web\/eventos\/60-lideres-en-los-60-de-uninorte<\/p>","protected":false},"excerpt":{"rendered":"<p>En\u00a0uno de los eventos conmemorativos de los 60 a\u00f1os de fundaci\u00f3n de la Universidad del Norte,\u00a060 l\u00edderes\u00a0de distintas edades, sectores y procedencias se toman el\u00a0jueves 30 de abril\u00a0las clases regulares de pregrado para compartir con los nuevos talentos c\u00f3mo impactar la sociedad. Un espacio donde la teor\u00eda se encuentra con la pr\u00e1ctica, las ideas se<\/p>","protected":false},"author":1,"featured_media":17323,"comment_status":"closed","ping_status":"closed","sticky":false,"template":"","format":"standard","meta":{"footnotes":""},"categories":[342,181],"tags":[],"class_list":["post-17322","post","type-post","status-publish","format-standard","has-post-thumbnail","hentry","category-news","category-noticias"],"views":1,"_links":{"self":[{"href":"https:\/\/www.amchambaq.com\/en\/wp-json\/wp\/v2\/posts\/17322","targetHints":{"allow":["GET"]}}],"collection":[{"href":"https:\/\/www.amchambaq.com\/en\/wp-json\/wp\/v2\/posts"}],"about":[{"href":"https:\/\/www.amchambaq.com\/en\/wp-json\/wp\/v2\/types\/post"}],"author":[{"embeddable":true,"href":"https:\/\/www.amchambaq.com\/en\/wp-json\/wp\/v2\/users\/1"}],"replies":[{"embeddable":true,"href":"https:\/\/www.amchambaq.com\/en\/wp-json\/wp\/v2\/comments?post=17322"}],"version-history":[{"count":1,"href":"https:\/\/www.amchambaq.com\/en\/wp-json\/wp\/v2\/posts\/17322\/revisions"}],"predecessor-version":[{"id":17324,"href":"https:\/\/www.amchambaq.com\/en\/wp-json\/wp\/v2\/posts\/17322\/revisions\/17324"}],"wp:featuredmedia":[{"embeddable":true,"href":"https:\/\/www.amchambaq.com\/en\/wp-json\/wp\/v2\/media\/17323"}],"wp:attachment":[{"href":"https:\/\/www.amchambaq.com\/en\/wp-json\/wp\/v2\/media?parent=17322"}],"wp:term":[{"taxonomy":"category","embeddable":true,"href":"https:\/\/www.amchambaq.com\/en\/wp-json\/wp\/v2\/categories?post=17322"},{"taxonomy":"post_tag","embeddable":true,"href":"https:\/\/www.amchambaq.com\/en\/wp-json\/wp\/v2\/tags?post=17322"}],"curies":[{"name":"wp","href":"https:\/\/api.w.org\/{rel}","templated":true}]}}