{"id":17274,"date":"2026-03-17T08:28:55","date_gmt":"2026-03-17T13:28:55","guid":{"rendered":"https:\/\/www.amchambaq.com\/?p=17274"},"modified":"2026-03-17T08:28:55","modified_gmt":"2026-03-17T13:28:55","slug":"unisimon-y-el-ins-presentan-ante-minsalud-el-primer-doctorado-en-virologia-de-america-latina","status":"publish","type":"post","link":"https:\/\/www.amchambaq.com\/en\/unisimon-y-el-ins-presentan-ante-minsalud-el-primer-doctorado-en-virologia-de-america-latina\/","title":{"rendered":"Unisim\u00f3n y el INS presentan ante Minsalud el primer Doctorado en Virolog\u00eda de Am\u00e9rica Latina"},"content":{"rendered":"<p class=\"elheraldo__StyledParagraph-sc-60z8lc-1 dEjMiD article-body__paragraph\">Ante el Ministerio de Salud y Protecci\u00f3n Social fue presentado este martes el Doctorado en Virolog\u00eda de la Universidad Sim\u00f3n Bol\u00edvar, el primero de su tipo en Am\u00e9rica Latina. En el encuentro participaron el rector Jos\u00e9 Consuegra Bol\u00edvar y la directora del Instituto Nacional de Salud (INS), Diana Pava Garz\u00f3n, quienes resaltaron el papel de la investigaci\u00f3n cient\u00edfica en la soberan\u00eda sanitaria del pa\u00eds.<\/p>\n<p class=\"elheraldo__StyledParagraph-sc-60z8lc-1 dEjMiD article-body__paragraph\">\u201cPonemos a disposici\u00f3n de Colombia este primer Doctorado en Virolog\u00eda, el primero en Am\u00e9rica Latina, que desde el punto de vista de la educaci\u00f3n y de la investigaci\u00f3n cient\u00edfica se convierte en un espacio para que el pa\u00eds pueda afrontar a futuro problem\u00e1ticas de salud p\u00fablica derivadas de los virus\u201d, afirm\u00f3 Consuegra.<\/p>\n<p>El nuevo doctorado, que se desarrollar\u00e1 en convenio con el INS, busca formar investigadores expertos en el estudio de los virus y su impacto en la salud p\u00fablica, al igual que fortalecer las capacidades cient\u00edficas del pa\u00eds frente a los desaf\u00edos que representan los virus y las enfermedades emergentes.<\/p>\n<p class=\"elheraldo__StyledParagraph-sc-60z8lc-1 dEjMiD article-body__paragraph\">El ministro Guillermo Alfonso Jaramillo destac\u00f3 el aporte del programa en \u00e1reas estrat\u00e9gicas como la vigilancia epidemiol\u00f3gica y el an\u00e1lisis gen\u00f3mico de virus. \u201cSe abre la posibilidad de adelantar, con el Instituto Nacional de Salud, procesos de investigaci\u00f3n y producci\u00f3n de vacunas\u201d, asegur\u00f3. \u201cMerece una especial felicitaci\u00f3n la Universidad Sim\u00f3n Bol\u00edvar, es supremamente importante que nuestras universidades puedan tener registros de importancia no solamente a nivel nacional, sino a nivel internacional\u201d.<\/p>\n<p class=\"elheraldo__StyledParagraph-sc-60z8lc-1 dEjMiD article-body__paragraph\">La necesidad de contar con profesionales formados al m\u00e1s alto nivel es uno de los retos en el camino de la soberan\u00eda sanitaria nacional, por medio del trabajo en red. \u201cOtros pa\u00edses ya han manifestado inter\u00e9s en conocer el perfil de los aspirantes y las condiciones del doctorado\u201d, indic\u00f3 Pava. Tambi\u00e9n sabemos que hay colombianos muy buenos fuera del pa\u00eds y contar con programas como este puede facilitar que algunos regresen o se vinculen a procesos cient\u00edficos nuestros.<\/p>\n<p class=\"elheraldo__StyledParagraph-sc-60z8lc-1 dEjMiD article-body__paragraph\">En el Centro de Investigaciones en Ciencias de la Vida (CICV) de Unisim\u00f3n ya se cultivan virus para su estudio. \u201cAl entender c\u00f3mo funcionan, los podemos diagnosticar y tratar\u201d, explic\u00f3 su director Antonio Acosta Hoyos, Ph. D. en Bioqu\u00edmica y Biolog\u00eda Molecular. \u201cComprender los procesos b\u00e1sicos de los virus es fundamental porque sin ese conocimiento no es posible desarrollar aplicaciones en diagn\u00f3sticos, tratamientos o vacunas\u201d.<\/p>\n<p class=\"elheraldo__StyledParagraph-sc-60z8lc-1 dEjMiD article-body__paragraph\">Durante el encuentro se exploraron posibilidades de cooperaci\u00f3n entre la universidad, el INS y otras entidades del sistema cient\u00edfico colombiano con \u00e9nfasis en virolog\u00eda, el an\u00e1lisis gen\u00f3mico de pat\u00f3genos y estrategias de salud p\u00fablica.<\/p>","protected":false},"excerpt":{"rendered":"<p>Ante el Ministerio de Salud y Protecci\u00f3n Social fue presentado este martes el Doctorado en Virolog\u00eda de la Universidad Sim\u00f3n Bol\u00edvar, el primero de su tipo en Am\u00e9rica Latina. En el encuentro participaron el rector Jos\u00e9 Consuegra Bol\u00edvar y la directora del Instituto Nacional de Salud (INS), Diana Pava Garz\u00f3n, quienes resaltaron el papel de<\/p>","protected":false},"author":1,"featured_media":17275,"comment_status":"closed","ping_status":"closed","sticky":false,"template":"","format":"standard","meta":{"footnotes":""},"categories":[342,181],"tags":[],"class_list":["post-17274","post","type-post","status-publish","format-standard","has-post-thumbnail","hentry","category-news","category-noticias"],"views":20,"_links":{"self":[{"href":"https:\/\/www.amchambaq.com\/en\/wp-json\/wp\/v2\/posts\/17274","targetHints":{"allow":["GET"]}}],"collection":[{"href":"https:\/\/www.amchambaq.com\/en\/wp-json\/wp\/v2\/posts"}],"about":[{"href":"https:\/\/www.amchambaq.com\/en\/wp-json\/wp\/v2\/types\/post"}],"author":[{"embeddable":true,"href":"https:\/\/www.amchambaq.com\/en\/wp-json\/wp\/v2\/users\/1"}],"replies":[{"embeddable":true,"href":"https:\/\/www.amchambaq.com\/en\/wp-json\/wp\/v2\/comments?post=17274"}],"version-history":[{"count":1,"href":"https:\/\/www.amchambaq.com\/en\/wp-json\/wp\/v2\/posts\/17274\/revisions"}],"predecessor-version":[{"id":17276,"href":"https:\/\/www.amchambaq.com\/en\/wp-json\/wp\/v2\/posts\/17274\/revisions\/17276"}],"wp:featuredmedia":[{"embeddable":true,"href":"https:\/\/www.amchambaq.com\/en\/wp-json\/wp\/v2\/media\/17275"}],"wp:attachment":[{"href":"https:\/\/www.amchambaq.com\/en\/wp-json\/wp\/v2\/media?parent=17274"}],"wp:term":[{"taxonomy":"category","embeddable":true,"href":"https:\/\/www.amchambaq.com\/en\/wp-json\/wp\/v2\/categories?post=17274"},{"taxonomy":"post_tag","embeddable":true,"href":"https:\/\/www.amchambaq.com\/en\/wp-json\/wp\/v2\/tags?post=17274"}],"curies":[{"name":"wp","href":"https:\/\/api.w.org\/{rel}","templated":true}]}}