{"id":17076,"date":"2026-01-19T16:04:17","date_gmt":"2026-01-19T21:04:17","guid":{"rendered":"https:\/\/www.amchambaq.com\/?p=17076"},"modified":"2026-01-19T16:04:17","modified_gmt":"2026-01-19T21:04:17","slug":"10-senales-de-alerta-que-marcaran-nuestra-economia-en-2026-segun-amcham-colombia","status":"publish","type":"post","link":"https:\/\/www.amchambaq.com\/en\/10-senales-de-alerta-que-marcaran-nuestra-economia-en-2026-segun-amcham-colombia\/","title":{"rendered":"10 se\u00f1ales de alerta que marcar\u00e1n nuestra econom\u00eda en 2026, seg\u00fan AmCham Colombia"},"content":{"rendered":"<p>La presidenta de la C\u00e1mara Colombo Americana, AmCham Colombia, Mar\u00eda Claudia Lacouture, hizo un an\u00e1lisis sobre los aspectos que marcar\u00e1n la agenda econ\u00f3mica de 2026 y sobre los cuales el pa\u00eds debe tener alerta. Se trata de 10 puntos que abordan temas desde el crecimiento econ\u00f3mico, el d\u00e9ficit fiscal, empleo, inflaci\u00f3n y seguridad, entre otros.<\/p>\n<p>Sobre estos puntos, Lacouture plantea que es \u201curgente una pol\u00edtica econ\u00f3mica coherente y responsable: austeridad y priorizaci\u00f3n del gasto, plan fiscal cre\u00edble sin ahogar al sector productivo, reglas estables para la inversi\u00f3n y el empleo formal, y agenda de productividad y formalizaci\u00f3n. Con disciplina, baja el riesgo y la econom\u00eda vuelve a moverse\u201d<\/p>\n<p>El mensaje completo es el siguiente:<\/p>\n<ul class=\"wp-block-list\">\n<li>1\/10 Crecimiento | \u201cCrecemos, pero sin piso\u201d<\/li>\n<\/ul>\n<p>En lo corrido de 2025 (ene\u2013sep), el PIB creci\u00f3 2,8%: es positivo, pero insuficiente para cerrar brechas y sostener empleo formal sin m\u00e1s inversi\u00f3n y productividad.<\/p>\n<ul class=\"wp-block-list\">\n<li>2\/10 Fiscal | \u201cL\u00ednea roja\u201d<\/li>\n<\/ul>\n<p>El Gobierno proyecta un d\u00e9ficit del GNC de 7,1% del PIB en 2025: eso encarece la deuda, reduce el margen para inversi\u00f3n social y aumenta la vulnerabilidad.<\/p>\n<ul class=\"wp-block-list\">\n<li>3\/10 Recaudo | \u201cCaja floja\u201d<\/li>\n<\/ul>\n<p>Si suben costos y crece la informalidad, entran menos impuestos y menos aportes a salud y pensi\u00f3n. Resultado: m\u00e1s d\u00e9ficit y ajustes dolorosos (recortes o m\u00e1s impuestos).<\/p>\n<ul class=\"wp-block-list\">\n<li>4\/10 Inversi\u00f3n | \u201cSin confianza no hay motor\u201d<\/li>\n<\/ul>\n<p>La IED estancada. US$9.160 millones a sep-2025 vs US$9.618 millones a sep-2024. Sin reglas claras y estables, la inversi\u00f3n se enfr\u00eda y con ella el empleo formal, los ingresos y el bienestar.<\/p>\n<ul class=\"wp-block-list\">\n<li>5\/10 Empleo | \u201cDato bueno, base d\u00e9bil y sin bienestar\u201d<\/li>\n<\/ul>\n<p>El desempleo nacional (nov-2025) fue 7,0%, pero con informalidad alta no siempre se traduce en empleo de calidad, en productividad, y en bienestar.<\/p>\n<ul class=\"wp-block-list\">\n<li>6\/10 Costos laborales | \u201cCuenta de cobro\u201d<\/li>\n<\/ul>\n<p>El m\u00ednimo +23% y mayores costos laborales, sin productividad ni alivios a pymes, pueden subir precios, cerrar empresas y empujar empleo a la informalidad (m\u00e1s fuerte en regiones).<\/p>\n<ul class=\"wp-block-list\">\n<li>7\/10 Informalidad | \u201cMitad sin red\u201d<\/li>\n<\/ul>\n<p>En jul\u2013sep 2025, la informalidad fue 55,0%: m\u00e1s de la mitad trabaja sin protecci\u00f3n, en el rebusque y sin garant\u00edas, y sin generar productividad, y as\u00ed es dif\u00edcil crecer \u201cen serio\u201d.<\/p>\n<ul class=\"wp-block-list\">\n<li>8\/10 Inflaci\u00f3n y tasas | \u201cEl cr\u00e9dito no baja por decreto\u201d<\/li>\n<\/ul>\n<p>En dic-2025, la inflaci\u00f3n anual fue 5,10%, lejos de la meta de 3%. Con inflaci\u00f3n alta, el cr\u00e9dito tiende a seguir caro.<\/p>\n<ul class=\"wp-block-list\">\n<li>9\/10 Riesgo pa\u00eds | \u201cSe encarece Colombia\u201d<\/li>\n<\/ul>\n<p>Con d\u00e9ficit alto y la regla fiscal en \u201cescape\u201d, S&amp;P baj\u00f3 a BB (perspectiva negativa) y Fitch a BB: se\u00f1al de menor confianza. Eso eleva la prima de riesgo y encarece la deuda y el cr\u00e9dito.<\/p>\n<ul class=\"wp-block-list\">\n<li>10\/10 Seguridad | \u201cSeguridad = competitividad\u201d<\/li>\n<\/ul>\n<p>La seguridad tambi\u00e9n es econom\u00eda: afecta turismo, log\u00edstica, operaci\u00f3n empresarial e imagen pa\u00eds. Proteger la estabilidad territorial protege empleos y encadenamientos productivos.<\/p>\n<p>Se puede corregir \u2013 Nada de esto es inevitable.<\/p>\n<p>Urgente una pol\u00edtica econ\u00f3mica coherente y responsable: austeridad y priorizaci\u00f3n del gasto, plan fiscal cre\u00edble sin ahogar al sector productivo, reglas estables para la inversi\u00f3n y el empleo formal, y agenda de productividad y formalizaci\u00f3n. Con disciplina, baja el riesgo y la econom\u00eda vuelve a moverse.<\/p>\n<p>Mensaje en X:<\/p>\n<p><a title=\"\" href=\"https:\/\/x.com\/mclacouture\/status\/2011901590869881147?s=20\" target=\"_blank\" rel=\"noopener nofollow external noreferrer\" data-wpel-link=\"external\">https:\/\/x.com\/mclacouture\/status\/2011901590869881147?s=20<\/a><\/p>","protected":false},"excerpt":{"rendered":"<p>La presidenta de la C\u00e1mara Colombo Americana, AmCham Colombia, Mar\u00eda Claudia Lacouture, hizo un an\u00e1lisis sobre los aspectos que marcar\u00e1n la agenda econ\u00f3mica de 2026 y sobre los cuales el pa\u00eds debe tener alerta. Se trata de 10 puntos que abordan temas desde el crecimiento econ\u00f3mico, el d\u00e9ficit fiscal, empleo, inflaci\u00f3n y seguridad, entre otros.<\/p>","protected":false},"author":1,"featured_media":17077,"comment_status":"closed","ping_status":"closed","sticky":false,"template":"","format":"standard","meta":{"footnotes":""},"categories":[342,181],"tags":[],"class_list":["post-17076","post","type-post","status-publish","format-standard","has-post-thumbnail","hentry","category-news","category-noticias"],"views":34,"_links":{"self":[{"href":"https:\/\/www.amchambaq.com\/en\/wp-json\/wp\/v2\/posts\/17076","targetHints":{"allow":["GET"]}}],"collection":[{"href":"https:\/\/www.amchambaq.com\/en\/wp-json\/wp\/v2\/posts"}],"about":[{"href":"https:\/\/www.amchambaq.com\/en\/wp-json\/wp\/v2\/types\/post"}],"author":[{"embeddable":true,"href":"https:\/\/www.amchambaq.com\/en\/wp-json\/wp\/v2\/users\/1"}],"replies":[{"embeddable":true,"href":"https:\/\/www.amchambaq.com\/en\/wp-json\/wp\/v2\/comments?post=17076"}],"version-history":[{"count":1,"href":"https:\/\/www.amchambaq.com\/en\/wp-json\/wp\/v2\/posts\/17076\/revisions"}],"predecessor-version":[{"id":17078,"href":"https:\/\/www.amchambaq.com\/en\/wp-json\/wp\/v2\/posts\/17076\/revisions\/17078"}],"wp:featuredmedia":[{"embeddable":true,"href":"https:\/\/www.amchambaq.com\/en\/wp-json\/wp\/v2\/media\/17077"}],"wp:attachment":[{"href":"https:\/\/www.amchambaq.com\/en\/wp-json\/wp\/v2\/media?parent=17076"}],"wp:term":[{"taxonomy":"category","embeddable":true,"href":"https:\/\/www.amchambaq.com\/en\/wp-json\/wp\/v2\/categories?post=17076"},{"taxonomy":"post_tag","embeddable":true,"href":"https:\/\/www.amchambaq.com\/en\/wp-json\/wp\/v2\/tags?post=17076"}],"curies":[{"name":"wp","href":"https:\/\/api.w.org\/{rel}","templated":true}]}}