{"id":16761,"date":"2026-01-14T14:02:31","date_gmt":"2026-01-14T19:02:31","guid":{"rendered":"https:\/\/www.amchambaq.com\/?p=16761"},"modified":"2026-01-14T14:02:31","modified_gmt":"2026-01-14T19:02:31","slug":"suspension-de-visa-americana-aplica-unicamente-a-visas-de-inmigrante","status":"publish","type":"post","link":"https:\/\/www.amchambaq.com\/en\/suspension-de-visa-americana-aplica-unicamente-a-visas-de-inmigrante\/","title":{"rendered":"Suspensi\u00f3n de visa americana aplica \u00fanicamente a visas de inmigrante"},"content":{"rendered":"<p data-start=\"237\" data-end=\"683\">El Departamento de Estado de los Estados Unidos anunci\u00f3 hoy la suspensi\u00f3n del procesamiento de <strong data-start=\"332\" data-end=\"384\">visas de inmigrante para ciudadanos de 75 pa\u00edses<\/strong>, como parte de una revisi\u00f3n de sus procedimientos de evaluaci\u00f3n bajo el criterio de \u201ccarga p\u00fablica\u201d. De acuerdo con lo reportado por medios internacionales, la medida <strong data-start=\"552\" data-end=\"597\">entrar\u00e1 en vigor a partir del 21 de enero<\/strong> y se mantendr\u00e1 <strong data-start=\"613\" data-end=\"682\">hasta nueva revisi\u00f3n por parte de las autoridades estadounidenses<\/strong>.<\/p>\n<p data-start=\"685\" data-end=\"1139\">Seg\u00fan la informaci\u00f3n divulgada, esta suspensi\u00f3n responde a un proceso de reevaluaci\u00f3n de los criterios utilizados para determinar la elegibilidad de solicitantes de visas de inmigrante, particularmente en lo relacionado con la posibilidad de que una persona pueda convertirse en una \u201ccarga p\u00fablica\u201d. La revisi\u00f3n contempla factores como condiciones econ\u00f3micas, situaci\u00f3n laboral, salud y otros elementos asociados a procesos de inmigraci\u00f3n de largo plazo.<\/p>\n<p data-start=\"1141\" data-end=\"1468\">Es fundamental precisar que esta medida <strong data-start=\"1181\" data-end=\"1221\">no afecta las visas de no inmigrante<\/strong>, tales como <strong data-start=\"1234\" data-end=\"1316\">turismo, negocios, estudios, intercambios acad\u00e9micos u otros viajes temporales<\/strong>. Estos tipos de visa contin\u00faan siendo tramitados bajo los procedimientos habituales y no est\u00e1n incluidos dentro del alcance de la suspensi\u00f3n anunciada.<\/p>\n<p data-start=\"1470\" data-end=\"1886\">Asimismo, se ha indicado que las excepciones a la medida ser\u00e1n limitadas y que los procesos se reanudar\u00e1n una vez el Departamento de Estado concluya la revisi\u00f3n de sus mecanismos de evaluaci\u00f3n. Aunque el criterio de \u201ccarga p\u00fablica\u201d ha existido por d\u00e9cadas en la legislaci\u00f3n migratoria estadounidense, su aplicaci\u00f3n ha variado a lo largo del tiempo, y esta nueva revisi\u00f3n busca fortalecer los procedimientos actuales.<\/p>\n<p data-start=\"1888\" data-end=\"2267\">Desde <strong data-start=\"1894\" data-end=\"1904\">AmCham<\/strong>, entendemos que este tipo de anuncios puede generar inquietudes entre empresas, ejecutivos y personas con intereses comerciales, acad\u00e9micos o personales en Estados Unidos. Por ello, reiteramos que <strong data-start=\"2102\" data-end=\"2266\">los viajes de corta duraci\u00f3n por motivos de turismo, negocios, estudios o participaci\u00f3n en eventos internacionales no se encuentran impactados por esta decisi\u00f3n<\/strong>.<\/p>\n<p data-start=\"2269\" data-end=\"2656\">En <strong data-start=\"2272\" data-end=\"2282\">AmCham<\/strong> brindamos <strong data-start=\"2293\" data-end=\"2370\">orientaci\u00f3n y acompa\u00f1amiento en procesos de visa para personas y empresas<\/strong>, apoyando la correcta comprensi\u00f3n de los requisitos y procedimientos vigentes. Para resolver dudas, evaluar casos particulares o recibir asesor\u00eda personalizada, invitamos a nuestros afiliados y aliados a <strong data-start=\"2575\" data-end=\"2605\">contactar a nuestro equipo<\/strong>, que estar\u00e1 disponible para atender sus consultas.<\/p>","protected":false},"excerpt":{"rendered":"<p>El Departamento de Estado de los Estados Unidos anunci\u00f3 hoy la suspensi\u00f3n del procesamiento de visas de inmigrante para ciudadanos de 75 pa\u00edses, como parte de una revisi\u00f3n de sus procedimientos de evaluaci\u00f3n bajo el criterio de \u201ccarga p\u00fablica\u201d. De acuerdo con lo reportado por medios internacionales, la medida entrar\u00e1 en vigor a partir del<\/p>","protected":false},"author":1,"featured_media":13020,"comment_status":"closed","ping_status":"closed","sticky":false,"template":"","format":"standard","meta":{"footnotes":""},"categories":[342,181],"tags":[],"class_list":["post-16761","post","type-post","status-publish","format-standard","has-post-thumbnail","hentry","category-news","category-noticias"],"views":33,"_links":{"self":[{"href":"https:\/\/www.amchambaq.com\/en\/wp-json\/wp\/v2\/posts\/16761","targetHints":{"allow":["GET"]}}],"collection":[{"href":"https:\/\/www.amchambaq.com\/en\/wp-json\/wp\/v2\/posts"}],"about":[{"href":"https:\/\/www.amchambaq.com\/en\/wp-json\/wp\/v2\/types\/post"}],"author":[{"embeddable":true,"href":"https:\/\/www.amchambaq.com\/en\/wp-json\/wp\/v2\/users\/1"}],"replies":[{"embeddable":true,"href":"https:\/\/www.amchambaq.com\/en\/wp-json\/wp\/v2\/comments?post=16761"}],"version-history":[{"count":1,"href":"https:\/\/www.amchambaq.com\/en\/wp-json\/wp\/v2\/posts\/16761\/revisions"}],"predecessor-version":[{"id":16762,"href":"https:\/\/www.amchambaq.com\/en\/wp-json\/wp\/v2\/posts\/16761\/revisions\/16762"}],"wp:featuredmedia":[{"embeddable":true,"href":"https:\/\/www.amchambaq.com\/en\/wp-json\/wp\/v2\/media\/13020"}],"wp:attachment":[{"href":"https:\/\/www.amchambaq.com\/en\/wp-json\/wp\/v2\/media?parent=16761"}],"wp:term":[{"taxonomy":"category","embeddable":true,"href":"https:\/\/www.amchambaq.com\/en\/wp-json\/wp\/v2\/categories?post=16761"},{"taxonomy":"post_tag","embeddable":true,"href":"https:\/\/www.amchambaq.com\/en\/wp-json\/wp\/v2\/tags?post=16761"}],"curies":[{"name":"wp","href":"https:\/\/api.w.org\/{rel}","templated":true}]}}