{"id":16758,"date":"2026-01-14T08:47:44","date_gmt":"2026-01-14T13:47:44","guid":{"rendered":"https:\/\/www.amchambaq.com\/?p=16758"},"modified":"2026-01-14T08:47:44","modified_gmt":"2026-01-14T13:47:44","slug":"15-grandes-eventos-impulsaran-la-economia-de-barranquilla-este-ano","status":"publish","type":"post","link":"https:\/\/www.amchambaq.com\/en\/15-grandes-eventos-impulsaran-la-economia-de-barranquilla-este-ano\/","title":{"rendered":"15 grandes eventos impulsar\u00e1n la econom\u00eda de Barranquilla este a\u00f1o"},"content":{"rendered":"<p class=\"elheraldo__StyledParagraph-sc-60z8lc-1 dEjMiD article-body__paragraph\"><b>La Puerta de Oro de Colombia sigue apunt\u00e1ndole al desarrollo y al progreso<\/b>. Barranquilla logr\u00f3 entender que para seguir posicion\u00e1ndose como un referente en competitividad e inversi\u00f3n es fundamental seguir fortaleciendo la infraestructura; impulsar la formaci\u00f3n de talento; facilitar los procesos para inversionistas, y consolidarse como una sede de grandes eventos nacionales e internacionales.<\/p>\n<p class=\"elheraldo__StyledParagraph-sc-60z8lc-1 dEjMiD article-body__paragraph\">A prop\u00f3sito, para el 2026, la capital del Atl\u00e1ntico tiene un a\u00f1o prometedor en materia de eventos<b>. De acuerdo con ProBarranquilla, hasta la fecha hay confirmados 15,\u00a0<\/b>los cuales ratifican la confianza en la ciudad y en el departamento por su capacidad para albergar encuentros de alto nivel.<\/p>\n<div class=\"elheraldo__StyledRecommendedCard-sc-x7jz2p-0 bjiHfq recommended-card\">\n<p class=\"elheraldo__StyledParagraph-sc-60z8lc-1 dEjMiD article-body__paragraph\">\u201cEstos eventos se convierten en una herramienta clave para fortalecer la\u00a0<b>competitividad de Barranquilla y del departamento del Atl\u00e1ntico,\u00a0<\/b>al activar sectores estrat\u00e9gicos de la econom\u00eda y consolidar a la ciudad como un escenario id\u00f3neo para la realizaci\u00f3n de encuentros especializados de alto nivel\u201d, expresaron.<\/p>\n<p class=\"elheraldo__StyledParagraph-sc-60z8lc-1 dEjMiD article-body__paragraph\">Dentro de esta agenda<b>\u00a0se destacan Expografitech, del 7 al 8 de mayo,\u00a0<\/b>el cual busca dinamizar el sector industrial y gr\u00e1fico al conectar tecnolog\u00eda, proveedores y empresas.<\/p>\n<p class=\"elheraldo__StyledParagraph-sc-60z8lc-1 dEjMiD article-body__paragraph\"><b>Asimismo, ExpoProBarranquilla 2026, el cual se realizar\u00e1 el 13 y 14 de mayo<\/b>. Este encuentro promete ser un punto estrat\u00e9gico para inversionistas, empresarios y tomadores de decisiones. Adem\u00e1s, pretende reafirmar el compromiso de la ciudad con la atracci\u00f3n de inversi\u00f3n, el desarrollo empresarial y la generaci\u00f3n de nuevas oportunidades.<\/p>\n<p class=\"elheraldo__StyledParagraph-sc-60z8lc-1 dEjMiD article-body__paragraph\">En este mismo listado se agenda el\u00a0<b>Encuentro de Empresarios de Transporte de Carga y Log\u00edstica de Fedetranscarga<\/b>\u00a0(del 12 al 14 de agosto), el cual refuerza el papel de Barranquilla como un hub log\u00edstico clave, alineado con su vocaci\u00f3n portuaria y su rol estrat\u00e9gico en el comercio nacional.<\/p>\n<p class=\"elheraldo__StyledParagraph-sc-60z8lc-1 dEjMiD article-body__paragraph\">Por otro lado, desde el enfoque del conocimiento y la innovaci\u00f3n, el\u00a0<b>Congreso Internacional de Ortodoncia (del 27 al 29 de septiembre)\u00a0<\/b>fortalece el sector m\u00e9dico-cient\u00edfico al atraer especialistas, investigadores y empresas del sector salud, promoviendo el intercambio acad\u00e9mico.<\/p>\n<p class=\"elheraldo__StyledParagraph-sc-60z8lc-1 dEjMiD article-body__paragraph\">\u201cM\u00e1s que eventos aislados, esta agenda representa una estrategia de posicionamiento y desarrollo,<b>\u00a0con impactos econ\u00f3micos directos e indirectos que consolidan a Barranquilla\u00a0<\/b>como una ciudad especializada, competitiva y preparada para convertir los eventos en motores de desarrollo y proyecci\u00f3n a largo plazo\u201d, culminaron.<\/p>\n<p class=\"elheraldo__StyledParagraph-sc-60z8lc-1 dEjMiD article-body__paragraph\">Sin embargo, al Distrito le esperan otros tres eventos con los que se tienen altas expectativas.<\/p>\n<div class=\"elheraldo__StyledHeaderWrapper-sc-60z8lc-10 VeMNe\">\n<h3 class=\"article-body__header\">Sede de la Reuni\u00f3n Anual de la Red de Ciudades<\/h3>\n<\/div>\n<p class=\"elheraldo__StyledParagraph-sc-60z8lc-1 dEjMiD article-body__paragraph\">Durante el Foro de la OCDE, celebrado desde el 8 al 11 de julio en Barranquilla, el Banco Interamericano de Desarrollo (BID) anunci\u00f3 que la ciudad ser\u00e1 sede de la Reuni\u00f3n Anual de la Red de Ciudades en 2026.<\/p>\n<p class=\"elheraldo__StyledParagraph-sc-60z8lc-1 dEjMiD article-body__paragraph\"><b>Ramiro L\u00f3pez-Ghio, representante del BID en Colombia,\u00a0<\/b>fue el encargado de informar que Barranquilla y Bogot\u00e1 recibir\u00e1n este evento de talla internacional por sus destacados logros en la gobernanza, la aplicaci\u00f3n de sus pol\u00edticas p\u00fablicas y atenci\u00f3n a las comunidades.<\/p>\n<p class=\"elheraldo__StyledParagraph-sc-60z8lc-1 dEjMiD article-body__paragraph\">\u201cAgradecerle al BID, entre otras, que nos escogen a Bogot\u00e1 y a Barranquilla para el pr\u00f3ximo a\u00f1o, un evento muy importante. Y en el marco de este evento, no puede haber una mejor noticia que esa.\u00a0<b>Agradecerle al BID no solo por esta escogencia<\/b>, sino por todo el apoyo que nos han dado a lo largo de muchos a\u00f1os, mejor dicho, m\u00e1s de una d\u00e9cada, apoy\u00e1ndonos en los grandes proyectos que Barranquilla ha realizado\u201d, expres\u00f3 el mandatario.<\/p>\n<p class=\"elheraldo__StyledParagraph-sc-60z8lc-1 dEjMiD article-body__paragraph\">A su turno, el alcalde de Bogot\u00e1, Carlos Fernando Gal\u00e1n, comparti\u00f3 con el alcalde de los barranquilleros esta celebraci\u00f3n: \u201c<b>Como dice Alex, el BID<\/b>\u00a0ha sido fundamental para las ciudades en Colombia, en el caso de Bogot\u00e1, sobre el motor de nuestra transformaci\u00f3n en este momento, por ejemplo, con la l\u00ednea 1 del metro y con la l\u00ednea 2 del metro. (&#8230;) Creo que es un mensaje muy importante que refleja lo que est\u00e1 pasando en las ciudades de Colombia, y es como la transformaci\u00f3n del pa\u00eds est\u00e1 teniendo en las ciudades el escenario principal\u201d, expres\u00f3 el jefe de la capital colombiana.<\/p>\n<p class=\"elheraldo__StyledParagraph-sc-60z8lc-1 dEjMiD article-body__paragraph\"><b>Cabe destacar que el Banco de Desarrollo<\/b>\u00a0se encarga de brindar un apoyo financiero y t\u00e9cnico a gobiernos nacionales, subnacionales y otras entidades de la regi\u00f3n.<\/p>\n<p class=\"elheraldo__StyledParagraph-sc-60z8lc-1 dEjMiD article-body__paragraph\">Asimismo, ejecutan investigaciones de vanguardia e implementan soluciones para enfrentar los desaf\u00edos del desarrollo, tanto a nivel local como global.<\/p>\n<p class=\"elheraldo__StyledParagraph-sc-60z8lc-1 dEjMiD article-body__paragraph\">P<b>or otra parte, la Red de Ciudades del BID\u00a0<\/b>es una plataforma creada para fomentar el intercambio de conocimiento y experiencias entre las ciudades de Am\u00e9rica Latina y el Caribe. El prop\u00f3sito, de acuerdo con la entidad, es \u201cgenerar capacidades para promover el desarrollo urbano sostenible en la regi\u00f3n\u201d.<\/p>\n<div class=\"elheraldo__StyledHeaderWrapper-sc-60z8lc-10 VeMNe\">\n<h4 class=\"article-body__header\">En el estadio Metropolitano, el continente vivir\u00e1 la final de la copa Conmebol Sudamericana 2026<\/h4>\n<\/div>\n<p class=\"elheraldo__StyledParagraph-sc-60z8lc-1 dEjMiD article-body__paragraph\"><b>El 28 de noviembre, siendo el mediod\u00eda en Lima, Per\u00fa<\/b>, el congreso extraordinario de la Conmebol oficializ\u00f3 a Barranquilla como la sede de la final de la Copa Sudamericana 2026. La ciudad fue elegida por unanimidad por el consejo del m\u00e1ximo ente del f\u00fatbol en Suram\u00e9rica. En ese orden de ideas, la final se disputar\u00e1 en el Estadio Metropolitano Roberto Mel\u00e9ndez.<\/p>\n<p class=\"elheraldo__StyledParagraph-sc-60z8lc-1 dEjMiD article-body__paragraph\">Alejandro Dom\u00ednguez, presidente del \u00f3rgano, destac\u00f3 la decisi\u00f3n en aquel entonces. \u201cSe deliber\u00f3 y, de forma un\u00e1nime, hemos decidido darle el voto de confianza a<b>\u00a0Barranquilla para que sea sede de la final \u00fanica de Sudamericana 2026.<\/b>\u00a0Estamos seguros de que la elecci\u00f3n ha sido correcta y que vamos a disfrutarla\u201d, sentenci\u00f3.<\/p>\n<p class=\"elheraldo__StyledParagraph-sc-60z8lc-1 dEjMiD article-body__paragraph\">Cabe destacar que la ciudad se convertir\u00e1 en la primera del pa\u00eds en recibir una final continental en partido \u00fanico desde que la Conmebol implement\u00f3 este formato para definir a los campeones.<\/p>\n<p class=\"elheraldo__StyledParagraph-sc-60z8lc-1 dEjMiD article-body__paragraph\">Asimismo, es de se\u00f1alar que la designaci\u00f3n ya ven\u00eda siendo manejada desde hace varios meses en los corrillos del balompi\u00e9 continental. La confirmaci\u00f3n se hab\u00eda anticipado p\u00fablicamente el 11 de septiembre pasado cuando el presidente de la<b>\u00a0Federaci\u00f3n Boliviana de F\u00fatbol, Fernando Costa,<\/b>\u00a0asegur\u00f3 que Barranquilla ser\u00eda la sede, versi\u00f3n que ahora queda ratificada tras la decisi\u00f3n formal adoptada por la Conmebol.<\/p>\n<p class=\"elheraldo__StyledParagraph-sc-60z8lc-1 dEjMiD article-body__paragraph\">En el encuentro tambi\u00e9n estuvo presente el barranquillero Ram\u00f3n Jesur\u00fan, presidente de la Federaci\u00f3n Colombiana de F\u00fatbol, quien se mostr\u00f3 complacido con la elecci\u00f3n y destac\u00f3 el significado hist\u00f3rico de la designaci\u00f3n para el pa\u00eds y para la ciudad.<\/p>\n<p class=\"elheraldo__StyledParagraph-sc-60z8lc-1 dEjMiD article-body__paragraph\"><b>Para Barranquilla, la final de la Copa Sudamericana 2026\u00a0<\/b>representa una vitrina sin precedentes ante el continente. La ciudad recibir\u00e1 a miles de aficionados, delegaciones deportivas, prensa internacional y turistas, lo que tendr\u00e1 un impacto directo en sectores como la hoteler\u00eda, el comercio, el transporte y la gastronom\u00eda.<\/p>\n<p class=\"elheraldo__StyledParagraph-sc-60z8lc-1 dEjMiD article-body__paragraph\"><b>La Conmebol, por su parte, valor\u00f3 la trayectoria del Metropolitano<\/b>\u00a0como sede habitual de la selecci\u00f3n Colombia y su capacidad log\u00edstica, adem\u00e1s del compromiso de las autoridades locales para ejecutar las obras requeridas en los tiempos establecidos.<\/p>\n<div class=\"elheraldo__StyledHeaderWrapper-sc-60z8lc-10 VeMNe\">\n<h4 class=\"article-body__header\">El Distrito se postula como anfitri\u00f3n para magno evento de la OEA<\/h4>\n<\/div>\n<p class=\"elheraldo__StyledParagraph-sc-60z8lc-1 dEjMiD article-body__paragraph\">En el marco del desarrollo de la OCDE,\u00a0<b>el alcalde de Barranquilla, Alejandro Char,<\/b>\u00a0anunci\u00f3 que la ciudad emprender\u00e1 un nuevo proyecto al aspirar a ser sede del Programa de Desarrollo de la Competitividad de la Organizaci\u00f3n de los Estados Americanos (OEA), buscando dar un nuevo impulso a la ciudad.<\/p>\n<p class=\"elheraldo__StyledParagraph-sc-60z8lc-1 dEjMiD article-body__paragraph\"><b>La solicitud fue realizada en compa\u00f1\u00eda de AmCham, ProBarranquilla<\/b>, la Gobernaci\u00f3n del Atl\u00e1ntico y la academia: UniBarranquilla y la Universidad Sim\u00f3n Bol\u00edvar.<\/p>\n<p class=\"elheraldo__StyledParagraph-sc-60z8lc-1 dEjMiD article-body__paragraph\">\u201cNos postulamos para ser escogidos como el epicentro de la conversaci\u00f3n de competitividad, innovaci\u00f3n y productividad en las Am\u00e9ricas el pr\u00f3ximo a\u00f1o\u201d, inform\u00f3 el mandatario a trav\u00e9s de sus redes.<\/p>\n<p class=\"elheraldo__StyledParagraph-sc-60z8lc-1 dEjMiD article-body__paragraph\"><b>La Organizaci\u00f3n de los Estados Americanos (OEA)\u00a0<\/b>es un \u00f3rgano internacional cuyo fin es afianzar la paz y la seguridad del continente.<\/p>\n<p class=\"elheraldo__StyledParagraph-sc-60z8lc-1 dEjMiD article-body__paragraph\">Adem\u00e1s, buscan prevenir las posibles causas de dificultades y asegurar la soluci\u00f3n pac\u00edfica de las controversias; organizar la acci\u00f3n solidaria de estos en caso de agresi\u00f3n, y procurar la soluci\u00f3n de los problemas pol\u00edticos, jur\u00eddicos y econ\u00f3micos que se susciten.<\/p>\n<p>Tomado de: EL HERALDO<\/p>\n<\/div>","protected":false},"excerpt":{"rendered":"<p>La Puerta de Oro de Colombia sigue apunt\u00e1ndole al desarrollo y al progreso. Barranquilla logr\u00f3 entender que para seguir posicion\u00e1ndose como un referente en competitividad e inversi\u00f3n es fundamental seguir fortaleciendo la infraestructura; impulsar la formaci\u00f3n de talento; facilitar los procesos para inversionistas, y consolidarse como una sede de grandes eventos nacionales e internacionales. A<\/p>","protected":false},"author":1,"featured_media":16759,"comment_status":"closed","ping_status":"closed","sticky":false,"template":"","format":"standard","meta":{"footnotes":""},"categories":[342,181],"tags":[],"class_list":["post-16758","post","type-post","status-publish","format-standard","has-post-thumbnail","hentry","category-news","category-noticias"],"views":38,"_links":{"self":[{"href":"https:\/\/www.amchambaq.com\/en\/wp-json\/wp\/v2\/posts\/16758","targetHints":{"allow":["GET"]}}],"collection":[{"href":"https:\/\/www.amchambaq.com\/en\/wp-json\/wp\/v2\/posts"}],"about":[{"href":"https:\/\/www.amchambaq.com\/en\/wp-json\/wp\/v2\/types\/post"}],"author":[{"embeddable":true,"href":"https:\/\/www.amchambaq.com\/en\/wp-json\/wp\/v2\/users\/1"}],"replies":[{"embeddable":true,"href":"https:\/\/www.amchambaq.com\/en\/wp-json\/wp\/v2\/comments?post=16758"}],"version-history":[{"count":1,"href":"https:\/\/www.amchambaq.com\/en\/wp-json\/wp\/v2\/posts\/16758\/revisions"}],"predecessor-version":[{"id":16760,"href":"https:\/\/www.amchambaq.com\/en\/wp-json\/wp\/v2\/posts\/16758\/revisions\/16760"}],"wp:featuredmedia":[{"embeddable":true,"href":"https:\/\/www.amchambaq.com\/en\/wp-json\/wp\/v2\/media\/16759"}],"wp:attachment":[{"href":"https:\/\/www.amchambaq.com\/en\/wp-json\/wp\/v2\/media?parent=16758"}],"wp:term":[{"taxonomy":"category","embeddable":true,"href":"https:\/\/www.amchambaq.com\/en\/wp-json\/wp\/v2\/categories?post=16758"},{"taxonomy":"post_tag","embeddable":true,"href":"https:\/\/www.amchambaq.com\/en\/wp-json\/wp\/v2\/tags?post=16758"}],"curies":[{"name":"wp","href":"https:\/\/api.w.org\/{rel}","templated":true}]}}