{"id":15518,"date":"2025-12-17T14:18:55","date_gmt":"2025-12-17T19:18:55","guid":{"rendered":"https:\/\/www.amchambaq.com\/?p=15518"},"modified":"2025-12-17T14:18:55","modified_gmt":"2025-12-17T19:18:55","slug":"lideres-colombianos-se-reunen-con-landau-en-washington-para-impulsar-alianzas-economicas","status":"publish","type":"post","link":"https:\/\/www.amchambaq.com\/en\/lideres-colombianos-se-reunen-con-landau-en-washington-para-impulsar-alianzas-economicas\/","title":{"rendered":"L\u00edderes colombianos se re\u00fanen con Landau en Washington para impulsar alianzas econ\u00f3micas"},"content":{"rendered":"<p>AmCham presente en Washington D.C. en la agenda del U.S. Chamber of Commerce\u2019s U.S.-Colombia Business Council (USCBC), un encuentro que reuni\u00f3 a gobernadores, alcaldes y representantes del sector empresarial para fortalecer la cooperaci\u00f3n entre Colombia y Estados Unidos.<\/p>\n<p>Nuestra directora ejecutiva, Vicky Iba\u00f1ez, particip\u00f3 en este di\u00e1logo de alto nivel orientado a identificar oportunidades de colaboraci\u00f3n en innovaci\u00f3n, inversi\u00f3n, desarrollo sostenible y fortalecimiento institucional desde las regiones.<\/p>\n<p>El evento, organizado por la Oficina de Asuntos Andinos del Departamento de Estado y el Consejo Empresarial EE.UU.-Colombia, se centr\u00f3 en fortalecer lazos econ\u00f3micos mediante alianzas p\u00fablico-privadas. Landau resalt\u00f3 la alianza estrat\u00e9gica bilateral y el inter\u00e9s de empresas estadounidenses en invertir en el pa\u00eds, mientras Gal\u00e1n subray\u00f3 la prioridad de la prosperidad regional y la cooperaci\u00f3n en seguridad.<\/p>\n<p>La agenda incluy\u00f3 paneles off the record, una visita al Centro de Innovaci\u00f3n de Honeywell y posibles reuniones en el Departamento de Estado.<\/p>","protected":false},"excerpt":{"rendered":"<p>AmCham presente en Washington D.C. en la agenda del U.S. Chamber of Commerce\u2019s U.S.-Colombia Business Council (USCBC), un encuentro que reuni\u00f3 a gobernadores, alcaldes y representantes del sector empresarial para fortalecer la cooperaci\u00f3n entre Colombia y Estados Unidos. Nuestra directora ejecutiva, Vicky Iba\u00f1ez, particip\u00f3 en este di\u00e1logo de alto nivel orientado a identificar oportunidades de<\/p>","protected":false},"author":1,"featured_media":15519,"comment_status":"closed","ping_status":"closed","sticky":false,"template":"","format":"standard","meta":{"footnotes":""},"categories":[342,181],"tags":[],"class_list":["post-15518","post","type-post","status-publish","format-standard","has-post-thumbnail","hentry","category-news","category-noticias"],"views":25,"_links":{"self":[{"href":"https:\/\/www.amchambaq.com\/en\/wp-json\/wp\/v2\/posts\/15518","targetHints":{"allow":["GET"]}}],"collection":[{"href":"https:\/\/www.amchambaq.com\/en\/wp-json\/wp\/v2\/posts"}],"about":[{"href":"https:\/\/www.amchambaq.com\/en\/wp-json\/wp\/v2\/types\/post"}],"author":[{"embeddable":true,"href":"https:\/\/www.amchambaq.com\/en\/wp-json\/wp\/v2\/users\/1"}],"replies":[{"embeddable":true,"href":"https:\/\/www.amchambaq.com\/en\/wp-json\/wp\/v2\/comments?post=15518"}],"version-history":[{"count":1,"href":"https:\/\/www.amchambaq.com\/en\/wp-json\/wp\/v2\/posts\/15518\/revisions"}],"predecessor-version":[{"id":15520,"href":"https:\/\/www.amchambaq.com\/en\/wp-json\/wp\/v2\/posts\/15518\/revisions\/15520"}],"wp:featuredmedia":[{"embeddable":true,"href":"https:\/\/www.amchambaq.com\/en\/wp-json\/wp\/v2\/media\/15519"}],"wp:attachment":[{"href":"https:\/\/www.amchambaq.com\/en\/wp-json\/wp\/v2\/media?parent=15518"}],"wp:term":[{"taxonomy":"category","embeddable":true,"href":"https:\/\/www.amchambaq.com\/en\/wp-json\/wp\/v2\/categories?post=15518"},{"taxonomy":"post_tag","embeddable":true,"href":"https:\/\/www.amchambaq.com\/en\/wp-json\/wp\/v2\/tags?post=15518"}],"curies":[{"name":"wp","href":"https:\/\/api.w.org\/{rel}","templated":true}]}}