{"id":13990,"date":"2025-11-07T15:22:24","date_gmt":"2025-11-07T20:22:24","guid":{"rendered":"https:\/\/www.amchambaq.com\/?p=13990"},"modified":"2025-11-07T15:22:24","modified_gmt":"2025-11-07T20:22:24","slug":"colombia-rompio-su-techo-exportador-septiembre-registra-el-mayor-valor-en-ventas-internacionales-en-12-meses","status":"publish","type":"post","link":"https:\/\/www.amchambaq.com\/en\/colombia-rompio-su-techo-exportador-septiembre-registra-el-mayor-valor-en-ventas-internacionales-en-12-meses\/","title":{"rendered":"Colombia rompi\u00f3 su techo exportador: septiembre registra el mayor valor en ventas internacionales en 12 meses"},"content":{"rendered":"<div data-breakout=\"normal\">\n<p id=\"viewer-hb1zt928\" class=\"tQpTW TVrbu KHfOY Xs6GJ\" dir=\"auto\"><span class=\"UPtM1\">El comercio exterior del pa\u00eds cerr\u00f3 septiembre con un impulso inesperado. Mientras algunos analistas anticipaban un comportamiento moderado, los datos confirmaron una tendencia m\u00e1s alentadora y marcaron el registro m\u00e1s alto del \u00faltimo a\u00f1o en materia de ventas internacionales.<\/span><\/p>\n<\/div>\n<div data-hook=\"rcv-block5\">Entre los destinos que m\u00e1s demandaron bienes colombianos destacaron Estados Unidos, Panam\u00e1 y Per\u00fa. <strong>Aunque el mercado estadounidense contin\u00faa ocupando el primer lugar, con una participaci\u00f3n de 26,2% del total exportado, el mayor dinamismo provino de la regi\u00f3n. <\/strong>El repunte en los env\u00edos hacia Per\u00fa y Panam\u00e1 aport\u00f3, en conjunto, nueve puntos porcentuales a la variaci\u00f3n total de las exportaciones. Seg\u00fan el balance oficial, este salto estuvo estrechamente ligado al crecimiento de las ventas de minerales de cobre y metales preciosos y sus concentrados, que aumentaron 74,7%.<\/div>\n<div data-hook=\"rcv-block5\"><\/div>\n<div data-hook=\"rcv-block7\">El panorama result\u00f3 m\u00e1s mixto con Estados Unidos. Aunque sigue siendo el socio comercial m\u00e1s relevante, la reducci\u00f3n en las compras de petr\u00f3leo crudo, que cayeron 37,5%, rest\u00f3 3,6 puntos porcentuales al desempe\u00f1o global. Aun as\u00ed, el conjunto de mercados compens\u00f3 este retroceso.<\/div>\n<div data-hook=\"rcv-block7\"><\/div>\n<div data-hook=\"rcv-block9\"><strong>El mayor dinamismo por sectores lleg\u00f3 desde los productos agropecuarios, alimentos y bebidas. Con un peso de 26,8% del total vendido, este grupo se convirti\u00f3 en uno de los grandes motores del mes.<\/strong> Las exportaciones de caf\u00e9 sin tostar, descafeinado o no, crecieron 82,9%, y el aceite de palma y sus fracciones avanz\u00f3 170,9%, un desempe\u00f1o que reafirma su importancia en la canasta exportadora.<\/div>\n<div data-hook=\"rcv-block9\"><\/div>\n<div data-hook=\"rcv-block11\">En total, este grupo alcanz\u00f3 USD1.237,2 millones FOB, lo que signific\u00f3 un crecimiento de 29,6% frente al mismo mes del a\u00f1o anterior. La cifra refleja una demanda internacional sostenida que favorece al sector agr\u00edcola, particularmente a los productores de caf\u00e9, que recuperan terreno en un contexto internacional competitivo.<\/div>\n<div data-hook=\"rcv-block13\">Otro segmento que dio se\u00f1ales positivas fue el de las manufacturas, que aport\u00f3 el 22% del total exportado. <strong>Las ventas externas de este grupo sumaron USD1.018,1 millones FOB, un avance de 11,8% frente a septiembre de 2024<\/strong>. Este resultado se explic\u00f3 especialmente por el aumento en productos qu\u00edmicos y conexos (27,2%), as\u00ed como en maquinaria y equipo de transporte (9%). Aunque su participaci\u00f3n no fue la m\u00e1s alta, este comportamiento evidencia que la industria colombiana mantiene una base exportadora diversificada.<\/div>\n<div data-hook=\"rcv-block13\"><\/div>\n<div data-hook=\"rcv-block15\">Las cifras del sector de combustibles y productos de industrias extractivas tambi\u00e9n mostraron una lectura particular. Pese a que en septiembre se exportaron 13,7 millones de barriles de petr\u00f3leo crudo, 11,9% menos frente al mismo mes de 2024, el valor total de ese rengl\u00f3n alcanz\u00f3 USD1.944,9 millones FOB, un incremento de 3,7%. El resultado estuvo influenciado por el crecimiento de las ventas de menas y desechos de metales, que se dispararon 410,9%, compensando as\u00ed la ca\u00edda en el crudo.<\/div>\n<div data-hook=\"rcv-block17\">De otro lado, el grupo denominado \u201cotros sectores\u201d registr\u00f3 una variaci\u00f3n positiva de 0,6%, impulsado principalmente por las exportaciones de oro no monetario.<strong> Aunque su peso dentro del total exportado es menor (9,1%), su estabilidad contribuy\u00f3 al balance final.<\/strong><\/div>\n<div data-breakout=\"normal\">\n<p id=\"viewer-n6nj0970\" class=\"tQpTW TVrbu KHfOY Xs6GJ\" dir=\"auto\"><span class=\"UPtM1\">En t\u00e9rminos globales, septiembre de 2025 cerr\u00f3 con exportaciones por USD4.621,3 millones FOB, un aumento de 11,1% frente a septiembre de 2024. Lo destacable es que se trat\u00f3 del mayor valor registrado en los \u00faltimos doce meses, consolidando un mes especialmente favorable para la balanza comercial.<\/span><\/p>\n<\/div>\n<div data-breakout=\"normal\">\n<p id=\"viewer-thcwn972\" class=\"tQpTW TVrbu KHfOY Xs6GJ\" dir=\"auto\"><span class=\"UPtM1\">Diversos factores explican el buen ritmo.<strong> Por un lado, la recuperaci\u00f3n de la demanda de productos agroindustriales y el comportamiento estable del sector manufacturero.<\/strong> Por otro, el aporte extraordinario de metales y concentrados, que empuj\u00f3 al alza los n\u00fameros de las industrias extractivas. Todo esto ocurri\u00f3 en un contexto en el que la reducci\u00f3n de los env\u00edos de petr\u00f3leo crudo no logr\u00f3 opacar el balance general<\/span><\/p>\n<\/div>\n<div data-breakout=\"normal\">\n<p id=\"viewer-x73f11534\" class=\"tQpTW TVrbu KHfOY Xs6GJ\" dir=\"auto\"><span class=\"UPtM1\"><a class=\"_3mPCj uUNDj\" href=\"https:\/\/www.infobae.com\/colombia\/2025\/11\/04\/colombia-rompio-su-techo-exportador-septiembre-registra-el-mayor-valor-en-ventas-internacionales-en-12-meses\/\" target=\"_blank\" rel=\"noopener noreferrer\" data-hook=\"web-link\"><u>Tomado de Infobae<\/u><\/a><\/span><\/p>\n<\/div>","protected":false},"excerpt":{"rendered":"<p>El comercio exterior del pa\u00eds cerr\u00f3 septiembre con un impulso inesperado. Mientras algunos analistas anticipaban un comportamiento moderado, los datos confirmaron una tendencia m\u00e1s alentadora y marcaron el registro m\u00e1s alto del \u00faltimo a\u00f1o en materia de ventas internacionales. Entre los destinos que m\u00e1s demandaron bienes colombianos destacaron Estados Unidos, Panam\u00e1 y Per\u00fa. Aunque el<\/p>","protected":false},"author":1,"featured_media":12958,"comment_status":"closed","ping_status":"closed","sticky":false,"template":"","format":"standard","meta":{"footnotes":""},"categories":[342,181],"tags":[],"class_list":["post-13990","post","type-post","status-publish","format-standard","has-post-thumbnail","hentry","category-news","category-noticias"],"views":23,"_links":{"self":[{"href":"https:\/\/www.amchambaq.com\/en\/wp-json\/wp\/v2\/posts\/13990","targetHints":{"allow":["GET"]}}],"collection":[{"href":"https:\/\/www.amchambaq.com\/en\/wp-json\/wp\/v2\/posts"}],"about":[{"href":"https:\/\/www.amchambaq.com\/en\/wp-json\/wp\/v2\/types\/post"}],"author":[{"embeddable":true,"href":"https:\/\/www.amchambaq.com\/en\/wp-json\/wp\/v2\/users\/1"}],"replies":[{"embeddable":true,"href":"https:\/\/www.amchambaq.com\/en\/wp-json\/wp\/v2\/comments?post=13990"}],"version-history":[{"count":1,"href":"https:\/\/www.amchambaq.com\/en\/wp-json\/wp\/v2\/posts\/13990\/revisions"}],"predecessor-version":[{"id":13991,"href":"https:\/\/www.amchambaq.com\/en\/wp-json\/wp\/v2\/posts\/13990\/revisions\/13991"}],"wp:featuredmedia":[{"embeddable":true,"href":"https:\/\/www.amchambaq.com\/en\/wp-json\/wp\/v2\/media\/12958"}],"wp:attachment":[{"href":"https:\/\/www.amchambaq.com\/en\/wp-json\/wp\/v2\/media?parent=13990"}],"wp:term":[{"taxonomy":"category","embeddable":true,"href":"https:\/\/www.amchambaq.com\/en\/wp-json\/wp\/v2\/categories?post=13990"},{"taxonomy":"post_tag","embeddable":true,"href":"https:\/\/www.amchambaq.com\/en\/wp-json\/wp\/v2\/tags?post=13990"}],"curies":[{"name":"wp","href":"https:\/\/api.w.org\/{rel}","templated":true}]}}