{"id":13718,"date":"2025-10-21T09:00:53","date_gmt":"2025-10-21T14:00:53","guid":{"rendered":"https:\/\/www.amchambaq.com\/?p=13718"},"modified":"2025-10-21T09:00:53","modified_gmt":"2025-10-21T14:00:53","slug":"amcham-contradice-a-petro-sobre-la-suspension-del-tlc-sigue-vigente","status":"publish","type":"post","link":"https:\/\/www.amchambaq.com\/en\/amcham-contradice-a-petro-sobre-la-suspension-del-tlc-sigue-vigente\/","title":{"rendered":"AmCham contradice a Petro sobre la suspensi\u00f3n del TLC: \u201cSigue vigente\u201d"},"content":{"rendered":"<p class=\"elheraldo__StyledParagraph-sc-60z8lc-1 dEjMiD article-body__paragraph\">En medio de la tensi\u00f3n diplom\u00e1tica con los\u00a0<b>Estados Unidos<\/b>, el presidente\u00a0<b>Gustavo Petro\u00a0<\/b>dijo este lunes que el Tratado de Libre Comercio\u00a0<b>(TLC)\u00a0<\/b>con ese pa\u00eds est\u00e1\u00a0<b>suspendido<\/b>\u00a0\u201cunilateralmente\u201d, al imponer aranceles de 10% a Colombia.<\/p>\n<p>\u201cEl TLC est\u00e1 suspendido de facto y por decisi\u00f3n unilateral del gobierno estadounidense. Al poner aranceles de 10% ya se viol\u00f3 el tratado del TLC y se volvieron nulas las antiguas preferencias arancelarias que hac\u00edan que Colombia estuviera bajo control de EE. UU.\u00a0<b>Est\u00e1n rotas unilateralmente por EE. UU.<\/b>, no por nosotros y nos dejan libres, que no nos asuste ser libres, tenemos todo el mundo por delante, trabajemos por recorrerlo, entenderlo y seducirlo, los colombianos y colombianas sabemos c\u00f3mo hacerlo\u201d, escribi\u00f3 el jefe de Estado.<\/p>\n<p>Ante esto, la presidenta ejecutiva de la C\u00e1mara de Comercio Estadounidense en Colombia (AmCham),\u00a0<b>Mar\u00eda Claudia Lacouture<\/b>, contradijo la versi\u00f3n del primer mandatario sobre el TLC, asegurando que el mismo \u201cno est\u00e1 suspendido\u201d.<\/p>\n<p class=\"elheraldo__StyledParagraph-sc-60z8lc-1 dEjMiD article-body__paragraph\">\u201cTeniendo en cuenta las afirmaciones sobre la \u201csuspensi\u00f3n\u201d del acuerdo comercial Colombia\u2013EE. UU., es clave precisar: el<b>\u00a0TLC no est\u00e1 suspendido<\/b>. Sigue vigente. Lo anunciado por EE. UU. no lo termina ni lo suspende autom\u00e1ticamente&#8221;, escribi\u00f3 a trav\u00e9s de su cuenta de X.<\/p>\n<p class=\"elheraldo__StyledParagraph-sc-60z8lc-1 dEjMiD article-body__paragraph\">Asimismo, la tambi\u00e9n exministra de Comercio aclar\u00f3 que el arancel del 10% \u201ces un recargo adicional sobre sus importaciones (nuestras exportaciones), sustentado en\u00a0<b>IEEPA\u00a0<\/b>y una emergencia; el TLC sigue vigente\u201d.<\/p>\n<p>Lacouture asegur\u00f3 que el tratado sigue aplicando en reglas de origen, servicios, compras p\u00fablicas,\u00a0<b>propiedad intelectual<\/b>\u00a0y sus dem\u00e1s disciplinas, e hizo un llamado al Gobierno a \u201canteponer el bienestar de los colombianos a las ideolog\u00edas\u201d.<\/p>\n<p>&nbsp;<\/p>","protected":false},"excerpt":{"rendered":"<p>En medio de la tensi\u00f3n diplom\u00e1tica con los\u00a0Estados Unidos, el presidente\u00a0Gustavo Petro\u00a0dijo este lunes que el Tratado de Libre Comercio\u00a0(TLC)\u00a0con ese pa\u00eds est\u00e1\u00a0suspendido\u00a0\u201cunilateralmente\u201d, al imponer aranceles de 10% a Colombia. \u201cEl TLC est\u00e1 suspendido de facto y por decisi\u00f3n unilateral del gobierno estadounidense. Al poner aranceles de 10% ya se viol\u00f3 el tratado del TLC<\/p>","protected":false},"author":1,"featured_media":11894,"comment_status":"closed","ping_status":"closed","sticky":false,"template":"","format":"standard","meta":{"footnotes":""},"categories":[342,181],"tags":[],"class_list":["post-13718","post","type-post","status-publish","format-standard","has-post-thumbnail","hentry","category-news","category-noticias"],"views":18,"_links":{"self":[{"href":"https:\/\/www.amchambaq.com\/en\/wp-json\/wp\/v2\/posts\/13718","targetHints":{"allow":["GET"]}}],"collection":[{"href":"https:\/\/www.amchambaq.com\/en\/wp-json\/wp\/v2\/posts"}],"about":[{"href":"https:\/\/www.amchambaq.com\/en\/wp-json\/wp\/v2\/types\/post"}],"author":[{"embeddable":true,"href":"https:\/\/www.amchambaq.com\/en\/wp-json\/wp\/v2\/users\/1"}],"replies":[{"embeddable":true,"href":"https:\/\/www.amchambaq.com\/en\/wp-json\/wp\/v2\/comments?post=13718"}],"version-history":[{"count":1,"href":"https:\/\/www.amchambaq.com\/en\/wp-json\/wp\/v2\/posts\/13718\/revisions"}],"predecessor-version":[{"id":13719,"href":"https:\/\/www.amchambaq.com\/en\/wp-json\/wp\/v2\/posts\/13718\/revisions\/13719"}],"wp:featuredmedia":[{"embeddable":true,"href":"https:\/\/www.amchambaq.com\/en\/wp-json\/wp\/v2\/media\/11894"}],"wp:attachment":[{"href":"https:\/\/www.amchambaq.com\/en\/wp-json\/wp\/v2\/media?parent=13718"}],"wp:term":[{"taxonomy":"category","embeddable":true,"href":"https:\/\/www.amchambaq.com\/en\/wp-json\/wp\/v2\/categories?post=13718"},{"taxonomy":"post_tag","embeddable":true,"href":"https:\/\/www.amchambaq.com\/en\/wp-json\/wp\/v2\/tags?post=13718"}],"curies":[{"name":"wp","href":"https:\/\/api.w.org\/{rel}","templated":true}]}}