{"id":13708,"date":"2025-10-14T09:00:04","date_gmt":"2025-10-14T14:00:04","guid":{"rendered":"https:\/\/www.amchambaq.com\/?p=13708"},"modified":"2025-10-14T10:59:44","modified_gmt":"2025-10-14T15:59:44","slug":"entran-en-vigor-los-aranceles-de-ee-uu-a-productos-de-madera-y-muebles-colombia-se-vera-afectada","status":"publish","type":"post","link":"https:\/\/www.amchambaq.com\/en\/entran-en-vigor-los-aranceles-de-ee-uu-a-productos-de-madera-y-muebles-colombia-se-vera-afectada\/","title":{"rendered":"Entran en vigor los aranceles de EE.UU. a productos de madera y muebles: \u00bfColombia se ver\u00e1 afectada?"},"content":{"rendered":"<div class=\"paragraph\">Los nuevos aranceles impuestos por el Gobierno de Estados Unidos a las importaciones de madera y muebles, impulsados por la administraci\u00f3n del presidente Donald Trump,\u00a0<b>representan un desaf\u00edo potencial para los exportadores colombianos de estos productos.\u00a0<\/b>Aunque la medida fue presentada con el objetivo de \u201cproteger la industria nacional y reducir la dependencia de importaciones\u201d, Colombia no figura entre <b>los pa\u00edses exentos, como s\u00ed lo est\u00e1n Reino Unido, la Uni\u00f3n Europea y Jap\u00f3n,\u00a0<\/b>que mantendr\u00e1n tarifas entre el 10 % y el 15 %.<\/div>\n<div><\/div>\n<div id=\"contenido-cerrado-piano\" class=\"contenido-cerrado-piano\">\n<div class=\"paragraph\">A partir de este martes 14 de octubre,\u00a0<b>Estados Unidos aplicar\u00e1 un arancel del 10 % a toda la madera aserrada y madera blanda importada<\/b>, y un\u00a0<b>25 % a muebles tapizados en madera, incluidos sof\u00e1s y sillones.\u00a0<\/b>Tambi\u00e9n se impondr\u00e1 un<b>\u00a025 % a gabinetes de cocina y tocadores,<\/b>\u00a0junto con sus piezas clave. Estas medidas, anunciadas por la Casa Blanca en septiembre de 2025,\u00a0<b>prev\u00e9n incrementos adicionales desde enero de 2026.<\/b><\/div>\n<\/div>\n<div>\n<div><\/div>\n<div class=\"paragraph\"><b>Gigantes de la industria nacional,\u00a0<\/b>como la Coalici\u00f3n de la Madera de Estados Unidos, asociaci\u00f3n que representa a productores de madera, y la Alianza Americana de Gabinetes de Cocina,\u00a0<b>respaldaron las medidas. <\/b>El aumento en los costos de ingreso al mercado estadounidense podr\u00eda reducir la competitividad de los productos colombianos frente a los originarios de pa\u00edses exonerados.<\/div>\n<div>\n<div><\/div>\n<div class=\"paragraph\">Adem\u00e1s, la advertencia de importadores norteamericanos sobre posibles alzas de precios y escasez de mobiliario por la dependencia de proveedores de bajo costo, especialmente China y Vietnam, abre interrogantes sobre c\u00f3mo se reconfigurar\u00e1 la demanda de estos productos.<\/div>\n<div><\/div>\n<\/div>\n<div>Tomado de: EL TIEMPO<\/div>\n<\/div>\n<div class=\"c-leatambien c-leatambien--varios\" data-mrf-recirculation=\"Art\u00edculo - Lea Tambi\u00e9n\"><\/div>","protected":false},"excerpt":{"rendered":"<p>Los nuevos aranceles impuestos por el Gobierno de Estados Unidos a las importaciones de madera y muebles, impulsados por la administraci\u00f3n del presidente Donald Trump,\u00a0representan un desaf\u00edo potencial para los exportadores colombianos de estos productos.\u00a0Aunque la medida fue presentada con el objetivo de \u201cproteger la industria nacional y reducir la dependencia de importaciones\u201d, Colombia no<\/p>","protected":false},"author":1,"featured_media":13709,"comment_status":"closed","ping_status":"closed","sticky":false,"template":"","format":"standard","meta":{"footnotes":""},"categories":[342,181],"tags":[],"class_list":["post-13708","post","type-post","status-publish","format-standard","has-post-thumbnail","hentry","category-news","category-noticias"],"views":29,"_links":{"self":[{"href":"https:\/\/www.amchambaq.com\/en\/wp-json\/wp\/v2\/posts\/13708","targetHints":{"allow":["GET"]}}],"collection":[{"href":"https:\/\/www.amchambaq.com\/en\/wp-json\/wp\/v2\/posts"}],"about":[{"href":"https:\/\/www.amchambaq.com\/en\/wp-json\/wp\/v2\/types\/post"}],"author":[{"embeddable":true,"href":"https:\/\/www.amchambaq.com\/en\/wp-json\/wp\/v2\/users\/1"}],"replies":[{"embeddable":true,"href":"https:\/\/www.amchambaq.com\/en\/wp-json\/wp\/v2\/comments?post=13708"}],"version-history":[{"count":1,"href":"https:\/\/www.amchambaq.com\/en\/wp-json\/wp\/v2\/posts\/13708\/revisions"}],"predecessor-version":[{"id":13710,"href":"https:\/\/www.amchambaq.com\/en\/wp-json\/wp\/v2\/posts\/13708\/revisions\/13710"}],"wp:featuredmedia":[{"embeddable":true,"href":"https:\/\/www.amchambaq.com\/en\/wp-json\/wp\/v2\/media\/13709"}],"wp:attachment":[{"href":"https:\/\/www.amchambaq.com\/en\/wp-json\/wp\/v2\/media?parent=13708"}],"wp:term":[{"taxonomy":"category","embeddable":true,"href":"https:\/\/www.amchambaq.com\/en\/wp-json\/wp\/v2\/categories?post=13708"},{"taxonomy":"post_tag","embeddable":true,"href":"https:\/\/www.amchambaq.com\/en\/wp-json\/wp\/v2\/tags?post=13708"}],"curies":[{"name":"wp","href":"https:\/\/api.w.org\/{rel}","templated":true}]}}