{"id":13703,"date":"2025-10-08T14:50:22","date_gmt":"2025-10-08T19:50:22","guid":{"rendered":"https:\/\/www.amchambaq.com\/?p=13703"},"modified":"2025-10-08T14:50:22","modified_gmt":"2025-10-08T19:50:22","slug":"zona-franca-la-cayena-obtiene-certificacion-internacional-de-descarbonizacion","status":"publish","type":"post","link":"https:\/\/www.amchambaq.com\/en\/zona-franca-la-cayena-obtiene-certificacion-internacional-de-descarbonizacion\/","title":{"rendered":"Zona Franca La Cayena obtiene certificaci\u00f3n internacional de descarbonizaci\u00f3n"},"content":{"rendered":"<h3 class=\"wp-block-heading\"><em><strong>ona Franca La Cayena recibi\u00f3 la certificaci\u00f3n internacional como Empresa en Proceso de Descarbonizaci\u00f3n, otorgada por el Programa Internacional 100% Carbon Neutral y liderada por La Tercera Mirada, en reconocimiento a su compromiso con la reducci\u00f3n de emisiones de gases de efecto invernadero (GEI) y su avance hacia la meta de convertirse en el primer Parque Eco Industrial del Caribe colombiano.<\/strong><\/em><\/h3>\n<p>Este logro consolida su hoja de ruta ambiental, que incluye el dise\u00f1o del Sistema de Gesti\u00f3n Ambiental, la implementaci\u00f3n de estrategias de econom\u00eda circular y la certificaci\u00f3n internacional de Huella de Carbono, acciones que fortalecen su compromiso con la sostenibilidad empresarial.<\/p>\n<p>Ser una empresa en proceso de descarbonizaci\u00f3n representa una ventaja competitiva que impulsa la innovaci\u00f3n, el acceso a nuevos mercados y la confianza de inversionistas y aliados.<\/p>\n<p><em>\u201cEste reconocimiento refuerza nuestro compromiso con la sostenibilidad, la innovaci\u00f3n ambiental y el trabajo conjunto con nuestras empresas usuarias. Avanzamos en consolidarnos como un modelo de desarrollo industrial responsable y competitivo en la regi\u00f3n Caribe\u201d, afirm\u00f3 Manuel Herrera, Gerente General de Zona Franca La Cayena.<\/em><\/p>\n<p>Esta certificaci\u00f3n se enmarca en la estrategia Cayena Triple Impacto, que promueve el valor ambiental, social y econ\u00f3mico compartido entre las empresas del parque y sus aliados.<\/p>\n<p>Con este avance, Zona Franca La Cayena reafirma su liderazgo como referente nacional en transici\u00f3n energ\u00e9tica, gesti\u00f3n ambiental y econom\u00eda circular, demostrando que la sostenibilidad es sin\u00f3nimo de competitividad y progreso alineado con las metas globales de neutralidad clim\u00e1tica y las exigencias de la econom\u00eda verde.<\/p>","protected":false},"excerpt":{"rendered":"<p>ona Franca La Cayena recibi\u00f3 la certificaci\u00f3n internacional como Empresa en Proceso de Descarbonizaci\u00f3n, otorgada por el Programa Internacional 100% Carbon Neutral y liderada por La Tercera Mirada, en reconocimiento a su compromiso con la reducci\u00f3n de emisiones de gases de efecto invernadero (GEI) y su avance hacia la meta de convertirse en el primer<\/p>","protected":false},"author":1,"featured_media":12201,"comment_status":"closed","ping_status":"closed","sticky":false,"template":"","format":"standard","meta":{"footnotes":""},"categories":[342,181],"tags":[],"class_list":["post-13703","post","type-post","status-publish","format-standard","has-post-thumbnail","hentry","category-news","category-noticias"],"views":36,"_links":{"self":[{"href":"https:\/\/www.amchambaq.com\/en\/wp-json\/wp\/v2\/posts\/13703","targetHints":{"allow":["GET"]}}],"collection":[{"href":"https:\/\/www.amchambaq.com\/en\/wp-json\/wp\/v2\/posts"}],"about":[{"href":"https:\/\/www.amchambaq.com\/en\/wp-json\/wp\/v2\/types\/post"}],"author":[{"embeddable":true,"href":"https:\/\/www.amchambaq.com\/en\/wp-json\/wp\/v2\/users\/1"}],"replies":[{"embeddable":true,"href":"https:\/\/www.amchambaq.com\/en\/wp-json\/wp\/v2\/comments?post=13703"}],"version-history":[{"count":1,"href":"https:\/\/www.amchambaq.com\/en\/wp-json\/wp\/v2\/posts\/13703\/revisions"}],"predecessor-version":[{"id":13704,"href":"https:\/\/www.amchambaq.com\/en\/wp-json\/wp\/v2\/posts\/13703\/revisions\/13704"}],"wp:featuredmedia":[{"embeddable":true,"href":"https:\/\/www.amchambaq.com\/en\/wp-json\/wp\/v2\/media\/12201"}],"wp:attachment":[{"href":"https:\/\/www.amchambaq.com\/en\/wp-json\/wp\/v2\/media?parent=13703"}],"wp:term":[{"taxonomy":"category","embeddable":true,"href":"https:\/\/www.amchambaq.com\/en\/wp-json\/wp\/v2\/categories?post=13703"},{"taxonomy":"post_tag","embeddable":true,"href":"https:\/\/www.amchambaq.com\/en\/wp-json\/wp\/v2\/tags?post=13703"}],"curies":[{"name":"wp","href":"https:\/\/api.w.org\/{rel}","templated":true}]}}