{"id":13669,"date":"2025-09-29T08:47:18","date_gmt":"2025-09-29T13:47:18","guid":{"rendered":"https:\/\/www.amchambaq.com\/?p=13669"},"modified":"2025-09-29T08:47:18","modified_gmt":"2025-09-29T13:47:18","slug":"visa-americana-subira-de-precio-en-colombia-desde-octubre-este-sera-el-costo-y-las-categorias-afectadas","status":"publish","type":"post","link":"https:\/\/www.amchambaq.com\/en\/visa-americana-subira-de-precio-en-colombia-desde-octubre-este-sera-el-costo-y-las-categorias-afectadas\/","title":{"rendered":"Visa americana subir\u00e1 de precio en Colombia desde octubre: este ser\u00e1 el costo y las categor\u00edas afectadas"},"content":{"rendered":"<div data-index=\"0\">\n<p data-type=\"text\">A partir del\u00a0<b>1 de octubre de 2025<\/b>, solicitar\u00a0<a title=\"https:\/\/www.elpais.com.co\/politica\/visa-a-petro-ernesto-samper-revive-viejas-heridas-con-ee-uu-y-arremete-contra-donald-trump-2758.html\" href=\"https:\/\/www.elpais.com.co\/politica\/visa-a-petro-ernesto-samper-revive-viejas-heridas-con-ee-uu-y-arremete-contra-donald-trump-2758.html\" target=\"_blank\" rel=\"noopener noreferrer\">la visa americana<\/a>\u00a0en Colombia ser\u00e1 m\u00e1s costoso. El Departamento de Estado de Estados Unidos confirm\u00f3 la implementaci\u00f3n de una nueva tarifa llamada\u00a0<b>Visa Integrity Fee<\/b>, que se sumar\u00e1 al valor ya existente del tr\u00e1mite de no inmigrante.<\/p>\n<\/div>\n<div data-index=\"1\"><a title=\"https:\/\/www.elpais.com.co\/politica\/cancilleria-de-colombia-rechaza-revocacion-de-visa-al-presidente-petro-y-pide-buscar-sede-neutral-para-la-onu-2737.html\" href=\"https:\/\/www.elpais.com.co\/politica\/cancilleria-de-colombia-rechaza-revocacion-de-visa-al-presidente-petro-y-pide-buscar-sede-neutral-para-la-onu-2737.html\" target=\"_blank\" rel=\"noopener noreferrer\">El ajuste impactar\u00e1<\/a>\u00a0directamente a quienes deseen viajar por\u00a0<b>turismo, negocios, estudios, intercambios culturales o trabajo temporal<\/b>, y coincide con el inicio del a\u00f1o fiscal en ese pa\u00eds.<\/div>\n<div data-index=\"2\">\n<div data-index=\"4\">\n<p data-type=\"text\">Actualmente, las visas de no inmigrante como las de turismo (B1\/B2), negocios y estudiantes tienen un costo de\u00a0<b>185 d\u00f3lares<\/b>, aproximadamente\u00a0<b>711.500 pesos colombianos<\/b>. Con la incorporaci\u00f3n de la nueva tarifa de integridad, de\u00a0<b>250 d\u00f3lares<\/b>\u00a0(961.500 pesos), el valor total estimado ser\u00e1 de\u00a0<b>435 d\u00f3lares<\/b>, es decir, alrededor de\u00a0<b>1.700.000 pesos<\/b>.<\/p>\n<\/div>\n<div data-index=\"5\">\n<div id=\"taboola-mid-article-recoreel\" class=\"mb-24\">El monto final en pesos depender\u00e1 de la tasa de cambio vigente al momento de realizar el pago.<\/div>\n<\/div>\n<div data-index=\"6\">\n<div data-index=\"8\">\n<h3 class=\"\" data-type=\"header\"><b>\u00bfA qui\u00e9nes aplicar\u00e1 el aumento?<\/b><\/h3>\n<\/div>\n<div data-index=\"9\">\n<p data-type=\"text\">El incremento cobijar\u00e1 la mayor\u00eda de visas de no inmigrante. Entre ellas se encuentran:<\/p>\n<\/div>\n<div data-index=\"10\">\n<ul>\n<li><b>B1\/B2<\/b>: turismo y negocios.<\/li>\n<li><b>F y M<\/b>: estudiantes y formaci\u00f3n vocacional.<\/li>\n<li><b>J<\/b>: intercambios culturales.<\/li>\n<li><b>H, L, O, P, Q y R<\/b>: categor\u00edas vinculadas a trabajo temporal y actividades especializadas.<\/li>\n<\/ul>\n<\/div>\n<div data-index=\"11\">\n<p data-type=\"text\">Por ahora, las\u00a0<b>visas de inmigrante<\/b>, que corresponden a la residencia permanente, no presentan cambios confirmados en sus tarifas ni se anuncia cambios a corto plazo.<\/p>\n<div data-index=\"14\">\n<p data-type=\"text\">Quienes ya hayan pagado la tarifa actual y cuenten con cita confirmada antes del\u00a0<b>1 de octubre<\/b>\u00a0no ver\u00e1n alteradas las condiciones de su tr\u00e1mite. La nueva tarifa solo aplicar\u00e1 para quienes inicien el proceso y realicen el pago despu\u00e9s de esa fecha.<\/p>\n<\/div>\n<div data-index=\"15\">\n<p data-type=\"text\">En cuanto a reembolsos, la normativa indica que podr\u00edan aplicarse en casos muy espec\u00edficos, como el cumplimiento total de las condiciones de la visa y el respeto del\u00a0<b>tiempo autorizado de permanencia en Estados Unidos.<\/b>\u00a0Sin embargo, estos procesos administrativos a\u00fan requieren coordinaci\u00f3n entre distintas entidades y no est\u00e1n plenamente definidos.<\/p>\n<div data-index=\"18\">\n<p data-type=\"text\">Las autoridades sugieren que quienes tengan el tr\u00e1mite en curso verifiquen su estado directamente con la\u00a0<b>Embajada de Estados Unidos en Bogot\u00e1<\/b>\u00a0o en el sitio web oficial del\u00a0<b>Departamento de Estado<\/b>. Esto permitir\u00e1 confirmar si deben asumir el nuevo valor o si contin\u00faan bajo la tarifa anterior.<\/p>\n<\/div>\n<div data-index=\"19\">\n<p data-type=\"text\">El anuncio representa un incremento del\u00a0<b>135 %<\/b>\u00a0frente al costo actual del tr\u00e1mite y marca un cambio significativo para quienes planean viajar en los pr\u00f3ximos meses. La medida busca financiar\u00a0<b>controles operativos y de seguridad<\/b>\u00a0en la administraci\u00f3n del sistema de visados, fortaleciendo los mecanismos de control migratorio.<\/p>\n<p data-type=\"text\">Tomado de: EL PAIS<\/p>\n<\/div>\n<\/div>\n<\/div>\n<\/div>\n<\/div>","protected":false},"excerpt":{"rendered":"<p>A partir del\u00a01 de octubre de 2025, solicitar\u00a0la visa americana\u00a0en Colombia ser\u00e1 m\u00e1s costoso. El Departamento de Estado de Estados Unidos confirm\u00f3 la implementaci\u00f3n de una nueva tarifa llamada\u00a0Visa Integrity Fee, que se sumar\u00e1 al valor ya existente del tr\u00e1mite de no inmigrante. El ajuste impactar\u00e1\u00a0directamente a quienes deseen viajar por\u00a0turismo, negocios, estudios, intercambios culturales<\/p>","protected":false},"author":1,"featured_media":13180,"comment_status":"closed","ping_status":"closed","sticky":false,"template":"","format":"standard","meta":{"footnotes":""},"categories":[342,181],"tags":[],"class_list":["post-13669","post","type-post","status-publish","format-standard","has-post-thumbnail","hentry","category-news","category-noticias"],"views":404,"_links":{"self":[{"href":"https:\/\/www.amchambaq.com\/en\/wp-json\/wp\/v2\/posts\/13669","targetHints":{"allow":["GET"]}}],"collection":[{"href":"https:\/\/www.amchambaq.com\/en\/wp-json\/wp\/v2\/posts"}],"about":[{"href":"https:\/\/www.amchambaq.com\/en\/wp-json\/wp\/v2\/types\/post"}],"author":[{"embeddable":true,"href":"https:\/\/www.amchambaq.com\/en\/wp-json\/wp\/v2\/users\/1"}],"replies":[{"embeddable":true,"href":"https:\/\/www.amchambaq.com\/en\/wp-json\/wp\/v2\/comments?post=13669"}],"version-history":[{"count":1,"href":"https:\/\/www.amchambaq.com\/en\/wp-json\/wp\/v2\/posts\/13669\/revisions"}],"predecessor-version":[{"id":13670,"href":"https:\/\/www.amchambaq.com\/en\/wp-json\/wp\/v2\/posts\/13669\/revisions\/13670"}],"wp:featuredmedia":[{"embeddable":true,"href":"https:\/\/www.amchambaq.com\/en\/wp-json\/wp\/v2\/media\/13180"}],"wp:attachment":[{"href":"https:\/\/www.amchambaq.com\/en\/wp-json\/wp\/v2\/media?parent=13669"}],"wp:term":[{"taxonomy":"category","embeddable":true,"href":"https:\/\/www.amchambaq.com\/en\/wp-json\/wp\/v2\/categories?post=13669"},{"taxonomy":"post_tag","embeddable":true,"href":"https:\/\/www.amchambaq.com\/en\/wp-json\/wp\/v2\/tags?post=13669"}],"curies":[{"name":"wp","href":"https:\/\/api.w.org\/{rel}","templated":true}]}}