{"id":13656,"date":"2025-09-16T08:41:55","date_gmt":"2025-09-16T13:41:55","guid":{"rendered":"https:\/\/www.amchambaq.com\/?p=13656"},"modified":"2025-09-16T08:41:55","modified_gmt":"2025-09-16T13:41:55","slug":"descertificacion-que-es-el-waiver-expertos-explican-que-significa-para-colombia-la-determinacion-del-departamento-de-estado","status":"publish","type":"post","link":"https:\/\/www.amchambaq.com\/en\/descertificacion-que-es-el-waiver-expertos-explican-que-significa-para-colombia-la-determinacion-del-departamento-de-estado\/","title":{"rendered":"Descertificaci\u00f3n: \u00bfqu\u00e9 es el \u2018waiver\u2019? Expertos explican qu\u00e9 significa para Colombia la determinaci\u00f3n del Departamento de Estado"},"content":{"rendered":"<p>A trav\u00e9s de los canales oficiales, el Departamento de Estado dio a conocer la decisi\u00f3n que hab\u00eda generado enorme expectativa en el pa\u00eds. El gobierno de los Estados Unidos descertific\u00f3 a Colombia por no cumplir con sus compromisos en materia de lucha contra el tr\u00e1fico y producci\u00f3n de drogas en el \u00faltimo a\u00f1o. Seg\u00fan el comunicado, la responsabilidad recae \u00fanicamente en\u00a0<a title=\"https:\/\/www.semana.com\/mundo\/articulo\/atencion-este-es-el-comunicado-del-gobierno-de-donald-trump-que-anuncia-la-descertificacion-a-colombia\/202557\/\" href=\"https:\/\/www.semana.com\/mundo\/articulo\/atencion-este-es-el-comunicado-del-gobierno-de-donald-trump-que-anuncia-la-descertificacion-a-colombia\/202557\/\" target=\"_blank\" rel=\"noopener noreferrer\">el gobierno de Gustavo Petro y su liderazgo pol\u00edtico.<\/a><\/p>\n<div class=\"max-w-screen-md prose prose-lg mx-auto mb-5\">\n<p data-type=\"text\">Todav\u00eda no se conocen con exactitud las consecuencias detalladas de esta medida aplicada por Washington, pero se sabe que Colombia no qued\u00f3 en el peor escenario, ante una descertificaci\u00f3n radical. El pa\u00eds recibi\u00f3 un<b>\u00a0<\/b><i><b>waiver<\/b><\/i><b>.<\/b><\/p>\n<\/div>\n<div class=\"max-w-screen-md prose prose-lg mx-auto mb-5\">\n<div class=\"not-prose relative my-2\">\n<div class=\"relative flex items-center border-b border-t border-smoke-300 bg-smoke-100 p-2.5 md:py-4\">\n<div class=\"flex-none\">\n<div class=\"max-w-screen-md prose prose-lg mx-auto mb-5\">\n<p data-type=\"text\">Se trata de una f\u00f3rmula intermedia que hab\u00eda sido anticipada por la mayor\u00eda de los expertos consultados por\u00a0<i>SEMANA<\/i>. Es \u201cun mensaje de descontento\u201d, le hab\u00eda dicho a\u00a0<i>SEMANA<\/i>\u00a0el exembajador de Estados Unidos en Colombia, Kevin Whitaker.<\/p>\n<div class=\"max-w-screen-md prose prose-lg mx-auto mb-5\">\n<p data-type=\"text\">\u201cAsimismo, de conformidad con lo dispuesto en el art\u00edculo 706(3)(A) de la FRAA, que\u00a0<b>la asistencia de Estados Unidos a Bolivia, Birmania, Colombia y Venezuela es vital para los intereses nacionales de Estados Unidos\u201d,\u00a0<\/b>dice el texto publicado por el Departamento de Estado.<\/p>\n<\/div>\n<div class=\"max-w-screen-md prose prose-lg mx-auto mb-5\">\n<p data-type=\"text\">Remiti\u00e9ndose a dicho art\u00edculo de la Ley de Autorizaci\u00f3n de Relaciones Exteriores (FRAA por sus silgas en ingl\u00e9s), este aclara que \u201cel presidente podr\u00e1 renunciar a las restricciones del p\u00e1rrafo (2)(A) si determina y certifica al Congreso que la prestaci\u00f3n de dicha asistencia es vital para los intereses nacionales de los Estados Unidos\u201d.<\/p>\n<p data-type=\"text\">uan Gonz\u00e1lez, el exasesor de Joe Biden, lo explic\u00f3 de otro modo: \u201cEn la pr\u00e1ctica, la Casa Blanca\u00a0<b>suele recurrir a exenciones por inter\u00e9s nacional para evitar dispararse en el pie y preservar cooperaci\u00f3n cr\u00edtica a\u00fan en escenarios de desacuerdo\u201d.<\/b><\/p>\n<div class=\"max-w-screen-md prose prose-lg mx-auto mb-5\">\n<p data-type=\"text\">Seg\u00fan Amcham, el\u00a0<i>waiver<\/i>\u00a0\u201cevita la aplicaci\u00f3n inmediata de restricciones de asistencia y abre un comp\u00e1s de espera condicionado de hasta 12 meses para mostrar resultados verificables.\u00a0<b>En la pr\u00e1ctica, la decisi\u00f3n preserva la cooperaci\u00f3n bilateral, pero eleva la exigencia sobre metas y verificaci\u00f3n\u201d<\/b>.<\/p>\n<\/div>\n<div id=\"DE-ROBAPAGINA_3\" class=\"flex items-center justify-center overflow-hidden bg-gray-50 transition-all duration-300\"><\/div>\n<div class=\"max-w-screen-md prose prose-lg mx-auto mb-5\">\n<p data-type=\"text\">\u201cEl\u00a0<i>waiver\u00a0<\/i>impide que entren en vigor, por defecto, las principales restricciones asociadas a la designaci\u00f3n y mantiene la cooperaci\u00f3n no humanitaria durante el a\u00f1o fiscal, sujeta a condiciones m\u00e1s estrictas, reportes y seguimiento. En el caso de Colombia, no hay sanciones autom\u00e1ticas ni uniformes: su eventual aplicaci\u00f3n queda a criterio del presidente de EE. UU., en funci\u00f3n de los resultados que el pa\u00eds acredite\u201d, agrega el documento explicativo enviado por este organismo.<\/p>\n<\/div>\n<div class=\"max-w-screen-md prose prose-lg mx-auto mb-5\">\n<p data-type=\"text\"><b>\u201cEs un resultado adverso, pero con salvaguardas, que no corta totalmente la cooperaci\u00f3n.<\/b>\u00a0Suele adoptar la forma de descertificaci\u00f3n con restricciones parciales\u201d, hab\u00eda dicho a SEMANA en una reciente entrevista la presidenta de Amcham, Mar\u00eda Claudia Lacouture.<\/p>\n<\/div>\n<div class=\"max-w-screen-md prose prose-lg mx-auto mb-5\">\n<p data-type=\"text\">Adem\u00e1s de anunciar el<a title=\"https:\/\/www.semana.com\/nacion\/articulo\/la-amenaza-de-la-descertificacion-esto-es-lo-que-puede-pasar-si-colombia-se-raja-en-el-examen-de-la-lucha-contra-las-drogas\/202511\/\" href=\"https:\/\/www.semana.com\/nacion\/articulo\/la-amenaza-de-la-descertificacion-esto-es-lo-que-puede-pasar-si-colombia-se-raja-en-el-examen-de-la-lucha-contra-las-drogas\/202511\/\" target=\"_blank\" rel=\"noopener noreferrer\">\u00a0\u201cwaiver\u201d, el Departamento de Estado asegura que\u00a0<\/a>espera prontos cambios en la pol\u00edtica antidrogas y que si se dan estos avances, la posici\u00f3n sobre este tema podr\u00eda cambiar.<\/p>\n<\/div>\n<div class=\"max-w-screen-md prose prose-lg mx-auto mb-5\">\n<h2 data-type=\"header\">La descertificaci\u00f3n<\/h2>\n<\/div>\n<div class=\"max-w-screen-md prose prose-lg mx-auto mb-5\">\n<p data-type=\"text\">El mismo Departamento de Estado se refiri\u00f3 al respecto en su cuenta de X sobre el caso colombiano.\u00a0<a title=\"https:\/\/www.semana.com\/politica\/articulo\/descertificacion-el-departamento-de-estado-critico-a-gustavo-petro-pero-exalto-a-las-autoridades-locales\/202545\/\" href=\"https:\/\/www.semana.com\/politica\/articulo\/descertificacion-el-departamento-de-estado-critico-a-gustavo-petro-pero-exalto-a-las-autoridades-locales\/202545\/\" target=\"_blank\" rel=\"noopener noreferrer\">\u201cBajo el desafortunado liderazgo de Petro, el cultivo de coca y la producci\u00f3n de coca\u00edna en Colombia han alcanzado niveles hist\u00f3ricos.<\/a>\u00a0Estados Unidos agradece a las fuerzas del orden y de seguridad colombianas que se enfrentan a los narcoterroristas y elogia su valent\u00eda, sus habilidades y sus sacrificios\u201d, dice el comunicado en principio.<\/p>\n<\/div>\n<div class=\"max-w-screen-md prose prose-lg mx-auto mb-5\">\n<p data-type=\"text\">\u201cEl presidente de los Estados Unidos ha determinado que el gobierno colombiano incumpli\u00f3 sus obligaciones de control de drogas, pero ha emitido una exenci\u00f3n para que la crucial cooperaci\u00f3n estadounidense, incluida la antinarc\u00f3ticos, pueda continuar. Los resultados importan: \u00a1debemos ver progreso y debe ser pronto!\u201d, cierra el mensaje.<\/p>\n<p data-type=\"text\">fuente: SEMANA<\/p>\n<\/div>\n<\/div>\n<\/div>\n<div id=\"DE-ROBAPAGINA_2\" class=\"flex items-center justify-center overflow-hidden bg-gray-50 transition-all duration-300\"><\/div>\n<div class=\"-mx-5 mb-5 lg:mx-0\" data-type=\"image\"><picture><source srcset=\"https:\/\/www.semana.com\/resizer\/v2\/3SOPCVHKRZATXLLDTQC7ISYLRI.jpg?auth=9468c1e9df704563184c260af9f20a72d41e97f023e6f401af5836780eb0105a&amp;smart=true&amp;quality=75&amp;width=480&amp;fitfill=false\" media=\"(max-width: 480px)\" \/><source srcset=\"https:\/\/www.semana.com\/resizer\/v2\/3SOPCVHKRZATXLLDTQC7ISYLRI.jpg?auth=9468c1e9df704563184c260af9f20a72d41e97f023e6f401af5836780eb0105a&amp;smart=true&amp;quality=75&amp;width=768&amp;fitfill=false\" media=\"(max-width: 768px)\" \/><\/picture><\/div>\n<\/div>\n<\/div>\n<\/div>\n<\/div>","protected":false},"excerpt":{"rendered":"<p>A trav\u00e9s de los canales oficiales, el Departamento de Estado dio a conocer la decisi\u00f3n que hab\u00eda generado enorme expectativa en el pa\u00eds. El gobierno de los Estados Unidos descertific\u00f3 a Colombia por no cumplir con sus compromisos en materia de lucha contra el tr\u00e1fico y producci\u00f3n de drogas en el \u00faltimo a\u00f1o. Seg\u00fan el<\/p>","protected":false},"author":1,"featured_media":13657,"comment_status":"closed","ping_status":"closed","sticky":false,"template":"","format":"standard","meta":{"footnotes":""},"categories":[342,181],"tags":[],"class_list":["post-13656","post","type-post","status-publish","format-standard","has-post-thumbnail","hentry","category-news","category-noticias"],"views":60,"_links":{"self":[{"href":"https:\/\/www.amchambaq.com\/en\/wp-json\/wp\/v2\/posts\/13656","targetHints":{"allow":["GET"]}}],"collection":[{"href":"https:\/\/www.amchambaq.com\/en\/wp-json\/wp\/v2\/posts"}],"about":[{"href":"https:\/\/www.amchambaq.com\/en\/wp-json\/wp\/v2\/types\/post"}],"author":[{"embeddable":true,"href":"https:\/\/www.amchambaq.com\/en\/wp-json\/wp\/v2\/users\/1"}],"replies":[{"embeddable":true,"href":"https:\/\/www.amchambaq.com\/en\/wp-json\/wp\/v2\/comments?post=13656"}],"version-history":[{"count":1,"href":"https:\/\/www.amchambaq.com\/en\/wp-json\/wp\/v2\/posts\/13656\/revisions"}],"predecessor-version":[{"id":13658,"href":"https:\/\/www.amchambaq.com\/en\/wp-json\/wp\/v2\/posts\/13656\/revisions\/13658"}],"wp:featuredmedia":[{"embeddable":true,"href":"https:\/\/www.amchambaq.com\/en\/wp-json\/wp\/v2\/media\/13657"}],"wp:attachment":[{"href":"https:\/\/www.amchambaq.com\/en\/wp-json\/wp\/v2\/media?parent=13656"}],"wp:term":[{"taxonomy":"category","embeddable":true,"href":"https:\/\/www.amchambaq.com\/en\/wp-json\/wp\/v2\/categories?post=13656"},{"taxonomy":"post_tag","embeddable":true,"href":"https:\/\/www.amchambaq.com\/en\/wp-json\/wp\/v2\/tags?post=13656"}],"curies":[{"name":"wp","href":"https:\/\/api.w.org\/{rel}","templated":true}]}}