{"id":13609,"date":"2025-09-01T09:54:41","date_gmt":"2025-09-01T14:54:41","guid":{"rendered":"https:\/\/www.amchambaq.com\/?p=13609"},"modified":"2025-09-01T09:54:41","modified_gmt":"2025-09-01T14:54:41","slug":"caribe-motor-de-desarrollo-traza-hoja-de-ruta-regional-con-autonomia-inversion-y-cultura-en-el-centro-del-debate","status":"publish","type":"post","link":"https:\/\/www.amchambaq.com\/en\/caribe-motor-de-desarrollo-traza-hoja-de-ruta-regional-con-autonomia-inversion-y-cultura-en-el-centro-del-debate\/","title":{"rendered":"&#8216;Caribe motor de desarrollo&#8217; traza hoja de ruta regional con autonom\u00eda, inversi\u00f3n y cultura en el centro del debate"},"content":{"rendered":"<div class=\"paragraph\">El foro<b>\u00a0\u201cCaribe motor de desarrollo: unidos por una visi\u00f3n\u201d<\/b>, realizado en Barranquilla en la Universidad del Norte, reuni\u00f3 a\u00a0<b>mandatarios locales<\/b>, empresarios y l\u00edderes gremiales en un espacio convocado por<b>\u00a0<\/b>EL TIEMPO Casa Editorial. La gran conclusi\u00f3n fue clara: el\u00a0<b>Caribe colombiano<\/b>\u00a0necesita m\u00e1s\u00a0<b>autonom\u00eda\u00a0<\/b>y una\u00a0<b>voz unificada<\/b>\u00a0para acelerar su desarrollo.<\/div>\n<div><\/div>\n<div>\n<div class=\"paragraph\">El gobernador del Atl\u00e1ntico,<b>\u00a0Eduardo Verano<\/b>, uno de los principales impulsores de la\u00a0<b>Regi\u00f3n Administrativa de Planificaci\u00f3n\u00a0<\/b>(RAP) Caribe, recalc\u00f3 que la integraci\u00f3n no puede quedarse en lo simb\u00f3lico. \u201cTenemos que dar el salto a la\u00a0<b>Regi\u00f3n Entidad Territorial\u00a0<\/b>(RET), con autonom\u00eda pol\u00edtica y fiscal, para que nuestras decisiones se tomen aqu\u00ed y no a miles de kil\u00f3metros en\u00a0<b>Bogot\u00e1<\/b>\u201d, se\u00f1al\u00f3.<\/div>\n<div><\/div>\n<div class=\"paragraph\">Carlos Sarabia, de la\u00a0<b>Alcald\u00eda de Barranquilla<\/b>, coincidi\u00f3 en que el centralismo sigue siendo una barrera para la competitividad de la regi\u00f3n: \u201cEl Caribe no puede seguir esperando que otros decidan por nosotros.\u00a0<b>Nuestra gente y nuestras industrias tienen la capacidad para liderar grandes transformaciones<\/b>\u201d.<\/div>\n<h2>Infraestructura, energ\u00eda y confianza p\u00fablico-privada<\/h2>\n<div class=\"paragraph\">El primer panel, moderado por el editor general de EL TIEMPO,\u00a0<b>Ernesto Cort\u00e9s<\/b>, abord\u00f3 los retos de infraestructura, comercio exterior y energ\u00eda. Carlos Rosado,\u00a0<b>director de relaciones p\u00fablicas de Sacyr<\/b>, destac\u00f3 que la conectividad vial y portuaria ser\u00e1 el verdadero motor para atraer inversi\u00f3n y destac\u00f3 el valor del<b>\u00a0proyecto cabal del Dique<\/b>, que est\u00e1 a cargo destac\u00f3 esta compa\u00f1\u00eda: \u201cSin carreteras modernas y puertos competitivos, el Caribe no puede ser la<b>\u00a0puerta de entrada<\/b>\u00a0que\u00a0<b>Colombia<\/b>\u00a0necesita hacia el mundo. Proyectos como el Dique son pieza\u00a0<b>fundamental para el desarrollo.<\/b>\u00a0Son m\u00e1s de 6 mil empleos que se generar\u00e1n y una gran apuesta ambiental\u201d.<\/div>\n<div><\/div>\n<div class=\"paragraph\">En la misma l\u00ednea,\u00a0<b>Manuel Herrera<\/b>, presidente de la Zona Franca La Cayena, record\u00f3 que la regi\u00f3n ha mostrado c\u00f3mo los parques industriales y log\u00edsticos pueden dinamizar la econom\u00eda: \u201c<b>El Caribe tiene un ecosistema ideal para exportar, pero necesitamos reglas claras y un Estado que acompa\u00f1e al sector privado<\/b>\u201d.<\/div>\n<div><\/div>\n<div class=\"paragraph\">El exministro de Minas y Energ\u00eda,\u00a0<b>Amylkar Acosta<\/b>, centr\u00f3 su intervenci\u00f3n en la transici\u00f3n energ\u00e9tica. Se\u00f1al\u00f3 que el Caribe debe ser protagonista en la generaci\u00f3n de energ\u00edas limpias: \u201c<b>Aqu\u00ed soplan los mejores vientos para la e\u00f3lica y tenemos radiaci\u00f3n solar privilegiada. Esta es la oportunidad de dejar de depender de combustibles f\u00f3siles<\/b>\u201d.<\/div>\n<h2>Innovaci\u00f3n, talento y equidad social<\/h2>\n<div class=\"paragraph\">El segundo panel puso la lupa sobre el talento humano y la innovaci\u00f3n como motores de desarrollo.\u00a0<b>Efra\u00edn Cepeda<\/b>, presidente del<b>\u00a0<\/b>Comit\u00e9 Intergremial del Atl\u00e1ntico, enfatiz\u00f3 que la regi\u00f3n debe formar capital humano de clase mundial: \u201c<b>Si queremos atraer inversi\u00f3n de alto valor, necesitamos j\u00f3venes capacitados en tecnolog\u00eda, biling\u00fcismo y competencias digitales. Fortalecer la apuesta de energ\u00e9tica de la regi\u00f3n<\/b>\u201d.<\/div>\n<div><\/div>\n<div class=\"paragraph\">Por su parte,<b>\u00a0Victoria Ib\u00e1\u00f1ez<\/b>, directora de AmCham Atl\u00e1ntico y Magdalena, habl\u00f3 sobre la necesidad de incluir a mujeres y comunidades en los procesos de innovaci\u00f3n: \u201c<b>El Caribe tiene un enorme capital creativo, pero sin equidad no hay desarrollo sostenible. La inclusi\u00f3n social debe ser parte de esta agenda<\/b>\u201d.<\/div>\n<div><\/div>\n<div class=\"paragraph\">Los expertos coincidieron en que la regi\u00f3n no solo debe ser vista como<b>\u00a0polo tur\u00edstico\u00a0<\/b>o\u00a0<b>energ\u00e9tico<\/b>, sino tambi\u00e9n como un espacio para industrias tecnol\u00f3gicas, startups y\u00a0<b>nuevas econom\u00edas creativas.<\/b><\/div>\n<h2>Cultura y gastronom\u00eda como identidad y oportunidad<\/h2>\n<div class=\"paragraph\">El foro tambi\u00e9n abri\u00f3 espacio para reflexionar sobre la cultura como activo de desarrollo.<b>\u00a0Yomaira Herrera Cassiani<\/b>, reconocida matrona del Barrio Abajo de Barranquilla, asegur\u00f3 que la cocina tradicional y el folclor caribe\u00f1o deben ser entendidos como parte de la econom\u00eda regional: \u201c<b>Nuestra cultura no es folclorismo, es desarrollo. La gastronom\u00eda genera empleo, atrae turismo y refuerza la identidad que nos hace \u00fanicos\u201d<\/b>.<\/div>\n<div><\/div>\n<div class=\"paragraph\">El evento concluy\u00f3 con\u00a0<b>homenajes\u00a0<\/b>a personalidades de la cultura, el deporte y la educaci\u00f3n, adem\u00e1s de un\u00a0<b>reconocimiento p\u00f3stumo<\/b>\u00a0a<b>\u00a0Juan B. Fern\u00e1ndez Renowitzky<\/b>, exalcalde de Barranquilla y uno de los pioneros del movimiento por la autonom\u00eda del Caribe.<\/div>\n<div><\/div>\n<div class=\"paragraph\">Por primera vez en el marco de este foro se hizo un reconocimiento al<b>\u00a0talento de la regi\u00f3n<\/b>\u00a0que, con su esfuerzo, carisma y proyecci\u00f3n, lleva en alto la bandera de Colombia como\u00a0<b>Juan Carlos Coronel Vargas<\/b>\u00a0cantante, compositor y productor musical cartagenero;\u00a0<b>Alex Cujavante<\/b>, patinador profesional;\u00a0<b>Mar\u00eda del Mar V\u00e9lez<\/b>, directora Ejecutiva y fundadora de Crack the Code;\u00a0<b>Rafael Sim\u00f3n del Castillo<\/b>, presidente Novus Civitas Desarrollador de Serena del Mar.<\/div>\n<h2>El trasfondo pol\u00edtico: el Voto Caribe y la RET<\/h2>\n<div class=\"paragraph\">M\u00e1s all\u00e1 de los paneles t\u00e9cnicos, el foro dej\u00f3 en evidencia que la integraci\u00f3n regional del Caribe\u00a0<b>no es un tema nuevo<\/b>. Desde el\u00a0<b>Voto Caribe<\/b>\u00a0de 2010, cuando m\u00e1s de 2,5 millones de ciudadanos expresaron su voluntad de mayor autonom\u00eda, el debate se mantiene en la\u00a0<b>agenda p\u00fablica.<\/b><\/div>\n<div><\/div>\n<div class=\"paragraph\">Hoy, la apuesta por consolidar la\u00a0<b>Regi\u00f3n Entidad Territorial (RET)<\/b>\u00a0se ve como el paso definitivo para que la regi\u00f3n administre sus propios recursos y defina pol\u00edticas de acuerdo con sus necesidades. \u201c<b>La autonom\u00eda no es un capricho, es un derecho hist\u00f3rico que el Caribe se ha ganado<\/b>\u201d, concluy\u00f3 el gobernador Verano, cerrando con fuerza un evento que dej\u00f3 claro que\u00a0<b>la regi\u00f3n no quiere seguir siendo \u201cperiferia\u201d en el mapa pol\u00edtico y econ\u00f3mico del pa\u00eds.<\/b><\/div>\n<\/div>\n<div id=\"contenido-meter-piano\" class=\"contenido-meter-piano\"><\/div>\n<div id=\"contenido-cerrado-piano\" class=\"contenido-cerrado-piano\"><\/div>\n<div class=\"c-leatambien c-leatambien--varios\"><\/div>","protected":false},"excerpt":{"rendered":"<p>El foro\u00a0\u201cCaribe motor de desarrollo: unidos por una visi\u00f3n\u201d, realizado en Barranquilla en la Universidad del Norte, reuni\u00f3 a\u00a0mandatarios locales, empresarios y l\u00edderes gremiales en un espacio convocado por\u00a0EL TIEMPO Casa Editorial. La gran conclusi\u00f3n fue clara: el\u00a0Caribe colombiano\u00a0necesita m\u00e1s\u00a0autonom\u00eda\u00a0y una\u00a0voz unificada\u00a0para acelerar su desarrollo. El gobernador del Atl\u00e1ntico,\u00a0Eduardo Verano, uno de los principales impulsores<\/p>","protected":false},"author":1,"featured_media":13610,"comment_status":"closed","ping_status":"closed","sticky":false,"template":"","format":"standard","meta":{"footnotes":""},"categories":[342,181],"tags":[],"class_list":["post-13609","post","type-post","status-publish","format-standard","has-post-thumbnail","hentry","category-news","category-noticias"],"views":22,"_links":{"self":[{"href":"https:\/\/www.amchambaq.com\/en\/wp-json\/wp\/v2\/posts\/13609","targetHints":{"allow":["GET"]}}],"collection":[{"href":"https:\/\/www.amchambaq.com\/en\/wp-json\/wp\/v2\/posts"}],"about":[{"href":"https:\/\/www.amchambaq.com\/en\/wp-json\/wp\/v2\/types\/post"}],"author":[{"embeddable":true,"href":"https:\/\/www.amchambaq.com\/en\/wp-json\/wp\/v2\/users\/1"}],"replies":[{"embeddable":true,"href":"https:\/\/www.amchambaq.com\/en\/wp-json\/wp\/v2\/comments?post=13609"}],"version-history":[{"count":1,"href":"https:\/\/www.amchambaq.com\/en\/wp-json\/wp\/v2\/posts\/13609\/revisions"}],"predecessor-version":[{"id":13611,"href":"https:\/\/www.amchambaq.com\/en\/wp-json\/wp\/v2\/posts\/13609\/revisions\/13611"}],"wp:featuredmedia":[{"embeddable":true,"href":"https:\/\/www.amchambaq.com\/en\/wp-json\/wp\/v2\/media\/13610"}],"wp:attachment":[{"href":"https:\/\/www.amchambaq.com\/en\/wp-json\/wp\/v2\/media?parent=13609"}],"wp:term":[{"taxonomy":"category","embeddable":true,"href":"https:\/\/www.amchambaq.com\/en\/wp-json\/wp\/v2\/categories?post=13609"},{"taxonomy":"post_tag","embeddable":true,"href":"https:\/\/www.amchambaq.com\/en\/wp-json\/wp\/v2\/tags?post=13609"}],"curies":[{"name":"wp","href":"https:\/\/api.w.org\/{rel}","templated":true}]}}