{"id":13581,"date":"2025-08-15T08:59:53","date_gmt":"2025-08-15T13:59:53","guid":{"rendered":"https:\/\/www.amchambaq.com\/?p=13581"},"modified":"2025-08-15T08:59:53","modified_gmt":"2025-08-15T13:59:53","slug":"unisimon-recibio-reconocimiento-nacional-por-liderazgo-en-inversion-social-y-ambiental-privada","status":"publish","type":"post","link":"https:\/\/www.amchambaq.com\/en\/unisimon-recibio-reconocimiento-nacional-por-liderazgo-en-inversion-social-y-ambiental-privada\/","title":{"rendered":"Unisim\u00f3n recibi\u00f3 reconocimiento nacional por liderazgo en inversi\u00f3n social y ambiental privada"},"content":{"rendered":"<p>En la 4\u00aa Cumbre de Inversi\u00f3n Social y Ambiental Privada (IISAP), celebrada en Bogot\u00e1, la\u00a0<strong>Universidad Sim\u00f3n Bol\u00edvar\u00a0<\/strong>fue distinguida como una de las organizaciones con mayor inversi\u00f3n social privada en Colombia, en el nivel muy superior en la dimensi\u00f3n Alineaci\u00f3n.<\/p>\n<p>La clasificaci\u00f3n fue hecha por el \u00cdndice de Inversi\u00f3n Social y Ambiental Privada de Arteaga Latam, que reconoce a las instituciones que alinean sus inversiones sociales con su estrategia, sus territorios de influencia y los Objetivos de Desarrollo Sostenible (ODS), generando un impacto transformador en comunidades y sectores clave.<br \/>\n<em><br \/>\n\u201cEste reconocimiento es una validaci\u00f3n del modelo de universidad que estamos consolidando: conectada con su entorno, que entiende que educar no es solo formar profesionales, sino transformar realidades en una apuesta por el desarrollo sostenible del pa\u00eds\u201d<\/em>, afirm\u00f3 el rector Jos\u00e9 Consuegra Bol\u00edvar.<\/p>\n<p>Con esta nueva distinci\u00f3n, Unisim\u00f3n reafirma que es un referente nacional de buenas pr\u00e1cticas en sostenibilidad, con proyectos e iniciativas que impactan positivamente a comunidades vulnerables, promueven la equidad educativa y fortalecen alianzas p\u00fablico-privadas con enfoque territorial.<\/p>\n<p>Fernando Mor\u00f3n Polo, director de Planeaci\u00f3n y Sostenibilidad, recibi\u00f3 el galard\u00f3n en representaci\u00f3n de la instituci\u00f3n y destac\u00f3 el rol colectivo detr\u00e1s de su consecuci\u00f3n.<br \/>\n<em><br \/>\n\u201cEs fruto de un trabajo articulado entre las distintas \u00e1reas acad\u00e9micas y administrativas que comparten una visi\u00f3n de universidad comprometida con la transformaci\u00f3n del entorno\u201d<\/em>, destac\u00f3 Mor\u00f3n. \u201cNos sentimos profundamente orgullosos de representar a una instituci\u00f3n que entiende la sostenibilidad no como un discurso, sino como una pr\u00e1ctica cotidiana con impacto real\u201d.<\/p>\n<p>El evento reuni\u00f3 a l\u00edderes empresariales, fundaciones, universidades y representantes del sector p\u00fablico que compartieron experiencias sobre inversi\u00f3n con prop\u00f3sito y modelos de sostenibilidad que generan valor compartido. El caso Unisim\u00f3n fue destacado como un ejemplo inspirador de c\u00f3mo las instituciones de educaci\u00f3n superior pueden incidir activamente en la construcci\u00f3n de un futuro m\u00e1s justo, inclusivo y ambientalmente responsable.<\/p>\n<p><em>*Con informaci\u00f3n de Unisim\u00f3n<\/em><\/p>","protected":false},"excerpt":{"rendered":"<p>En la 4\u00aa Cumbre de Inversi\u00f3n Social y Ambiental Privada (IISAP), celebrada en Bogot\u00e1, la\u00a0Universidad Sim\u00f3n Bol\u00edvar\u00a0fue distinguida como una de las organizaciones con mayor inversi\u00f3n social privada en Colombia, en el nivel muy superior en la dimensi\u00f3n Alineaci\u00f3n. La clasificaci\u00f3n fue hecha por el \u00cdndice de Inversi\u00f3n Social y Ambiental Privada de Arteaga Latam,<\/p>","protected":false},"author":1,"featured_media":13582,"comment_status":"closed","ping_status":"closed","sticky":false,"template":"","format":"standard","meta":{"footnotes":""},"categories":[342,181],"tags":[],"class_list":["post-13581","post","type-post","status-publish","format-standard","has-post-thumbnail","hentry","category-news","category-noticias"],"views":32,"_links":{"self":[{"href":"https:\/\/www.amchambaq.com\/en\/wp-json\/wp\/v2\/posts\/13581","targetHints":{"allow":["GET"]}}],"collection":[{"href":"https:\/\/www.amchambaq.com\/en\/wp-json\/wp\/v2\/posts"}],"about":[{"href":"https:\/\/www.amchambaq.com\/en\/wp-json\/wp\/v2\/types\/post"}],"author":[{"embeddable":true,"href":"https:\/\/www.amchambaq.com\/en\/wp-json\/wp\/v2\/users\/1"}],"replies":[{"embeddable":true,"href":"https:\/\/www.amchambaq.com\/en\/wp-json\/wp\/v2\/comments?post=13581"}],"version-history":[{"count":1,"href":"https:\/\/www.amchambaq.com\/en\/wp-json\/wp\/v2\/posts\/13581\/revisions"}],"predecessor-version":[{"id":13583,"href":"https:\/\/www.amchambaq.com\/en\/wp-json\/wp\/v2\/posts\/13581\/revisions\/13583"}],"wp:featuredmedia":[{"embeddable":true,"href":"https:\/\/www.amchambaq.com\/en\/wp-json\/wp\/v2\/media\/13582"}],"wp:attachment":[{"href":"https:\/\/www.amchambaq.com\/en\/wp-json\/wp\/v2\/media?parent=13581"}],"wp:term":[{"taxonomy":"category","embeddable":true,"href":"https:\/\/www.amchambaq.com\/en\/wp-json\/wp\/v2\/categories?post=13581"},{"taxonomy":"post_tag","embeddable":true,"href":"https:\/\/www.amchambaq.com\/en\/wp-json\/wp\/v2\/tags?post=13581"}],"curies":[{"name":"wp","href":"https:\/\/api.w.org\/{rel}","templated":true}]}}