{"id":13571,"date":"2025-08-14T15:16:47","date_gmt":"2025-08-14T20:16:47","guid":{"rendered":"https:\/\/www.amchambaq.com\/?p=13571"},"modified":"2025-08-14T15:16:47","modified_gmt":"2025-08-14T20:16:47","slug":"queremos-bastante-a-colombia-senador-de-ee-uu-bernie-moreno-confirma-reunion-con-gustavo-petro","status":"publish","type":"post","link":"https:\/\/www.amchambaq.com\/en\/queremos-bastante-a-colombia-senador-de-ee-uu-bernie-moreno-confirma-reunion-con-gustavo-petro\/","title":{"rendered":"\u201cQueremos bastante a Colombia\u201d: senador de EE. UU. Bernie Moreno confirma reuni\u00f3n con Gustavo Petro"},"content":{"rendered":"<p class=\"elheraldo__StyledParagraph-sc-60z8lc-1 dEjMiD article-body__paragraph\">Luego de asistir a las exequias del senador\u00a0<b>Miguel Uribe Turbay<\/b>, realizadas en el Congreso de la Rep\u00fablica el pasado 13 de agosto, el congresista republicano\u00a0<b>Bernie Moreno<\/b>\u00a0se refiri\u00f3, en unas cortas declaraciones, a la relaci\u00f3n entre Estados Unidos y Colombia.<\/p>\n<p class=\"elheraldo__StyledParagraph-sc-60z8lc-1 dEjMiD article-body__paragraph\">El senador estadounidense asegur\u00f3 que el inter\u00e9s de su pa\u00eds siempre ha sido mantener las\u00a0<b>buenas relaciones con Colombia<\/b>\u00a0y que los lazos de amistad contin\u00faen.<\/p>\n<div class=\"elheraldo__StyledRecommendedCard-sc-x7jz2p-0 bjiHfq recommended-card\">\n<p class=\"elheraldo__StyledParagraph-sc-60z8lc-1 dEjMiD article-body__paragraph\">\u201cLa relaci\u00f3n con el pueblo est\u00e1 muy bien y es lo que vamos a seguir haciendo\u201d, a\u00f1adi\u00f3 Moreno, refiri\u00e9ndose a la relaci\u00f3n entre EE. UU. y el pueblo colombiano.<\/p>\n<p class=\"elheraldo__StyledParagraph-sc-60z8lc-1 dEjMiD article-body__paragraph\">\u201cQueremos bastante a Colombia, es important\u00edsimo que la gente en\u00a0<b>Colombia\u00a0<\/b>entienda que los Estados Unidos espera tener una relaci\u00f3n positiva con el pa\u00eds\u201d, enfatiz\u00f3.<\/p>\n<p class=\"elheraldo__StyledParagraph-sc-60z8lc-1 dEjMiD article-body__paragraph\">Asimismo, el congresista republicano confirm\u00f3 que\u00a0<b>se reunir\u00e1<\/b>\u00a0este viernes con el presidente\u00a0<b>Gustavo Petro<\/b>\u00a0para tratar las relaciones bilaterales y afianzar los acuerdos.<\/p>\n<p class=\"elheraldo__StyledParagraph-sc-60z8lc-1 dEjMiD article-body__paragraph\">Cabe recordar que en esta visita oficial al pa\u00eds, Moreno vino acompa\u00f1ado del subsecretario de Estado de Estados Unidos,\u00a0<b>Christopher Landau<\/b>, con quien tiene la misi\u00f3n de fortalecer las buenas relaciones diplom\u00e1ticas.<\/p>\n<p class=\"elheraldo__StyledParagraph-sc-60z8lc-1 dEjMiD article-body__paragraph\">\u201cEs importante mostrar que la alianza entre los\u00a0<b>Estados Unidos<\/b>\u00a0y Colombia es una de las alianzas m\u00e1s importantes del hemisferio\u201d, agreg\u00f3.<\/p>\n<\/div>","protected":false},"excerpt":{"rendered":"<p>Luego de asistir a las exequias del senador\u00a0Miguel Uribe Turbay, realizadas en el Congreso de la Rep\u00fablica el pasado 13 de agosto, el congresista republicano\u00a0Bernie Moreno\u00a0se refiri\u00f3, en unas cortas declaraciones, a la relaci\u00f3n entre Estados Unidos y Colombia. El senador estadounidense asegur\u00f3 que el inter\u00e9s de su pa\u00eds siempre ha sido mantener las\u00a0buenas relaciones<\/p>","protected":false},"author":1,"featured_media":13572,"comment_status":"closed","ping_status":"closed","sticky":false,"template":"","format":"standard","meta":{"footnotes":""},"categories":[342,181],"tags":[],"class_list":["post-13571","post","type-post","status-publish","format-standard","has-post-thumbnail","hentry","category-news","category-noticias"],"views":64,"_links":{"self":[{"href":"https:\/\/www.amchambaq.com\/en\/wp-json\/wp\/v2\/posts\/13571","targetHints":{"allow":["GET"]}}],"collection":[{"href":"https:\/\/www.amchambaq.com\/en\/wp-json\/wp\/v2\/posts"}],"about":[{"href":"https:\/\/www.amchambaq.com\/en\/wp-json\/wp\/v2\/types\/post"}],"author":[{"embeddable":true,"href":"https:\/\/www.amchambaq.com\/en\/wp-json\/wp\/v2\/users\/1"}],"replies":[{"embeddable":true,"href":"https:\/\/www.amchambaq.com\/en\/wp-json\/wp\/v2\/comments?post=13571"}],"version-history":[{"count":1,"href":"https:\/\/www.amchambaq.com\/en\/wp-json\/wp\/v2\/posts\/13571\/revisions"}],"predecessor-version":[{"id":13573,"href":"https:\/\/www.amchambaq.com\/en\/wp-json\/wp\/v2\/posts\/13571\/revisions\/13573"}],"wp:featuredmedia":[{"embeddable":true,"href":"https:\/\/www.amchambaq.com\/en\/wp-json\/wp\/v2\/media\/13572"}],"wp:attachment":[{"href":"https:\/\/www.amchambaq.com\/en\/wp-json\/wp\/v2\/media?parent=13571"}],"wp:term":[{"taxonomy":"category","embeddable":true,"href":"https:\/\/www.amchambaq.com\/en\/wp-json\/wp\/v2\/categories?post=13571"},{"taxonomy":"post_tag","embeddable":true,"href":"https:\/\/www.amchambaq.com\/en\/wp-json\/wp\/v2\/tags?post=13571"}],"curies":[{"name":"wp","href":"https:\/\/api.w.org\/{rel}","templated":true}]}}