{"id":13568,"date":"2025-08-14T15:14:39","date_gmt":"2025-08-14T20:14:39","guid":{"rendered":"https:\/\/www.amchambaq.com\/?p=13568"},"modified":"2025-08-14T15:14:40","modified_gmt":"2025-08-14T20:14:40","slug":"barranquilla-se-conecta-con-mas-de-700-oportunidades-laborales-en-la-feria-empleos-baq","status":"publish","type":"post","link":"https:\/\/www.amchambaq.com\/en\/barranquilla-se-conecta-con-mas-de-700-oportunidades-laborales-en-la-feria-empleos-baq\/","title":{"rendered":"Barranquilla se conecta con m\u00e1s de 700 oportunidades laborales en la feria +Empleos BAQ"},"content":{"rendered":"<p>Este <strong>28 de agosto<\/strong>, Barranquilla abrir\u00e1 sus puertas a +Empleos BAQ, una feria laboral organizada por la C\u00e1mara de Comercio Colombo Americana, AmCham Atl\u00e1ntico &amp; Magdalena, y Combarranquilla. El evento reunir\u00e1 a empresas l\u00edderes de diversos sectores, ofreciendo <strong>m\u00e1s de 700 vacantes<\/strong> para perfiles <strong>profesionales y t\u00e9cnicos, tanto en espa\u00f1ol como biling\u00fces<\/strong>.<\/p>\n<p>La feria se llevar\u00e1 a cabo en el Centro de Convenciones Combarranquilla, Sede Country, de 8:00 a.m. a 3:00 p.m., y ser\u00e1 un espacio de conexi\u00f3n entre buscadores de empleo y compa\u00f1\u00edas reconocidas que est\u00e1n en la b\u00fasqueda activa de talento calificado.<\/p>\n<p>\u201c+Empleos BAQ es m\u00e1s que una feria laboral; es un punto de encuentro estrat\u00e9gico donde reunimos en un solo lugar a nuestras empresas afiliadas y al talento calificado de la regi\u00f3n. Nuestro objetivo es fortalecer ese v\u00ednculo esencial que impulsa el desarrollo econ\u00f3mico, fomenta la competitividad y abre nuevas oportunidades para los profesionales\u201d, afirm<strong>\u00f3 Vicky Ib\u00e1\u00f1ez, directora ejecutiva de AmCham Atl\u00e1ntico &amp; Magdalena.<\/strong><\/p>\n<p>Los asistentes podr\u00e1n conocer las vacantes, interactuar directamente con reclutadores y postularse en el acto a las ofertas disponibles. <strong>La entrada es gratuita<\/strong>, con registro previo en: <a href=\"https:\/\/forms.gle\/tknHDpdps49i4bpt8\">https:\/\/forms.gle\/tknHDpdps49i4bpt8<\/a><\/p>\n<p>Participar\u00e1n compa\u00f1\u00edas de<strong> sectores<\/strong> como log\u00edstica y transporte, construcci\u00f3n y arquitectura, BPO y outsourcing, hoteler\u00eda y turismo, seguridad, entre otros.<\/p>\n<p>Con esta iniciativa, AmCham y Combarranquilla reafirman su compromiso con la empleabilidad y el desarrollo econ\u00f3mico de la regi\u00f3n, consolidando a Barranquilla como un referente en la generaci\u00f3n de oportunidades laborales de calidad.<\/p>","protected":false},"excerpt":{"rendered":"<p>Este 28 de agosto, Barranquilla abrir\u00e1 sus puertas a +Empleos BAQ, una feria laboral organizada por la C\u00e1mara de Comercio Colombo Americana, AmCham Atl\u00e1ntico &amp; Magdalena, y Combarranquilla. El evento reunir\u00e1 a empresas l\u00edderes de diversos sectores, ofreciendo m\u00e1s de 700 vacantes para perfiles profesionales y t\u00e9cnicos, tanto en espa\u00f1ol como biling\u00fces. La feria se<\/p>","protected":false},"author":1,"featured_media":13569,"comment_status":"closed","ping_status":"closed","sticky":false,"template":"","format":"standard","meta":{"footnotes":""},"categories":[342,181],"tags":[],"class_list":["post-13568","post","type-post","status-publish","format-standard","has-post-thumbnail","hentry","category-news","category-noticias"],"views":319,"_links":{"self":[{"href":"https:\/\/www.amchambaq.com\/en\/wp-json\/wp\/v2\/posts\/13568","targetHints":{"allow":["GET"]}}],"collection":[{"href":"https:\/\/www.amchambaq.com\/en\/wp-json\/wp\/v2\/posts"}],"about":[{"href":"https:\/\/www.amchambaq.com\/en\/wp-json\/wp\/v2\/types\/post"}],"author":[{"embeddable":true,"href":"https:\/\/www.amchambaq.com\/en\/wp-json\/wp\/v2\/users\/1"}],"replies":[{"embeddable":true,"href":"https:\/\/www.amchambaq.com\/en\/wp-json\/wp\/v2\/comments?post=13568"}],"version-history":[{"count":1,"href":"https:\/\/www.amchambaq.com\/en\/wp-json\/wp\/v2\/posts\/13568\/revisions"}],"predecessor-version":[{"id":13570,"href":"https:\/\/www.amchambaq.com\/en\/wp-json\/wp\/v2\/posts\/13568\/revisions\/13570"}],"wp:featuredmedia":[{"embeddable":true,"href":"https:\/\/www.amchambaq.com\/en\/wp-json\/wp\/v2\/media\/13569"}],"wp:attachment":[{"href":"https:\/\/www.amchambaq.com\/en\/wp-json\/wp\/v2\/media?parent=13568"}],"wp:term":[{"taxonomy":"category","embeddable":true,"href":"https:\/\/www.amchambaq.com\/en\/wp-json\/wp\/v2\/categories?post=13568"},{"taxonomy":"post_tag","embeddable":true,"href":"https:\/\/www.amchambaq.com\/en\/wp-json\/wp\/v2\/tags?post=13568"}],"curies":[{"name":"wp","href":"https:\/\/api.w.org\/{rel}","templated":true}]}}