{"id":13545,"date":"2025-08-01T08:47:00","date_gmt":"2025-08-01T13:47:00","guid":{"rendered":"https:\/\/www.amchambaq.com\/?p=13545"},"modified":"2025-08-01T08:47:00","modified_gmt":"2025-08-01T13:47:00","slug":"colombia-afectada-por-imposicion-arancelaria-de-estados-unidos","status":"publish","type":"post","link":"https:\/\/www.amchambaq.com\/en\/colombia-afectada-por-imposicion-arancelaria-de-estados-unidos\/","title":{"rendered":"Colombia, afectada por imposici\u00f3n arancelaria de Estados Unidos"},"content":{"rendered":"<p>Lleg\u00f3 la hora cero para lo que la administraci\u00f3n de Donald Trump llama como \u2018El D\u00eda de la Liberaci\u00f3n de Estados Unidos\u2019. Desde este viernes en Colombia comenzar\u00e1 a regir las exportaciones de los productos colombianos hacia Estados Unidos que tendr\u00e1n un arancel del 10 %. Aunque justamente nuestro pa\u00eds no ser\u00e1 el \u00fanico que enfrentar\u00e1 esta nueva tarifa, tambi\u00e9n es cierto que es uno de los pocos que cuenta con la menor imposici\u00f3n de estos aranceles.<\/p>\n<p class=\"elheraldo__StyledParagraph-sc-60z8lc-1 dEjMiD article-body__paragraph\">Pero hay algo que todav\u00eda se desconoce, y es si el Gobierno colombiano ha intentado lograr alg\u00fan tipo de negociaci\u00f3n con Estados Unidos con el\u00a0<b>objetivo de reducir al 0 % este arancel.<\/b><\/p>\n<div class=\"elheraldo__StyledRecommendedCard-sc-x7jz2p-0 bjiHfq recommended-card\">\n<p class=\"elheraldo__StyledParagraph-sc-60z8lc-1 dEjMiD article-body__paragraph\">Algunos economistas han venido alertando que estas medidas proteccionistas podr\u00edan elevar los precios para los consumidores estadounidenses y aumentar los costos para las empresas, en un contexto en el que el consumo interno sigue siendo el principal motor de crecimiento de la econom\u00eda de ese pa\u00eds.<\/p>\n<p class=\"elheraldo__StyledParagraph-sc-60z8lc-1 dEjMiD article-body__paragraph\">En ese sentido, se\u00f1alan que Colombia se puede ver afectado, especialmente en productos como el caf\u00e9 y las flores, con los cuales ha tenido hist\u00f3ricamente competitividad con algunos pa\u00edses europeos y asi\u00e1ticos.<\/p>\n<p class=\"elheraldo__StyledParagraph-sc-60z8lc-1 dEjMiD article-body__paragraph\">De acuerdo con cifras de la\u00a0<b>Asociaci\u00f3n Nacional de Comercio Exterior (Analdex)<\/b>, entre enero y noviembre de 2024, Colombia export\u00f3 m\u00e1s de USD13.000 millones a Estados Unidos, lo que representa cerca del 30 % del total de sus ventas externas.<\/p>\n<p class=\"elheraldo__StyledParagraph-sc-60z8lc-1 dEjMiD article-body__paragraph\">En di\u00e1logo con\u00a0<a title=\"https:\/\/www.elheraldo.co\/\" href=\"https:\/\/www.elheraldo.co\/\" target=\"_self\" rel=\"\"><b>EL HERALDO<\/b><\/a>, la presidenta de AmCham Colombia,\u00a0<b>Mar\u00eda Claudia Lacouture<\/b>, sostuvo que Colombia se encuentra en un escenario retador, pero con espacio de maniobra.<\/p>\n<p class=\"elheraldo__StyledParagraph-sc-60z8lc-1 dEjMiD article-body__paragraph\">\u201cHace parte del grupo mayoritario de pa\u00edses a los que EE.\u202fUU. impuso un arancel del 10 %, lo que representa un desaf\u00edo para sectores exportadores que compiten con pa\u00edses que mantienen condiciones preferenciales del 0 % como es el caso de M\u00e9xico\u201d, se\u00f1al\u00f3 Lacouture.<\/p>\n<p class=\"elheraldo__StyledParagraph-sc-60z8lc-1 dEjMiD article-body__paragraph\">Sin embargo, seg\u00fan el an\u00e1lisis de AmCham Colombia, el 82,7 % de las exportaciones tendr\u00eda un impacto limitado, lo que permite enfocar los esfuerzos en los sectores m\u00e1s sensibles.<\/p>\n<p class=\"elheraldo__StyledParagraph-sc-60z8lc-1 dEjMiD article-body__paragraph\">\u201cEn este contexto, ambos gobiernos mantienen un intercambio t\u00e9cnico de comunicaciones para resolver los temas pendientes y definir los par\u00e1metros del proceso de negociaci\u00f3n, que se espera iniciar pr\u00f3ximamente\u201d, destac\u00f3 la presidenta de AmCham Colombia.<\/p>\n<p class=\"elheraldo__StyledParagraph-sc-60z8lc-1 dEjMiD article-body__paragraph\">En el pa\u00eds el 52 % de las exportaciones hacia EE. UU. corresponde a productos como petr\u00f3leo y sus derivados; y el 48 % restante est\u00e1 compuesto por bienes no minero-energ\u00e9ticos.<\/p>\n<\/div>","protected":false},"excerpt":{"rendered":"<p>Lleg\u00f3 la hora cero para lo que la administraci\u00f3n de Donald Trump llama como \u2018El D\u00eda de la Liberaci\u00f3n de Estados Unidos\u2019. Desde este viernes en Colombia comenzar\u00e1 a regir las exportaciones de los productos colombianos hacia Estados Unidos que tendr\u00e1n un arancel del 10 %. Aunque justamente nuestro pa\u00eds no ser\u00e1 el \u00fanico que<\/p>","protected":false},"author":1,"featured_media":13017,"comment_status":"closed","ping_status":"closed","sticky":false,"template":"","format":"standard","meta":{"footnotes":""},"categories":[342,181],"tags":[],"class_list":["post-13545","post","type-post","status-publish","format-standard","has-post-thumbnail","hentry","category-news","category-noticias"],"views":25,"_links":{"self":[{"href":"https:\/\/www.amchambaq.com\/en\/wp-json\/wp\/v2\/posts\/13545","targetHints":{"allow":["GET"]}}],"collection":[{"href":"https:\/\/www.amchambaq.com\/en\/wp-json\/wp\/v2\/posts"}],"about":[{"href":"https:\/\/www.amchambaq.com\/en\/wp-json\/wp\/v2\/types\/post"}],"author":[{"embeddable":true,"href":"https:\/\/www.amchambaq.com\/en\/wp-json\/wp\/v2\/users\/1"}],"replies":[{"embeddable":true,"href":"https:\/\/www.amchambaq.com\/en\/wp-json\/wp\/v2\/comments?post=13545"}],"version-history":[{"count":1,"href":"https:\/\/www.amchambaq.com\/en\/wp-json\/wp\/v2\/posts\/13545\/revisions"}],"predecessor-version":[{"id":13546,"href":"https:\/\/www.amchambaq.com\/en\/wp-json\/wp\/v2\/posts\/13545\/revisions\/13546"}],"wp:featuredmedia":[{"embeddable":true,"href":"https:\/\/www.amchambaq.com\/en\/wp-json\/wp\/v2\/media\/13017"}],"wp:attachment":[{"href":"https:\/\/www.amchambaq.com\/en\/wp-json\/wp\/v2\/media?parent=13545"}],"wp:term":[{"taxonomy":"category","embeddable":true,"href":"https:\/\/www.amchambaq.com\/en\/wp-json\/wp\/v2\/categories?post=13545"},{"taxonomy":"post_tag","embeddable":true,"href":"https:\/\/www.amchambaq.com\/en\/wp-json\/wp\/v2\/tags?post=13545"}],"curies":[{"name":"wp","href":"https:\/\/api.w.org\/{rel}","templated":true}]}}