{"id":13389,"date":"2025-07-10T16:49:12","date_gmt":"2025-07-10T21:49:12","guid":{"rendered":"https:\/\/www.amchambaq.com\/?p=13389"},"modified":"2025-07-10T16:49:12","modified_gmt":"2025-07-10T21:49:12","slug":"barranquilla-se-postulo-para-ser-sede-del-programa-de-desarrollo-de-la-competitividad-de-la-oea","status":"publish","type":"post","link":"https:\/\/www.amchambaq.com\/en\/barranquilla-se-postulo-para-ser-sede-del-programa-de-desarrollo-de-la-competitividad-de-la-oea\/","title":{"rendered":"Barranquilla se postul\u00f3 para ser sede del Programa de Desarrollo de la Competitividad de la OEA"},"content":{"rendered":"<p><strong>Barranquilla\u00a0<\/strong>quiere ser sede de un nuevo evento de talla internacional. El\u00a0<strong>Alcalde Alejandro Char<\/strong>\u00a0anunci\u00f3 que se postul\u00f3 para ser sede del\u00a0<strong>Programa de Desarrollo de la Competitividad de la Organizaci\u00f3n de los Estados Americanos (OEA) en 2026.<\/strong><\/p>\n<p>Durante su recorrido por el<strong>\u00a0Foro de la OCDE\u00a0<\/strong>este jueves, Char indic\u00f3 que\u00a0<em>&#8220;nos postulamos para ser escogidos como el epicentro de la conversaci\u00f3n de competitividad, innovaci\u00f3n y productividad en las Am\u00e9ricas el pr\u00f3ximo a\u00f1o&#8221;.<\/em><\/p>\n<p>La intenci\u00f3n fue presentada junto a la C\u00e1mara Colombo Americana, Pro Barranquilla, la Gobernaci\u00f3n del Atl\u00e1ntico, la IUB y la Universidad Sim\u00f3n Bol\u00edvar.<\/p>\n<p><em>&#8220;Gracias al encuentro que tuvimos con C\u00e9sar Parga, jefe de la Secci\u00f3n de Competitividad, Innovaci\u00f3n y Tecnolog\u00eda de la OEA, esta postulaci\u00f3n fue posible&#8221;<\/em>, agreg\u00f3.<\/p>\n<p>El pasado mi\u00e9rcoles el propio Char confirm\u00f3 que Barranquilla, junto a Bogot\u00e1, albergar\u00e1 el\u00a0<strong>Encuentro de la Red de Ciudades del Banco Interamericano de Desarrollo.<\/strong><\/p>","protected":false},"excerpt":{"rendered":"<p>Barranquilla\u00a0quiere ser sede de un nuevo evento de talla internacional. El\u00a0Alcalde Alejandro Char\u00a0anunci\u00f3 que se postul\u00f3 para ser sede del\u00a0Programa de Desarrollo de la Competitividad de la Organizaci\u00f3n de los Estados Americanos (OEA) en 2026. Durante su recorrido por el\u00a0Foro de la OCDE\u00a0este jueves, Char indic\u00f3 que\u00a0&#8220;nos postulamos para ser escogidos como el epicentro de<\/p>","protected":false},"author":1,"featured_media":13390,"comment_status":"closed","ping_status":"closed","sticky":false,"template":"","format":"standard","meta":{"footnotes":""},"categories":[342,181],"tags":[],"class_list":["post-13389","post","type-post","status-publish","format-standard","has-post-thumbnail","hentry","category-news","category-noticias"],"views":30,"_links":{"self":[{"href":"https:\/\/www.amchambaq.com\/en\/wp-json\/wp\/v2\/posts\/13389","targetHints":{"allow":["GET"]}}],"collection":[{"href":"https:\/\/www.amchambaq.com\/en\/wp-json\/wp\/v2\/posts"}],"about":[{"href":"https:\/\/www.amchambaq.com\/en\/wp-json\/wp\/v2\/types\/post"}],"author":[{"embeddable":true,"href":"https:\/\/www.amchambaq.com\/en\/wp-json\/wp\/v2\/users\/1"}],"replies":[{"embeddable":true,"href":"https:\/\/www.amchambaq.com\/en\/wp-json\/wp\/v2\/comments?post=13389"}],"version-history":[{"count":1,"href":"https:\/\/www.amchambaq.com\/en\/wp-json\/wp\/v2\/posts\/13389\/revisions"}],"predecessor-version":[{"id":13391,"href":"https:\/\/www.amchambaq.com\/en\/wp-json\/wp\/v2\/posts\/13389\/revisions\/13391"}],"wp:featuredmedia":[{"embeddable":true,"href":"https:\/\/www.amchambaq.com\/en\/wp-json\/wp\/v2\/media\/13390"}],"wp:attachment":[{"href":"https:\/\/www.amchambaq.com\/en\/wp-json\/wp\/v2\/media?parent=13389"}],"wp:term":[{"taxonomy":"category","embeddable":true,"href":"https:\/\/www.amchambaq.com\/en\/wp-json\/wp\/v2\/categories?post=13389"},{"taxonomy":"post_tag","embeddable":true,"href":"https:\/\/www.amchambaq.com\/en\/wp-json\/wp\/v2\/tags?post=13389"}],"curies":[{"name":"wp","href":"https:\/\/api.w.org\/{rel}","templated":true}]}}