{"id":13374,"date":"2025-07-07T09:05:23","date_gmt":"2025-07-07T14:05:23","guid":{"rendered":"https:\/\/www.amchambaq.com\/?p=13374"},"modified":"2025-07-07T09:05:23","modified_gmt":"2025-07-07T14:05:23","slug":"barranquilla-y-ocde-presentan-agenda-y-conferencistas-del-foro-de-desarrollo-local","status":"publish","type":"post","link":"https:\/\/www.amchambaq.com\/en\/barranquilla-y-ocde-presentan-agenda-y-conferencistas-del-foro-de-desarrollo-local\/","title":{"rendered":"Barranquilla y OCDE presentan agenda y conferencistas del Foro de Desarrollo Local"},"content":{"rendered":"<p>Barranquilla es el escenario en el que las voces de los expertos cobrar\u00e1n vida para aportar al desarrollo de las comunidades. De esta manera, la Administraci\u00f3n que lidera el alcalde Alejandro Char y la Organizaci\u00f3n para la Cooperaci\u00f3n y el Desarrollo Econ\u00f3mico (OCDE), que celebrar\u00e1 por primera vez en Am\u00e9rica Latina su emblem\u00e1tico Foro de Desarrollo Local bajo el lema \u201cInspiraci\u00f3n global, transformaci\u00f3n local\u201d, presentan algunos nombres de los conferencistas e invitados del evento.<\/p>\n<p>Durante cuatro d\u00edas, del 8 al 11 de julio, la ciudad ser\u00e1 epicentro de un di\u00e1logo global sobre los motores del desarrollo local en un mundo marcado por la transici\u00f3n ecol\u00f3gica, la digitalizaci\u00f3n, los desaf\u00edos del empleo y la b\u00fasqueda de modelos econ\u00f3micos m\u00e1s inclusivos y sostenibles.<\/p>\n<p>M\u00e1s de 3.400 inscritos hasta la fecha, con participantes de alrededor de 95 pa\u00edses como Estados Unidos, M\u00e9xico, Francia, Nigeria, Brasil, Espa\u00f1a, Canad\u00e1, Alemania, Jap\u00f3n, Chile y Argentina.<\/p>\n<p>La edici\u00f3n 2025 del Foro contar\u00e1 con m\u00e1s de 90\u00a0<em>speakers<\/em>\u00a0entre l\u00edderes internacionales, representantes de gobiernos locales y nacionales, y expertos en econom\u00eda, pol\u00edtica p\u00fablica, sostenibilidad e innovaci\u00f3n. Entre ellos destacan los reconocidos economistas Xavier Sala-i-Martin, quien disertar\u00e1 sobre c\u00f3mo las econom\u00edas locales pueden impulsar la competitividad global, y Andr\u00e9s Rodr\u00edguez-Pose, quien hablar\u00e1 sobre por qu\u00e9 las pol\u00edticas locales son el futuro.<\/p>\n<p>Xavier Sala-i-Martin es el creador del \u00cdndice de Econom\u00eda Global, asesor Econ\u00f3mico Principal del Centro para la Competitividad Global y el Desempe\u00f1o, del Foro Econ\u00f3mico Mundial (Davos, Suiza) y profesor de econom\u00eda en la Universidad de Columbia. Es reconocido como uno de los mayores expertos en temas de innovaci\u00f3n y competitividad y una autoridad mundial en desarrollo econ\u00f3mico. En 2003 cre\u00f3 el \u00cdndice de Competitividad Global (cuyo reporte se publica anualmente por el\u00a0Foro Econ\u00f3mico Mundial),\u00a0el cual eval\u00faa la competitividad de todos los pa\u00edses a nivel mundial.<\/p>\n<p>Por su parte, Andr\u00e9s Rodr\u00edguez-Pose ha liderado durante los \u00faltimos cinco a\u00f1os el ranking de Stanford \u2014que identifica los cient\u00edficos m\u00e1s influyentes en todas las disciplinas a nivel mundial\u2014 en el campo de los estudios urbanos y regionales. Es director de la C\u00e1tedra Princesa de Asturias y profesor de Geograf\u00eda Econ\u00f3mica de la Escuela de Econom\u00eda de Londres, y su investigaci\u00f3n abarca el crecimiento y la desigualdad regional, la descentralizaci\u00f3n fiscal y pol\u00edtica, las instituciones, el descontento y el populismo, la innovaci\u00f3n, la migraci\u00f3n y las estrategias de desarrollo. Su trabajo es altamente influyente y asesora regularmente a organizaciones internacionales y gobiernos.<\/p>\n<p><strong>Un foro con visi\u00f3n global y acci\u00f3n local<\/strong><\/p>\n<ul>\n<li><strong>Martes 8 de julio \u2013 Eventos paralelos<\/strong><\/li>\n<\/ul>\n<div>\n<div>\n<p>De 9:30 a.m. a 5:00 p.m., organizaciones y socios aliados del Foro liderar\u00e1n espacios alternos sobre sostenibilidad, desarrollo econ\u00f3mico e inclusi\u00f3n social. Entre estas se encuentran organizaciones clave para el desarrollo local, tales como Cooperativas de las Am\u00e9ricas, CEPAL, Secretar\u00eda Ejecutiva para el Desarrollo Integral de la OEA, RAP Caribe, Banco Interamericano de Desarrollo, ONU Colombia, ICLEI, CAF, Instituto Humboldt, Red Invest, Federaci\u00f3n de Municipios, las C\u00e1maras de Comercio de Barranquilla y Bogot\u00e1, entre otros.<\/p>\n<p>El acceso es \u00fanicamente para personas previamente registradas.\u00a0<a href=\"https:\/\/barranquilla.us12.list-manage.com\/track\/click?u=8e0d3b8b4c2b0f62b45d2c759&amp;id=2f670af47b&amp;e=354eeffa84\" target=\"_blank\" rel=\"noopener noreferrer\" data-saferedirecturl=\"https:\/\/www.google.com\/url?q=https:\/\/barranquilla.us12.list-manage.com\/track\/click?u%3D8e0d3b8b4c2b0f62b45d2c759%26id%3D2f670af47b%26e%3D354eeffa84&amp;source=gmail&amp;ust=1751909768543000&amp;usg=AOvVaw225JI55EH7czf1yavsOhnn\">(Ver agenda de eventos paralelos organizados por socios)<\/a>.<\/p>\n<\/div>\n<ul>\n<li><strong>Mi\u00e9rcoles 9 de julio \u2013Inauguraci\u00f3n y agenda principal del Foro<\/strong><\/li>\n<\/ul>\n<div>\n<p>La apertura comenzar\u00e1 el d\u00eda 9 de julio con la inauguraci\u00f3n oficial a cargo del alcalde del Distrito de Barranquilla, Alejandro Char; el secretario general adjunto de la OCDE, Yoshiki Takeuchi; el embajador de Colombia ante la OCDE, Luis Fernando Medina Sierra, y el gobernador del Atl\u00e1ntico, Eduardo Verano de la Rosa.\u00a0<a href=\"https:\/\/barranquilla.us12.list-manage.com\/track\/click?u=8e0d3b8b4c2b0f62b45d2c759&amp;id=3e5ce00262&amp;e=354eeffa84\" target=\"_blank\" rel=\"noopener noreferrer\" data-saferedirecturl=\"https:\/\/www.google.com\/url?q=https:\/\/barranquilla.us12.list-manage.com\/track\/click?u%3D8e0d3b8b4c2b0f62b45d2c759%26id%3D3e5ce00262%26e%3D354eeffa84&amp;source=gmail&amp;ust=1751909768543000&amp;usg=AOvVaw3jOASCEyCBIjHFkhoaAcdt\">(Vea aqu\u00ed la agenda oficial del Foro)<\/a>.<\/p>\n<p>Adem\u00e1s de Colombia, asistir\u00e1n representantes de gobiernos y organizaciones de pa\u00edses como Chile, Brasil, Rep\u00fablica Dominicana, Jap\u00f3n, Estados Unidos, Espa\u00f1a y organismos multilaterales como la ONU, OEA, BID, CAF y JICA, entre otros.<\/p>\n<p>Ese d\u00eda se desarrollar\u00e1n plenarias, paneles, talleres inmersivos espacios de\u00a0<em>networking<\/em>\u00a0y el Mercado de Iniciativas Locales. A las 5:30 p.m., el reconocido acad\u00e9mico Andr\u00e9s Rodr\u00edguez-Pose, referente mundial en ciencia regional y desarrollo territorial, liderar\u00e1 el Laboratorio de Pol\u00edticas Interactivas.<\/p>\n<\/div>\n<ul>\n<li><strong>Jueves 10 de julio \u2013 Visitas de estudio y conferencias<\/strong><\/li>\n<\/ul>\n<div>\n<p>Durante la ma\u00f1ana, los participantes visitar\u00e1n experiencias locales exitosas de la ciudad, como el Gran Malec\u00f3n, la playa urbana de Puerto Mocho, la ci\u00e9naga de Mallorqu\u00edn, parques, el circuito cultural de Barrio Abajo, empresas con responsabilidad social como Tecnoglass, el Centro de Inteligencia Artificial AudacIA en alianza con la Universidad Sim\u00f3n Bol\u00edvar, Villas de San Pablo en alianza con la Fundaci\u00f3n Santo Domingo, entre otros espacios.<\/p>\n<p>A la 1:15 p.m. iniciar\u00e1n los talleres inmersivos en tem\u00e1ticas como innovaci\u00f3n, econom\u00eda nocturna, inclusi\u00f3n, tecnolog\u00eda, econom\u00eda del cuidado, marca ciudad; y el d\u00eda cerrar\u00e1 con la conferencia magistral del economista Xavier Sala-i-Martin, experto en competitividad global, uno de los m\u00e1s esperados.<\/p>\n<\/div>\n<ul>\n<li><strong>Viernes 11 de julio \u2013 Eventos paralelos de cierre<\/strong><\/li>\n<\/ul>\n<div>De 10:30 a.m. a 3:30 p.m. se realizar\u00e1 una nueva jornada de eventos paralelos liderados por aliados, con tem\u00e1ticas como juventud, innovaci\u00f3n social y econom\u00eda solidaria. Tambi\u00e9n requieren inscripci\u00f3n previa.\u00a0<a href=\"https:\/\/barranquilla.us12.list-manage.com\/track\/click?u=8e0d3b8b4c2b0f62b45d2c759&amp;id=2376c72223&amp;e=354eeffa84\" target=\"_blank\" rel=\"noopener noreferrer\" data-saferedirecturl=\"https:\/\/www.google.com\/url?q=https:\/\/barranquilla.us12.list-manage.com\/track\/click?u%3D8e0d3b8b4c2b0f62b45d2c759%26id%3D2376c72223%26e%3D354eeffa84&amp;source=gmail&amp;ust=1751909768543000&amp;usg=AOvVaw02sYgcz654kER1z_SAnnAj\">(Ver agenda de eventos paralelos organizados por socios)<\/a>.<\/div>\n<\/div>\n<div><\/div>\n<div>\n<p><strong>Presencia internacional y enfoque regional<\/strong><\/p>\n<p>Otros participantes destacados en el Foro de Desarrollo Local son:<\/p>\n<\/div>\n<div>\n<ul>\n<li>\u00a0Kamal-Chaoui, directora, Centro para el Emprendimiento, PYMEs, Regiones y Ciudades, OCDE.<\/li>\n<li>Alcalde de Barranquilla, Alejandro Char, y otros alcaldes del pa\u00eds como Carlos Fernando Gal\u00e1n, alcalde de Bogot\u00e1; Hugo Kerguel\u00e9n Garc\u00eda, alcalde de Monter\u00eda; Alejandro Eder, alcalde de Cali, alcaldes de Arauca, Popay\u00e1n, Yopal, Riohacha, Mocoa, entre otros.<\/li>\n<li>Alicia Montalvo, gerente de Acci\u00f3n Clim\u00e1tica y Biodiversidad Positiva, CAF, Banco de Desarrollo de Am\u00e9rica Latina y el Caribe.<\/li>\n<li>Kim Osborne, secretaria ejecutiva para el Desarrollo Integral, Organizaci\u00f3n de Estados Americanos.<\/li>\n<li>Mireia Villar Forner, coordinadora residente de Naciones Unidas en Colombia<\/li>\n<li>Akihiko Yamada, representante residente en Colombia, Agencia Japonesa de Cooperaci\u00f3n (JICA), Jap\u00f3n.<\/li>\n<li>Claudio Orrego, gobernador de Santiago de Chile Regi\u00f3n Metropolitana, Chile.<\/li>\n<li>Mayrenis Corniel, viceministra de Trabajo, Rep\u00fablica Dominicana.<\/li>\n<li>Natalia Irene Molina Posso, directora general Departamento Nacional de Planeaci\u00f3n, Colombia<\/li>\n<li>Antonio Sanguino, ministro de Trabajo, Colombia.<\/li>\n<li>Mario Valencia, subdirector General Departamento Nacional de Planeaci\u00f3n, Colombia.<\/li>\n<li>Mauricio Juvenal, secretario nacional para las Peque\u00f1as y Medianas Empresas, Brasil.<\/li>\n<li>Jorge Eduardo Londo\u00f1o, director general del Servicio Nacional de Aprendizaje (SENA), Colombia.<\/li>\n<li>Ana Mar\u00eda Aljure, gerente de Ciudad, Alcald\u00eda de Barranquilla.<\/li>\n<li>Paola Amar, secretaria de Educaci\u00f3n de Barranquilla; \u00c1ngelo Cianci, secretario de Control Urbano y Espacio P\u00fablico de Barranquilla; Juan Jos\u00e9 Jaramillo, gerente de Carnaval S.A.S., entre otros miembros de la Administraci\u00f3n distrital.<\/li>\n<li>Loreto Aravena, jefa de Comunicaciones y Oficial de Alianzas estrat\u00e9gicas, Centro Nacional para la Inteligencia Artificial (CENIA), Chile.<\/li>\n<li>Jessyn Farrell, vicealcaldesa, Seattle, Estados Unidos.<\/li>\n<li>Ramiro L\u00f3pez, director para Colombia, Banco Interamericano de Desarrollo (BID).<\/li>\n<li>Juan Manuel Rojas, presidente de Promigas, Colombia.<\/li>\n<\/ul>\n<\/div>\n<div>\n<p><strong>Ingreso y registro para inscritos<\/strong><\/p>\n<p>El Foro de Desarrollo Local forma parte del Programa de Empleo Local y Desarrollo Econ\u00f3mico (LEED) de la OCDE, dentro del Centro de Emprendimiento, PyME, Regiones y Ciudades de la Organizaci\u00f3n. Es un evento totalmente presencial, previa inscripci\u00f3n, y contar\u00e1 con interpretaci\u00f3n simult\u00e1nea en espa\u00f1ol e ingl\u00e9s.<\/p>\n<p>El registro es clave para la asistencia al foro. Los asistentes inscritos previamente recibir\u00e1n por correo electr\u00f3nico un c\u00f3digo QR antes del 7 de julio. Para ingresar al evento deber\u00e1n presentar este c\u00f3digo como requisito indispensable, junto con su documento de identidad, para recibir la escarapela.<\/p>\n<p>A las 7:45 a.m. inicia el registro de asistentes. Se recomienda llegar con al menos una hora de anticipaci\u00f3n. Solo ingresar\u00e1n personas debidamente registradas, incluidos medios de comunicaci\u00f3n y equipos log\u00edsticos.<\/p>\n<p>Para inquietudes sobre el registro, los canales oficiales son:\u00a0<a href=\"mailto:foroocdebaq@barranquilla.gov.co\" target=\"_blank\" rel=\"noopener noreferrer\">foroocdebaq@barranquilla.<wbr \/>gov.co<\/a>\u00a0y\u00a0<a href=\"mailto:local.forum@oecd.org\" target=\"_blank\" rel=\"noopener noreferrer\">local.forum@oecd.org<\/a><\/p>\n<\/div>","protected":false},"excerpt":{"rendered":"<p>Barranquilla es el escenario en el que las voces de los expertos cobrar\u00e1n vida para aportar al desarrollo de las comunidades. De esta manera, la Administraci\u00f3n que lidera el alcalde Alejandro Char y la Organizaci\u00f3n para la Cooperaci\u00f3n y el Desarrollo Econ\u00f3mico (OCDE), que celebrar\u00e1 por primera vez en Am\u00e9rica Latina su emblem\u00e1tico Foro de<\/p>","protected":false},"author":1,"featured_media":13375,"comment_status":"closed","ping_status":"closed","sticky":false,"template":"","format":"standard","meta":{"footnotes":""},"categories":[342,181],"tags":[],"class_list":["post-13374","post","type-post","status-publish","format-standard","has-post-thumbnail","hentry","category-news","category-noticias"],"views":21,"_links":{"self":[{"href":"https:\/\/www.amchambaq.com\/en\/wp-json\/wp\/v2\/posts\/13374","targetHints":{"allow":["GET"]}}],"collection":[{"href":"https:\/\/www.amchambaq.com\/en\/wp-json\/wp\/v2\/posts"}],"about":[{"href":"https:\/\/www.amchambaq.com\/en\/wp-json\/wp\/v2\/types\/post"}],"author":[{"embeddable":true,"href":"https:\/\/www.amchambaq.com\/en\/wp-json\/wp\/v2\/users\/1"}],"replies":[{"embeddable":true,"href":"https:\/\/www.amchambaq.com\/en\/wp-json\/wp\/v2\/comments?post=13374"}],"version-history":[{"count":1,"href":"https:\/\/www.amchambaq.com\/en\/wp-json\/wp\/v2\/posts\/13374\/revisions"}],"predecessor-version":[{"id":13376,"href":"https:\/\/www.amchambaq.com\/en\/wp-json\/wp\/v2\/posts\/13374\/revisions\/13376"}],"wp:featuredmedia":[{"embeddable":true,"href":"https:\/\/www.amchambaq.com\/en\/wp-json\/wp\/v2\/media\/13375"}],"wp:attachment":[{"href":"https:\/\/www.amchambaq.com\/en\/wp-json\/wp\/v2\/media?parent=13374"}],"wp:term":[{"taxonomy":"category","embeddable":true,"href":"https:\/\/www.amchambaq.com\/en\/wp-json\/wp\/v2\/categories?post=13374"},{"taxonomy":"post_tag","embeddable":true,"href":"https:\/\/www.amchambaq.com\/en\/wp-json\/wp\/v2\/tags?post=13374"}],"curies":[{"name":"wp","href":"https:\/\/api.w.org\/{rel}","templated":true}]}}