{"id":13370,"date":"2025-07-07T08:38:16","date_gmt":"2025-07-07T13:38:16","guid":{"rendered":"https:\/\/www.amchambaq.com\/?p=13370"},"modified":"2025-07-07T08:38:16","modified_gmt":"2025-07-07T13:38:16","slug":"cuenta-regresiva-para-negociar-acuerdos-comerciales-con-ee-uu-colombia-hizo-la-tarea","status":"publish","type":"post","link":"https:\/\/www.amchambaq.com\/en\/cuenta-regresiva-para-negociar-acuerdos-comerciales-con-ee-uu-colombia-hizo-la-tarea\/","title":{"rendered":"Cuenta regresiva para negociar acuerdos comerciales con EE. UU., \u00bfColombia hizo la tarea?"},"content":{"rendered":"<p class=\"elheraldo__StyledParagraph-sc-60z8lc-1 dEjMiD article-body__paragraph\">Se acaba el tiempo.\u00a0<b>Donald Trump<\/b>, presidente de Estados Unidos, manifest\u00f3 esta semana que no contempla ampliar el plazo del 9 de julio para que los pa\u00edses negocien acuerdos comerciales con Washington.<\/p>\n<p>Dentro de esos temas, tambi\u00e9n resalt\u00f3 que su\u00a0<b>Gobierno\u00a0<\/b>comenz\u00f3 a enviar desde este viernes 4 de julio cartas a los pa\u00edses con los que no ha llegado a un acuerdo comercial para notificarles sobre los aranceles que quiere imponerles.<\/p>\n<p class=\"elheraldo__StyledParagraph-sc-60z8lc-1 dEjMiD article-body__paragraph\">Adem\u00e1s, el l\u00edder republicano afirm\u00f3 que empezar\u00e1 a recolectar esas tasas el 1 de agosto.<\/p>\n<p class=\"elheraldo__StyledParagraph-sc-60z8lc-1 dEjMiD article-body__paragraph\">\u201cSu valor variar\u00e1 entre, quiz\u00e1s, unos aranceles del 60 o 70 % a unos aranceles del 10 al 20 %\u201d, a\u00f1adi\u00f3 Trump sobre las tasas que propondr\u00e1 en esas cartas y que ser\u00edan superiores, en algunos casos, a las que anunci\u00f3 el 2 de abril, al que llam\u00f3 el\u00a0<b>\u201cD\u00eda de la Liberaci\u00f3n\u201d.<\/b><\/p>\n<p class=\"elheraldo__StyledParagraph-sc-60z8lc-1 dEjMiD article-body__paragraph\">En este contexto, las voces de preocupaci\u00f3n en el pa\u00eds no se han hecho esperar, especialmente las de los gremios empresariales que desde ya reaccionan con recelo ante las implicaciones que dichos aranceles podr\u00edan suponer para la econom\u00eda.<\/p>\n<p class=\"elheraldo__StyledParagraph-sc-60z8lc-1 dEjMiD article-body__paragraph\">De igual forma, tambi\u00e9n aumenta la tensi\u00f3n entre los sectores la ausencia de un plan de choque o negociaci\u00f3n de parte del Gobierno nacional frente al 10 % que Estados Unidos le impuso a Colombia (de los m\u00e1s bajos en la lista del pa\u00eds norteamericano).<\/p>\n<p class=\"elheraldo__StyledParagraph-sc-60z8lc-1 dEjMiD article-body__paragraph\">Y, aunque los gremios han venido alertando sobre las consecuencias negativas, sobre todo en materia de competitividad para el pa\u00eds, la realidad es que no se ha visto un avance de ese tipo por parte del\u00a0<b>Ministerio de Comercio, Industria y Turismo<\/b>, que a su vez se encuentra sin una cabeza en propiedad que lidere la crisis.<\/p>\n<div class=\"elheraldo__StyledHeaderWrapper-sc-60z8lc-10 VeMNe\">\n<h3 class=\"article-body__header\">Voces de expertos<\/h3>\n<\/div>\n<p class=\"elheraldo__StyledParagraph-sc-60z8lc-1 dEjMiD article-body__paragraph\">Jos\u00e9 Manuel Restrepo, exministro de Hacienda y de Comercio y actual rector de la Universidad EIA, le explic\u00f3 a\u00a0<a title=\"https:\/\/www.elheraldo.co\/\" href=\"https:\/\/www.elheraldo.co\/\" target=\"_self\" rel=\"\">EL HERALDO<\/a>\u00a0que en principio a Colombia se le aplic\u00f3 el\u00a0<b>arancel m\u00ednimo<\/b>, que viene siendo del 10 %, asunto que ser\u00e1 igual para todas las naciones del mundo.<\/p>\n<p class=\"elheraldo__StyledParagraph-sc-60z8lc-1 dEjMiD article-body__paragraph\">\u201cAhora bien, si otras naciones llegan a acuerdos, podr\u00edan reducir ese 10 % al 0 %. Lo m\u00e1s l\u00f3gico y lo m\u00e1s \u00f3ptimo es que Colombia avanzara en pro de esa direcci\u00f3n, pero me preocupa que el momento es inoportuno, dado lo que sucedi\u00f3 recientemente con la llamada a consultas al encargado de negocios de\u00a0<b>Estados<\/b>\u00a0<b>Unidos\u00a0<\/b>en Colombia\u201d, sostuvo Restrepo, quien agreg\u00f3 que esto significa una demostraci\u00f3n de la incapacidad que ha tenido la pol\u00edtica exterior colombiana para avanzar en asuntos que terminan siendo relativamente f\u00e1ciles, como este.<\/p>\n<p class=\"elheraldo__StyledParagraph-sc-60z8lc-1 dEjMiD article-body__paragraph\">\u201cOjal\u00e1 se haya\u00a0<b>avanzado\u00a0<\/b>y se logre el acuerdo, porque, de no hacerlo, y que a otros se les baje del 10 % al 0 %, va a generar una falta de competitividad importante a varios productos colombianos, dependiendo del pa\u00eds con el que Estados Unidos logre acuerdo\u201d, puntualiz\u00f3.<\/p>\n<p class=\"elheraldo__StyledParagraph-sc-60z8lc-1 dEjMiD article-body__paragraph\">Por su parte, Javier D\u00edaz, presidente de la\u00a0<b>Asociaci\u00f3n Nacional de Comercio Exterior<\/b>\u00a0(Analdex), le dijo a este medio que la fecha del 9 de julio est\u00e1 a la vuelta de la esquina y que el presidente Trump ha declarado que va a enviar cartas a los pa\u00edses, indic\u00e1ndoles en qu\u00e9 estado quedan para entrar a vender sus productos a su territorio.<\/p>\n<p class=\"elheraldo__StyledParagraph-sc-60z8lc-1 dEjMiD article-body__paragraph\">\u201cEl Gobierno colombiano no ha enviado una propuesta formal para reducir los aranceles y adem\u00e1s la cartera de Comercio ha tenido mucha inestabilidad en los \u00faltimos meses, mientras se defin\u00eda un ministro en propiedad.<\/p>\n<p class=\"elheraldo__StyledParagraph-sc-60z8lc-1 dEjMiD article-body__paragraph\">A esto se le suma que, hacia octubre, vamos a conocer si nos eliminan o no la certificaci\u00f3n de lucha contra el narcotr\u00e1fico, que podr\u00eda ser un duro golpe para el pa\u00eds\u201d, se\u00f1al\u00f3 con total preocupaci\u00f3n el dirigente de Analdex.<\/p>\n<p class=\"elheraldo__StyledParagraph-sc-60z8lc-1 dEjMiD article-body__paragraph\">A su vez,\u00a0<b>Mar\u00eda Claudia Lacouture<\/b>, presidenta de la C\u00e1mara de Comercio Colombo Americana (AmCham Colombia), coincidi\u00f3 en que la principal inquietud radica en que Colombia se mantiene en un estatus est\u00e1tico frente a los aranceles del 10\u202f% impuestos por EE. UU., sin avances en el camino hacia su reducci\u00f3n.<\/p>\n<p class=\"elheraldo__StyledParagraph-sc-60z8lc-1 dEjMiD article-body__paragraph\">\u201cSi bien el pa\u00eds no hace parte del grupo de 57 naciones con vencimiento de pr\u00f3rroga ni ha enfrentado sanciones adicionales, tampoco ha iniciado\u00a0<b>negociaciones\u00a0<\/b>con Washington, lo que limita sus posibilidades de mejorar su posici\u00f3n comercial en el corto plazo\u201d, dijo la dirigente gremial.<\/p>\n<p class=\"elheraldo__StyledParagraph-sc-60z8lc-1 dEjMiD article-body__paragraph\">Record\u00f3 que a la fecha, ning\u00fan pa\u00eds ha logrado reducir ese arancel base del 10\u202f% sin entablar negociaciones formales y sectorizadas. \u201cLa experiencia de pa\u00edses como Vietnam, Reino Unido o China muestra que la \u00fanica v\u00eda efectiva para avanzar es a trav\u00e9s de un enfoque t\u00e9cnico, pragm\u00e1tico y\u00a0<b>estrat\u00e9gico<\/b>, alineado con las prioridades comerciales y geopol\u00edticas de Estados Unidos\u201d.<\/p>\n<p class=\"elheraldo__StyledParagraph-sc-60z8lc-1 dEjMiD article-body__paragraph\">\u201cPor eso, la falta de gesti\u00f3n activa en este frente genera incertidumbre, especialmente en sectores que necesitan mantener su competitividad en el mercado estadounidense. Se requiere liderazgo, visi\u00f3n de largo plazo y una estrategia de negociaci\u00f3n clara que permita abrir\u00a0<b>espacios de di\u00e1logo\u00a0<\/b>t\u00e9cnico con resultados concretos\u201d, manifest\u00f3 la presidenta de AmCham Colombia.<\/p>\n<div class=\"elheraldo__StyledHeaderWrapper-sc-60z8lc-10 VeMNe\">\n<h3 class=\"article-body__header\">Lo que est\u00e1 en juego<\/h3>\n<\/div>\n<p class=\"elheraldo__StyledParagraph-sc-60z8lc-1 dEjMiD article-body__paragraph\">De acuerdo con un an\u00e1lisis realizado por AmCham Colombia, se estima que, en el corto plazo, el 82,7\u202f% de la canasta exportadora tendr\u00eda un impacto bajo o limitado, considerando que el 51\u202f% de los productos que\u00a0<b>Colombia\u00a0<\/b>exporta a EE. UU. est\u00e1n actualmente exentos de aranceles.<\/p>\n<p class=\"elheraldo__StyledParagraph-sc-60z8lc-1 dEjMiD article-body__paragraph\">Entre los sectores con impacto limitado se encuentran plantas, flores y caf\u00e9; con impacto medio, productos como preparaciones alimenticias, pl\u00e1sticos y materiales el\u00e9ctricos; y con impacto m\u00e1s sensible, productos como lim\u00f3n Tahit\u00ed, cacao, pescado y aguacate.<\/p>\n<p class=\"elheraldo__StyledParagraph-sc-60z8lc-1 dEjMiD article-body__paragraph\">Lacouture coment\u00f3 en\u00a0<a title=\"https:\/\/www.elheraldo.co\/\" href=\"https:\/\/www.elheraldo.co\/\" target=\"_self\" rel=\"\">EL HERALDO<\/a>\u00a0que no solo est\u00e1 en juego el acceso a un mercado estrat\u00e9gico, sino la competitividad y sostenibilidad de sectores clave de la\u00a0<b>econom\u00eda colombiana<\/b>.<\/p>\n<p class=\"elheraldo__StyledParagraph-sc-60z8lc-1 dEjMiD article-body__paragraph\">\u201cLa ausencia de avances en las negociaciones implica mantener el arancel base del 10\u202f%, lo que, sin una estrategia activa de posicionamiento, puede limitar el potencial exportador del pa\u00eds frente a competidores regionales\u201d, socializ\u00f3 Lacouture.<\/p>\n<p class=\"elheraldo__StyledParagraph-sc-60z8lc-1 dEjMiD article-body__paragraph\">As\u00ed mismo, insisti\u00f3 en que \u201clas empresas colombianas requieren se\u00f1ales claras de pol\u00edtica exterior econ\u00f3mica y apoyo institucional para aprovechar estos espacios. Sin capacidad de negociaci\u00f3n, existe el riesgo de\u00a0<b>perder competitividad<\/b>\u201d.<\/p>\n<p class=\"elheraldo__StyledParagraph-sc-60z8lc-1 dEjMiD article-body__paragraph\">En el mismo tono Gustavo G\u00f3mez, presidente de la Asociaci\u00f3n Nacional de Exportadores de Caf\u00e9 de Colombia (Asoexport), expuso la preocupaci\u00f3n del sector y manifest\u00f3 que es importante que se realice una estrategia de car\u00e1cter diplom\u00e1tico desde el\u00a0<b>Gobierno nacional\u00a0<\/b>que permita eliminar ese arancel del 10 % y as\u00ed poder entrar de una forma m\u00e1s competitiva al principal mercado de exportaci\u00f3n que tiene el pa\u00eds, como lo es Estados Unidos.<\/p>\n<div class=\"elheraldo__StyledHeaderWrapper-sc-60z8lc-10 VeMNe\">\n<h3 class=\"article-body__header\">Datos de la relaci\u00f3n comercial<\/h3>\n<\/div>\n<p class=\"elheraldo__StyledParagraph-sc-60z8lc-1 dEjMiD article-body__paragraph\">En lo corrido del a\u00f1o, hasta mayo, EE. UU. se mantiene como principal socio comercial de Colombia. Las exportaciones registraron\u00a0<b>USD 6.099,1 millones<\/b>, siendo el 30 % de las ventas totales, seg\u00fan cifras del Dane.<\/p>\n<p class=\"elheraldo__StyledParagraph-sc-60z8lc-1 dEjMiD article-body__paragraph\">El 67 % de los productos exportados a EE. UU. pertenecen al rubro no minero-energ\u00e9tico versus el 33 % del sector minero-energ\u00e9tico, entre enero y mayo.<\/p>\n<p class=\"elheraldo__StyledParagraph-sc-60z8lc-1 dEjMiD article-body__paragraph\">En promedio, cada a\u00f1o m\u00e1s de\u00a0<b>3.000 empresas e<\/b>xportan productos a Estados Unidos, representando el 35 % de las que lo hacen al mundo, seg\u00fan la Dian. En lo corrido de 2025, hasta abril, 2.069 empresas han realizado exportaciones a ese pa\u00eds.<\/p>\n<p class=\"elheraldo__StyledParagraph-sc-60z8lc-1 dEjMiD article-body__paragraph\">Cerca del 70 % de las importaciones desde Estados Unidos son bienes que no produce Colombia y que, en su mayor\u00eda, entran a formar parte de las\u00a0<b>cadenas productivas locales.<\/b><\/p>","protected":false},"excerpt":{"rendered":"<p>Se acaba el tiempo.\u00a0Donald Trump, presidente de Estados Unidos, manifest\u00f3 esta semana que no contempla ampliar el plazo del 9 de julio para que los pa\u00edses negocien acuerdos comerciales con Washington. Dentro de esos temas, tambi\u00e9n resalt\u00f3 que su\u00a0Gobierno\u00a0comenz\u00f3 a enviar desde este viernes 4 de julio cartas a los pa\u00edses con los que no<\/p>","protected":false},"author":1,"featured_media":13017,"comment_status":"closed","ping_status":"closed","sticky":false,"template":"","format":"standard","meta":{"footnotes":""},"categories":[342,181],"tags":[],"class_list":["post-13370","post","type-post","status-publish","format-standard","has-post-thumbnail","hentry","category-news","category-noticias"],"views":17,"_links":{"self":[{"href":"https:\/\/www.amchambaq.com\/en\/wp-json\/wp\/v2\/posts\/13370","targetHints":{"allow":["GET"]}}],"collection":[{"href":"https:\/\/www.amchambaq.com\/en\/wp-json\/wp\/v2\/posts"}],"about":[{"href":"https:\/\/www.amchambaq.com\/en\/wp-json\/wp\/v2\/types\/post"}],"author":[{"embeddable":true,"href":"https:\/\/www.amchambaq.com\/en\/wp-json\/wp\/v2\/users\/1"}],"replies":[{"embeddable":true,"href":"https:\/\/www.amchambaq.com\/en\/wp-json\/wp\/v2\/comments?post=13370"}],"version-history":[{"count":1,"href":"https:\/\/www.amchambaq.com\/en\/wp-json\/wp\/v2\/posts\/13370\/revisions"}],"predecessor-version":[{"id":13371,"href":"https:\/\/www.amchambaq.com\/en\/wp-json\/wp\/v2\/posts\/13370\/revisions\/13371"}],"wp:featuredmedia":[{"embeddable":true,"href":"https:\/\/www.amchambaq.com\/en\/wp-json\/wp\/v2\/media\/13017"}],"wp:attachment":[{"href":"https:\/\/www.amchambaq.com\/en\/wp-json\/wp\/v2\/media?parent=13370"}],"wp:term":[{"taxonomy":"category","embeddable":true,"href":"https:\/\/www.amchambaq.com\/en\/wp-json\/wp\/v2\/categories?post=13370"},{"taxonomy":"post_tag","embeddable":true,"href":"https:\/\/www.amchambaq.com\/en\/wp-json\/wp\/v2\/tags?post=13370"}],"curies":[{"name":"wp","href":"https:\/\/api.w.org\/{rel}","templated":true}]}}