{"id":13298,"date":"2025-07-03T14:06:00","date_gmt":"2025-07-03T19:06:00","guid":{"rendered":"https:\/\/www.amchambaq.com\/?p=13298"},"modified":"2025-07-03T14:06:00","modified_gmt":"2025-07-03T19:06:00","slug":"estados-unidos-llamo-a-consultas-a-su-embajador-en-colombia-john-t-mcnamara-se-incrementa-la-crisis-diplomatica-entre-ambos-paises","status":"publish","type":"post","link":"https:\/\/www.amchambaq.com\/en\/estados-unidos-llamo-a-consultas-a-su-embajador-en-colombia-john-t-mcnamara-se-incrementa-la-crisis-diplomatica-entre-ambos-paises\/","title":{"rendered":"Estados Unidos llam\u00f3 a consultas a su embajador en Colombia, John T. McNamara: se incrementa la crisis diplom\u00e1tica entre ambos pa\u00edses"},"content":{"rendered":"<p>El Gobierno de Estados Unidos decidi\u00f3 llamar a consultas a John T. McNamara, encargado de negocios interino de la Embajada estadounidense en Colombia, en una medida que eleva la tensi\u00f3n entre ambos pa\u00edses.<\/p>\n<p class=\"paragraph\" data-mrf-recirculation=\"Links inline\">Washington anunci\u00f3 la decisi\u00f3n tras lo que describi\u00f3 como\u00a0<b>\u201cdeclaraciones infundadas y reprochables provenientes de los m\u00e1s altos niveles del Gobierno de Colombia\u201d<\/b>.<\/p>\n<p class=\"paragraph\" data-mrf-recirculation=\"Links inline\">El anuncio pone de relieve la creciente distancia entre ambos gobiernos, tradicionalmente considerados aliados estrat\u00e9gicos en la regi\u00f3n.<\/p>\n<p class=\"paragraph\" data-mrf-recirculation=\"Links inline\"><b>El llamado a consultas de McNamara implica su regreso inmediato a Washington<\/b>, donde mantendr\u00e1 reuniones de alto nivel para evaluar la situaci\u00f3n de la relaci\u00f3n diplom\u00e1tica y los pr\u00f3ximos pasos a seguir.<\/p>\n<p class=\"paragraph\" data-mrf-recirculation=\"Links inline\">El Departamento de Estado difundi\u00f3 un comunicado en el que manifest\u00f3 una\u00a0<b>\u201cprofunda preocupaci\u00f3n por el estado actual de nuestra relaci\u00f3n bilateral\u201d<\/b>, y agreg\u00f3 que, adem\u00e1s de la salida temporal del diplom\u00e1tico, se est\u00e1n considerando otras medidas para hacer patente la molestia de la administraci\u00f3n Trump.<\/p>\n<p class=\"paragraph\" data-mrf-recirculation=\"Links inline\">En el texto oficial, la vocera Tammy Bruce detall\u00f3:\u00a0<b>\u201cAdem\u00e1s del retiro del Encargado, Estados Unidos est\u00e1 adoptando otras medidas para dejar clara nuestra profunda preocupaci\u00f3n por el estado actual de nuestra relaci\u00f3n bilateral\u201d<\/b>.<\/p>\n<p class=\"paragraph\" data-mrf-recirculation=\"Links inline\">Por su parte, el secretario de Estado, Marco Rubio, que encabeza la pol\u00edtica exterior estadounidense, sostuvo que Colombia\u00a0<b>\u201csigue siendo un socio estrat\u00e9gico esencial para Estados Unidos\u201d<\/b>\u00a0a pesar del ambiente de tensi\u00f3n actual.<\/p>\n<p class=\"paragraph\" data-mrf-recirculation=\"Links inline\"><b>\u201cReafirmamos nuestro compromiso con una estrecha cooperaci\u00f3n en diversas prioridades comunes, incluida la seguridad y la estabilidad regional, y seguimos trabajando en iniciativas que mejoren la vida tanto de los estadounidenses como de los colombianos\u201d<\/b>, subray\u00f3 el comunicado.<\/p>\n<p class=\"paragraph\" data-mrf-recirculation=\"Links inline\">El mensaje busca ratificar el v\u00ednculo tradicional con Bogot\u00e1, aunque evidencia una preocupaci\u00f3n concreta por las recientes se\u00f1ales del Ejecutivo colombiano.<\/p>\n<p class=\"paragraph\" data-mrf-recirculation=\"Links inline\">Desde Bogot\u00e1, la Canciller\u00eda, a\u00fan bajo la direcci\u00f3n de Laura Sarabia pese a haber presentado su renuncia,<b>\u00a0<\/b>indic\u00f3 que el Gobierno colombiano est\u00e1 en contacto con el Departamento de Estado para revisar y dialogar sobre las circunstancias que llevaron a esta crisis diplom\u00e1tica.<\/p>\n<p class=\"paragraph\" data-mrf-recirculation=\"Links inline\"><b>\u201cLa canciller est\u00e1 en comunicaciones con EEUU mientras est\u00e9 en el cargo y designan nuevo canciller estar\u00e1 frente al tema\u201d<\/b>, dijo una fuentes de la Canciller\u00eda consultada por\u00a0<i>Infobae Colombia.<\/i><\/p>\n<p class=\"paragraph\" data-mrf-recirculation=\"Links inline\">Por su parte, expertos en relaciones internacionales consideran que el retiro de McNamara marca uno de los puntos m\u00e1s bajos en la relaci\u00f3n entre Colombia y Estados Unidos en la \u00faltima d\u00e9cada.<\/p>\n<p class=\"paragraph\" data-mrf-recirculation=\"Links inline\">El gesto diplom\u00e1tico de Washington es inusual y suele reservarse para situaciones en las que existe un desencuentro profundo en asuntos de inter\u00e9s estrat\u00e9gico o cuando se perciben declaraciones que ponen en entredicho aspectos fundamentales de la relaci\u00f3n bilateral.<\/p>\n<p class=\"paragraph\" data-mrf-recirculation=\"Links inline\">As\u00ed mismo, el secretario de Estado de Estados Unidos, Marco Rubio public\u00f3 un mensaje a trav\u00e9s de su cuenta en X en el que ratifica el llamado de McNamara a consultas del encargado de Negocios del pa\u00eds norteamericano en Colombia.<\/p>\n<p class=\"paragraph\" data-mrf-recirculation=\"Links inline\">\u201cLlamamos a nuestro Encargado de Negocios interino de Bogot\u00e1 para consultas urgentes tras las declaraciones infundadas y reprensibles de altos funcionarios del gobierno colombiano.\u00a0<b>Nuestra naci\u00f3n est\u00e1 comprometida con la relaci\u00f3n bilateral entre Estados Unidos y Colombia y con el pueblo colombiano<\/b>. Seguiremos comprometidos con las prioridades compartidas, incluyendo la seguridad y la estabilidad\u201d, dice la publicaci\u00f3n hecha por Rubio.<\/p>\n<p class=\"paragraph\" data-mrf-recirculation=\"Links inline\">Aunque en el comunicado estadounidense no se especific\u00f3 cu\u00e1les fueron exactamente las expresiones que originaron la crisis, en c\u00edrculos diplom\u00e1ticos se da por descontado que la administraci\u00f3n de Donald Trump busca enviar un mensaje directo al Palacio de Nari\u00f1o sobre la importancia del respeto mutuo y la cooperaci\u00f3n en temas sensibles para ambos pa\u00edses.<\/p>\n<p class=\"paragraph\" data-mrf-recirculation=\"Links inline\"><b>La lucha antidrogas, la seguridad regional y la agenda migratoria suelen ser ejes centrales de la relaci\u00f3n<\/b>, y cualquier roce o desacuerdo p\u00fablico genera repercusiones inmediatas en la din\u00e1mica diplom\u00e1tica.<\/p>\n<p class=\"paragraph\" data-mrf-recirculation=\"Links inline\">Para el Departamento de Estado, la cooperaci\u00f3n con Colombia en temas de seguridad y estabilidad regional sigue siendo prioritaria. Seg\u00fan el comunicado,<\/p>\n<p class=\"paragraph\" data-mrf-recirculation=\"Links inline\"><b>\u201cseguimos comprometidos con los esfuerzos que mejoran la vida de estadounidenses y colombianos por igual\u201d<\/b>. El matiz del mensaje deja entrever un inter\u00e9s en preservar los canales de di\u00e1logo, aunque condiciona su continuidad a un mayor alineamiento entre ambas canciller\u00edas.<\/p>\n<p class=\"paragraph\" data-mrf-recirculation=\"Links inline\">El retiro del encargado de negocios en Bogot\u00e1 ocurre en un contexto de tensiones regionales crecientes y de una agenda bilateral con retos complejos.<\/p>\n<p class=\"paragraph\" data-mrf-recirculation=\"Links inline\">Mientras Estados Unidos mantiene una pol\u00edtica de firmeza en relaci\u00f3n con los gobiernos aliados en el hemisferio occidental, el caso colombiano adquiere particular relevancia por el papel que cumple como socio estrat\u00e9gico en el control del narcotr\u00e1fico, la gesti\u00f3n migratoria y la estabilidad de Am\u00e9rica Latina.<\/p>","protected":false},"excerpt":{"rendered":"<p>El Gobierno de Estados Unidos decidi\u00f3 llamar a consultas a John T. McNamara, encargado de negocios interino de la Embajada estadounidense en Colombia, en una medida que eleva la tensi\u00f3n entre ambos pa\u00edses. Washington anunci\u00f3 la decisi\u00f3n tras lo que describi\u00f3 como\u00a0\u201cdeclaraciones infundadas y reprochables provenientes de los m\u00e1s altos niveles del Gobierno de Colombia\u201d.<\/p>","protected":false},"author":1,"featured_media":13299,"comment_status":"closed","ping_status":"closed","sticky":false,"template":"","format":"standard","meta":{"footnotes":""},"categories":[342,181],"tags":[],"class_list":["post-13298","post","type-post","status-publish","format-standard","has-post-thumbnail","hentry","category-news","category-noticias"],"views":15,"_links":{"self":[{"href":"https:\/\/www.amchambaq.com\/en\/wp-json\/wp\/v2\/posts\/13298","targetHints":{"allow":["GET"]}}],"collection":[{"href":"https:\/\/www.amchambaq.com\/en\/wp-json\/wp\/v2\/posts"}],"about":[{"href":"https:\/\/www.amchambaq.com\/en\/wp-json\/wp\/v2\/types\/post"}],"author":[{"embeddable":true,"href":"https:\/\/www.amchambaq.com\/en\/wp-json\/wp\/v2\/users\/1"}],"replies":[{"embeddable":true,"href":"https:\/\/www.amchambaq.com\/en\/wp-json\/wp\/v2\/comments?post=13298"}],"version-history":[{"count":1,"href":"https:\/\/www.amchambaq.com\/en\/wp-json\/wp\/v2\/posts\/13298\/revisions"}],"predecessor-version":[{"id":13300,"href":"https:\/\/www.amchambaq.com\/en\/wp-json\/wp\/v2\/posts\/13298\/revisions\/13300"}],"wp:featuredmedia":[{"embeddable":true,"href":"https:\/\/www.amchambaq.com\/en\/wp-json\/wp\/v2\/media\/13299"}],"wp:attachment":[{"href":"https:\/\/www.amchambaq.com\/en\/wp-json\/wp\/v2\/media?parent=13298"}],"wp:term":[{"taxonomy":"category","embeddable":true,"href":"https:\/\/www.amchambaq.com\/en\/wp-json\/wp\/v2\/categories?post=13298"},{"taxonomy":"post_tag","embeddable":true,"href":"https:\/\/www.amchambaq.com\/en\/wp-json\/wp\/v2\/tags?post=13298"}],"curies":[{"name":"wp","href":"https:\/\/api.w.org\/{rel}","templated":true}]}}