{"id":13287,"date":"2025-07-02T09:19:34","date_gmt":"2025-07-02T14:19:34","guid":{"rendered":"https:\/\/www.amchambaq.com\/?p=13287"},"modified":"2025-07-02T09:19:34","modified_gmt":"2025-07-02T14:19:34","slug":"barranquilla-mostrara-su-transformacion-urbana-y-turistica-en-el-foro-de-desarrollo-local-de-la-ocde-2025","status":"publish","type":"post","link":"https:\/\/www.amchambaq.com\/en\/barranquilla-mostrara-su-transformacion-urbana-y-turistica-en-el-foro-de-desarrollo-local-de-la-ocde-2025\/","title":{"rendered":"Barranquilla mostrar\u00e1 su transformaci\u00f3n urbana y tur\u00edstica en el Foro de Desarrollo Local de la OCDE 2025"},"content":{"rendered":"<p>La capital del Atl\u00e1ntico ser\u00e1<b>\u00a0la primera ciudad en Am\u00e9rica Latina en acoger el Foro de Desarrollo Local de la Organizaci\u00f3n para la Cooperaci\u00f3n y el Desarrollo Econ\u00f3micos (Ocde)<\/b>, un evento que, del 8 al 11 de julio, reunir\u00e1 en su territorio a m\u00e1s de 3.000 delegados internacionales de cerca de 50 pa\u00edses.<\/p>\n<div class=\"paragraph\">Con este foro, la Ocde busca promover soluciones locales a desaf\u00edos globales, con especial \u00e9nfasis e<b>n inclusi\u00f3n social, sostenibilidad, innovaci\u00f3n, gobernanza y cooperaci\u00f3n interterritorial.<\/b><\/div>\n<div><\/div>\n<div class=\"paragraph\">Este reconocimiento, que pone a Barranquilla en el radar global del desarrollo urbano, llega tras m\u00e1s de 17 a\u00f1os de esfuerzos continuos de transformaci\u00f3n estructural. \u201c\u00a1Iniciamos el conteo regresivo para el Foro de Desarrollo Local de la OCDE! Barranquilla ser\u00e1 la primera ciudad en Am\u00e9rica Latina en ser sede de este foro. Un reconocimiento a m\u00e1s de 17 a\u00f1os de transformaci\u00f3n, con resultados que hoy inspiran al mundo\u201d, celebr\u00f3 el alcalde Alejandro Char.<\/div>\n<div><\/div>\n<div>\n<div class=\"paragraph\">Los visitantes internacionales no solo participar\u00e1n en paneles y conferencias, sino que realizar\u00e1n visitas de campo para conocer en territorio los avances de Barranquilla.<\/div>\n<div class=\"paragraph\">Estos son los escenarios que mostrar\u00e1n c\u00f3mo una ciudad puede reinventarse con visi\u00f3n, sostenibilidad e inclusi\u00f3n.<\/div>\n<h2>Gran Malec\u00f3n del R\u00edo: del abandono al \u00edcono urbano<\/h2>\n<div class=\"paragraph\">Con m\u00e1s de 34 millones de visitantes en siete a\u00f1os, este paseo de 5.5 kil\u00f3metros se ha convertido en la obra insignia del nuevo modelo de desarrollo urbano. Junto al r\u00edo Magdalena, integra espacios deportivos, zonas culturales y una amplia oferta gastron\u00f3mica.<\/div>\n<div><\/div>\n<div>\n<div class=\"paragraph\">\u201cAll\u00ed donde antes hab\u00eda oscuridad y abandono, hoy tenemos un Malec\u00f3n lleno de vida, turismo y oportunidades para los emprendedores\u201d, ha se\u00f1alado el alcalde Char.<\/div>\n<h2>Ecoparque Ci\u00e9naga de Mallorqu\u00edn: un manglar que volvi\u00f3 a respirar<\/h2>\n<div class=\"paragraph\">Este santuario natural, antes invisibilizado, ahora es un atractivo para el ecoturismo y la ciencia ciudadana. Con m\u00e1s de 150 especies de aves y rutas de senderismo, el parque representa una apuesta ambiental audaz.<\/div>\n<div><\/div>\n<\/div>\n<div>\n<div class=\"paragraph\">\u201cRecuperamos un ecosistema y lo pusimos al servicio de la gente y del planeta. La sostenibilidad ya no es un discurso, es una realidad en Barranquilla\u201d, sostuvo Char.<\/div>\n<h2>Puerto Mocho y su tren tur\u00edstico: acceso al mar para todos<\/h2>\n<div class=\"paragraph\">En el barrio Las Flores se encuentra Puerto Mocho, una playa urbana que recupera el contacto de la ciudad con el mar Caribe. El acceso se da por tres rutas: caminata, ciclorruta y tren tur\u00edstico con capacidad para 70 personas por viaje.<\/div>\n<div><\/div>\n<\/div>\n<div>\n<div class=\"paragraph\">Este espacio articula el r\u00edo, la ci\u00e9naga y el mar, y representa un ejemplo de infraestructura con enfoque en la conectividad y la equidad territorial.<\/div>\n<h2>Barrio Abajo y El Prado: identidad cultural y recuperaci\u00f3n patrimonial<\/h2>\n<div class=\"paragraph\">Barrio Abajo, epicentro del Carnaval, y El Prado, joya arquitect\u00f3nica de los a\u00f1os 20, representan la fusi\u00f3n entre cultura viva y memoria hist\u00f3rica. Proyectos como los Callejones de El Prado, con 32 murales art\u00edsticos, han devuelto el valor simb\u00f3lico y tur\u00edstico a estos sectores.<\/div>\n<div><\/div>\n<\/div>\n<div>\n<div class=\"paragraph\">\u201cLa cultura tambi\u00e9n transforma. Rescatamos barrios para devolverles su esencia y convertirlos en orgullo barranquillero y atractivo global\u201d, expres\u00f3 el mandatario.<\/div>\n<h2>Museo y Casa del Carnaval: patrimonio que se vive y se aprende<\/h2>\n<div class=\"paragraph\">El Museo del Carnaval, con m\u00e1s de 250.000 visitantes, y la hist\u00f3rica Casa del Carnaval, epicentro de la fiesta patrimonio, son testimonio de c\u00f3mo una tradici\u00f3n puede institucionalizarse para ser motor de turismo y educaci\u00f3n.<\/div>\n<h2>F\u00e1brica de Cultura: sembrando futuro desde el arte<\/h2>\n<div class=\"paragraph\">Con m\u00e1s de 11.000 metros cuadrados, la F\u00e1brica de Cultura es la sede de la Escuela Distrital de Arte y Tradiciones Populares (EDA). Es un centro que forma artistas, promueve la econom\u00eda naranja y revitaliza el suroriente barranquillero.<\/div>\n<div><\/div>\n<\/div>\n<\/div>\n<div>\n<div class=\"paragraph\">\u201cCuando apoyamos el talento joven, le apostamos al desarrollo. Barranquilla cree en sus artistas y los impulsa desde las aulas hasta los escenarios\u201d, subray\u00f3 Char.<\/div>\n<h2>Una ciudad con historia, lista para contarle al mundo su presente<\/h2>\n<div class=\"paragraph\">Durante los cuatro d\u00edas del Foro, delegados de pa\u00edses como<b>\u00a0Jap\u00f3n, Francia, Brasil, Nigeria, Espa\u00f1a, Estados Unidos y Canad\u00e1<\/b>\u00a0recorrer\u00e1n estos sitios para conocer de primera mano c\u00f3mo una ciudad intermedia ha logrado posicionarse como referente en pol\u00edticas p\u00fablicas transformadoras.<\/div>\n<\/div>","protected":false},"excerpt":{"rendered":"<p>La capital del Atl\u00e1ntico ser\u00e1\u00a0la primera ciudad en Am\u00e9rica Latina en acoger el Foro de Desarrollo Local de la Organizaci\u00f3n para la Cooperaci\u00f3n y el Desarrollo Econ\u00f3micos (Ocde), un evento que, del 8 al 11 de julio, reunir\u00e1 en su territorio a m\u00e1s de 3.000 delegados internacionales de cerca de 50 pa\u00edses. Con este foro,<\/p>","protected":false},"author":1,"featured_media":13288,"comment_status":"closed","ping_status":"closed","sticky":false,"template":"","format":"standard","meta":{"footnotes":""},"categories":[342,181],"tags":[],"class_list":["post-13287","post","type-post","status-publish","format-standard","has-post-thumbnail","hentry","category-news","category-noticias"],"views":14,"_links":{"self":[{"href":"https:\/\/www.amchambaq.com\/en\/wp-json\/wp\/v2\/posts\/13287","targetHints":{"allow":["GET"]}}],"collection":[{"href":"https:\/\/www.amchambaq.com\/en\/wp-json\/wp\/v2\/posts"}],"about":[{"href":"https:\/\/www.amchambaq.com\/en\/wp-json\/wp\/v2\/types\/post"}],"author":[{"embeddable":true,"href":"https:\/\/www.amchambaq.com\/en\/wp-json\/wp\/v2\/users\/1"}],"replies":[{"embeddable":true,"href":"https:\/\/www.amchambaq.com\/en\/wp-json\/wp\/v2\/comments?post=13287"}],"version-history":[{"count":1,"href":"https:\/\/www.amchambaq.com\/en\/wp-json\/wp\/v2\/posts\/13287\/revisions"}],"predecessor-version":[{"id":13289,"href":"https:\/\/www.amchambaq.com\/en\/wp-json\/wp\/v2\/posts\/13287\/revisions\/13289"}],"wp:featuredmedia":[{"embeddable":true,"href":"https:\/\/www.amchambaq.com\/en\/wp-json\/wp\/v2\/media\/13288"}],"wp:attachment":[{"href":"https:\/\/www.amchambaq.com\/en\/wp-json\/wp\/v2\/media?parent=13287"}],"wp:term":[{"taxonomy":"category","embeddable":true,"href":"https:\/\/www.amchambaq.com\/en\/wp-json\/wp\/v2\/categories?post=13287"},{"taxonomy":"post_tag","embeddable":true,"href":"https:\/\/www.amchambaq.com\/en\/wp-json\/wp\/v2\/tags?post=13287"}],"curies":[{"name":"wp","href":"https:\/\/api.w.org\/{rel}","templated":true}]}}