{"id":13242,"date":"2025-06-17T09:41:43","date_gmt":"2025-06-17T14:41:43","guid":{"rendered":"https:\/\/www.amchambaq.com\/?p=13242"},"modified":"2025-06-17T09:41:43","modified_gmt":"2025-06-17T14:41:43","slug":"la-industria-le-ha-dado-calidad-de-vida-a-los-municipios-del-departamento","status":"publish","type":"post","link":"https:\/\/www.amchambaq.com\/en\/la-industria-le-ha-dado-calidad-de-vida-a-los-municipios-del-departamento\/","title":{"rendered":"La industria le ha dado calidad de vida a los municipios del departamento"},"content":{"rendered":"<p class=\"elheraldo__StyledParagraph-sc-60z8lc-1 ceHSqO article-body__paragraph\"><b>A lo largo de sus 120 a\u00f1os, el departamento del Atl\u00e1ntico\u00a0<\/b>ha sido protagonista de un proceso de transformaci\u00f3n que consolida su posici\u00f3n como un destino estrat\u00e9gico para la inversi\u00f3n empresarial en Colombia.<\/p>\n<p class=\"elheraldo__StyledParagraph-sc-60z8lc-1 ceHSqO article-body__paragraph\">Este impulso, de acuerdo con empresarios y dirigentes gremiales del territorio, ha sido posible gracias a la\u00a0<b>combinaci\u00f3n de incentivos tributarios, i<\/b>nfraestructura de soporte y una s\u00f3lida articulaci\u00f3n p\u00fablico-privada, generando impactos significativos en municipios como Soledad, Malambo, Galapa, Sabanagrande, Palmar de Varela y otros.<\/p>\n<div class=\"elheraldo__StyledRecommendedCard-sc-x7jz2p-0 bYvFrn recommended-card\">\n<p class=\"elheraldo__StyledParagraph-sc-60z8lc-1 ceHSqO article-body__paragraph\">En ese sentido, se resalta que la articulaci\u00f3n p\u00fablico-privada ha sido un motor clave del desarrollo econ\u00f3mico en el Atl\u00e1ntico.<\/p>\n<p class=\"elheraldo__StyledParagraph-sc-60z8lc-1 ceHSqO article-body__paragraph\"><b>Dicha colaboraci\u00f3n ha permitido mejorar significativamente<\/b>\u00a0las condiciones para el crecimiento industrial, comercial y del sector servicios, generando una din\u00e1mica econ\u00f3mica positiva.<\/p>\n<p class=\"elheraldo__StyledParagraph-sc-60z8lc-1 ceHSqO article-body__paragraph\">De acuerdo con\u00a0<b>Efra\u00edn Cepeda Tarud, presidente del Comit\u00e9 Intergremial del Atl\u00e1ntico<\/b>, actualmente se ven nuevas empresas dedicadas a la manufactura y servicios, as\u00ed como una consolidaci\u00f3n de centros comerciales, zonas francas, parques industriales y servicios log\u00edsticos, gastron\u00f3micos, hoteleros y de eventos.<\/p>\n<p class=\"elheraldo__StyledParagraph-sc-60z8lc-1 ceHSqO article-body__paragraph\">Agreg\u00f3 dentro de ello que uno de los sectores que m\u00e1s se ha fortalecido\u00a0<b>es el turismo, en sus segmentos de eventos, negocios, cultura y ocio.<\/b><\/p>\n<p class=\"elheraldo__StyledParagraph-sc-60z8lc-1 ceHSqO article-body__paragraph\">\u201cEl Atl\u00e1ntico se est\u00e1 posicionando como un destino muy destacado dentro del circuito nacional e internacional. Adem\u00e1s, nos estamos consolidando como un territorio atractivo para la<b>\u00a0inversi\u00f3n en energ\u00edas renovables<\/b>, particularmente en proyectos de generaci\u00f3n fotovoltaica y con gran potencial en energ\u00eda e\u00f3lica\u201d, precis\u00f3 Cepeda Tarud.<\/p>\n<p class=\"elheraldo__StyledParagraph-sc-60z8lc-1 ceHSqO article-body__paragraph\">Misma opini\u00f3n tiene\u00a0<b>la directora de ProBarranquilla, Vicky Osorio,<\/b>\u00a0quien se\u00f1al\u00f3 que esta transformaci\u00f3n ha sido posible gracias a una combinaci\u00f3n de factores: infraestructura moderna, incentivos tributarios, zonas francas, parques industriales y una articulaci\u00f3n efectiva entre el sector p\u00fablico y privado.<\/p>\n<p class=\"elheraldo__StyledParagraph-sc-60z8lc-1 ceHSqO article-body__paragraph\">\u201cEl Atl\u00e1ntico ha consolidado un entorno favorable para la inversi\u00f3n. En 2024 ProBarranquilla apoy\u00f3 la llegada de 23 proyectos de inversi\u00f3n que representan USD602 millones en inversi\u00f3n y la generaci\u00f3n de 2.234 nuevos empleos. Importante mencionar que muchas de estas nuevas empresas que han arribado al departamento buscan ubicarse en la periferia de Barranquilla, donde se est\u00e1n consolidando municipios con gran dinamismo econ\u00f3mico\u201d, socializ\u00f3 Osorio.<\/p>\n<p class=\"elheraldo__StyledParagraph-sc-60z8lc-1 ceHSqO article-body__paragraph\"><b>A\u00f1adi\u00f3 que municipios como Malambo, Galapa y Palmar de Varela<\/b>\u00a0han sido claves en este proceso, al ofrecer condiciones competitivas para la instalaci\u00f3n de empresas, como exenciones de hasta el 100 % en impuestos de Industria y Comercio y Predial por hasta 10 a\u00f1os, siempre que se cumplan requisitos de generaci\u00f3n de empleo local y desarrollo econ\u00f3mico.<\/p>\n<div class=\"elheraldo__StyledHeaderWrapper-sc-60z8lc-10 btJyYD\">\n<h3 class=\"article-body__header\">Ejemplo de desarrollo<\/h3>\n<\/div>\n<p class=\"elheraldo__StyledParagraph-sc-60z8lc-1 ceHSqO article-body__paragraph\">La directora de la Corporaci\u00f3n Empresarial del Oriente del\u00a0<b>Atl\u00e1ntico (CEO), Diana Cantillo Concha<\/b>, detall\u00f3 las virtudes que posee cada municipio del departamento que vienen siendo fundamentales para el desarrollo econ\u00f3mico, empresarial e industrial, uno de ellos es Soledad, el m\u00e1s grande y un eje empresarial determinante.<\/p>\n<p class=\"elheraldo__StyledParagraph-sc-60z8lc-1 ceHSqO article-body__paragraph\"><b>\u201cEn su tejido empresarial encontramos a Tebsa, la generadora t\u00e9rmica\u00a0<\/b>m\u00e1s importante de la regi\u00f3n Caribe y del pa\u00eds. El Aeropuerto Ernesto Cortissoz, puerta de entrada para inversionistas y visitantes; la sede de Granabastos, la principal central de abastos del Caribe; la sede del Hospital Universidad del Norte que no solo atiende al municipio de Soledad, sino que atiende a pacientes de diferentes municipios en el Atl\u00e1ntico; y sin duda empresas del sector agroqu\u00edmico y de la industria manufacturera\u201d, detall\u00f3 Cantillo.<\/p>\n<p class=\"elheraldo__StyledParagraph-sc-60z8lc-1 ceHSqO article-body__paragraph\">Por el lado de Malambo, con una gran tradici\u00f3n de manufactura y un enfoque en el sector metalmec\u00e1nico, manifest\u00f3 que ha visto un crecimiento industrial importante en los \u00faltimos a\u00f1os. \u201cAlgunas cifras recientes de C\u00e1mara de Comercio de Barranquilla muestran que entre 2022 y 2024 el n\u00famero de empleos en este territorio aument\u00f3 un 14 %, pasando de 5.558 a 6.324\u201d.<\/p>\n<p class=\"elheraldo__StyledParagraph-sc-60z8lc-1 ceHSqO article-body__paragraph\">A\u00f1adi\u00f3 que Palmar de Varela, un municipio hist\u00f3ricamente rural, experiment\u00f3 un cambio significativo con la llegada de Ternium, una multinacional que invirti\u00f3 USD90 millones en el territorio, y m\u00e1s recientemente la inversi\u00f3n de\u00a0<b>Bavaria con la Cervecer\u00eda del Atl\u00e1ntico.<\/b><\/p>\n<p class=\"elheraldo__StyledParagraph-sc-60z8lc-1 ceHSqO article-body__paragraph\">\u201cEstos proyectos transformaron la vocaci\u00f3n del municipio, son generadores de empleo, fomentaron la formaci\u00f3n de mano de obra calificada, y son las anclas para que m\u00e1s proyectos como estos lleguen a establecerse en la zona\u201d, socializ\u00f3.<\/p>\n<p class=\"elheraldo__StyledParagraph-sc-60z8lc-1 ceHSqO article-body__paragraph\">A su vez, observa c\u00f3mo en<b>\u00a0Ponedera y Sabanalarga\u00a0<\/b>se desarroll\u00f3 un gran proyecto de energ\u00edas renovables liderado por Enel.<\/p>\n<p class=\"elheraldo__StyledParagraph-sc-60z8lc-1 ceHSqO article-body__paragraph\">\u201cLa infraestructura ha sido un factor determinante para atraer inversiones. Es por esto que proyectos a realizarse como el Corredor Log\u00edstico del Atl\u00e1ntico y la ampliaci\u00f3n de la v\u00eda Murillo Sexta Entrada son relevantes para mejorar la conectividad, optimizar tiempos de tr\u00e1nsito para carga y trabajadores para llegar a sus lugares de trabajo\u201d, puntualiz\u00f3 Cantillo Concha.<\/p>\n<p class=\"elheraldo__StyledParagraph-sc-60z8lc-1 ceHSqO article-body__paragraph\">Dentro de esa misma l\u00ednea,\u00a0<b>la directora de ProBarranquilla, Vicky Osorio<\/b>, sostuvo que el crecimiento ha tra\u00eddo consigo mejoras en la calidad de vida de los habitantes, gracias a la generaci\u00f3n de empleo formal, el desarrollo de infraestructura vial y log\u00edstica, y el fortalecimiento de servicios p\u00fablicos y sociales.<\/p>\n<p class=\"elheraldo__StyledParagraph-sc-60z8lc-1 ceHSqO article-body__paragraph\">\u201cLa presencia de parques industriales y zonas francas ha sido fundamental para atraer empresas de sectores como alimentos, qu\u00edmicos, metalmec\u00e1nica y log\u00edstica, que hoy dinamizan la econom\u00eda local\u201d, dijo Osorio.<\/p>\n<div class=\"elheraldo__StyledHeaderWrapper-sc-60z8lc-10 btJyYD\">\n<h3 class=\"article-body__header\">Su expansi\u00f3n<\/h3>\n<\/div>\n<p class=\"elheraldo__StyledParagraph-sc-60z8lc-1 ceHSqO article-body__paragraph\">La industria del Atl\u00e1ntico contin\u00faa expandi\u00e9ndose cada vez a m\u00e1s municipios, en un proceso que tiene hitos como la creaci\u00f3n en 1980 de Pimsa, que fue el primer parque industrial autorizado en el pa\u00eds, con Acesco como empresa pionera y ancla, instalada aqu\u00ed para atender tanto mercados del exterior como el nacional, y donde hoy opera tambi\u00e9n Ternium, otra empresa muy representativa en productos basados en el acero.<\/p>\n<p class=\"elheraldo__StyledParagraph-sc-60z8lc-1 ceHSqO article-body__paragraph\"><b>Manuel Fern\u00e1ndez, presidente de la C\u00e1mara de Comercio\u00a0<\/b>de Barranquilla, dijo que en esa expansi\u00f3n tambi\u00e9n ha sido significativa\u00a0<b>la Zona Franca Internacional del Atl\u00e1ntico\u00a0<\/b>(Zofia), localizada en el municipio de Galapa, que ha atra\u00eddo empresas de sectores como el metalmec\u00e1nico, de empaques o agroalimentos.<\/p>\n<p class=\"elheraldo__StyledParagraph-sc-60z8lc-1 ceHSqO article-body__paragraph\">\u201cSeg\u00fan el Dane, en el \u00faltimo a\u00f1o, las exportaciones desde Zofia se duplicaron con respecto a 2023 y en los \u00faltimos 5 a\u00f1os acumularon un crecimiento de m\u00e1s del 1.200 %, llegando a mercados de 79 pa\u00edses\u201d, dijo Fern\u00e1ndez.<\/p>\n<p class=\"elheraldo__StyledParagraph-sc-60z8lc-1 ceHSqO article-body__paragraph\">Destac\u00f3 la funci\u00f3n que han cumplido las zonas francas en el desarrollo industrial del departamento y en incentivar la vocaci\u00f3n exportadora de las empresas y del territorio.<\/p>\n<p class=\"elheraldo__StyledParagraph-sc-60z8lc-1 ceHSqO article-body__paragraph\"><b>\u201cAl igual que en el caso de Zof\u00eda, las exportaciones desde la Zona Franca de Barranquilla\u00a0<\/b>crecieron 39 % entre 2020 y 2024, con ventas en 94 pa\u00edses, y las de la Zona Franca La Cayena, 460 %, teniendo como destinos principales a Estados Unidos y Latinoam\u00e9rica, y donde se destaca la exitosa experiencia de HADA International, que ha logrado consolidarse en el mercado estadounidense\u201d, manifest\u00f3 el presidente de la CCB.<\/p>\n<p class=\"elheraldo__StyledParagraph-sc-60z8lc-1 ceHSqO article-body__paragraph\">Indic\u00f3 que todos los proyectos demuestran c\u00f3mo la llegada de inversi\u00f3n privada, acompa\u00f1ada de formaci\u00f3n t\u00e9cnica, est\u00e1 transformando la industria y llevando desarrollo a los municipios del Atl\u00e1ntico. Tambi\u00e9n han sido claves para que\u00a0<b>El PIB de la industria del Atl\u00e1ntico\u00a0<\/b>registrara un crecimiento de 22 % entre 2020-2024, superior al 17 % nacional\u201d.<\/p>\n<p class=\"elheraldo__StyledParagraph-sc-60z8lc-1 ceHSqO article-body__paragraph\">El inter\u00e9s de empresas en relocalizar sus operaciones en el departamento<\/p>\n<p class=\"elheraldo__StyledParagraph-sc-60z8lc-1 ceHSqO article-body__paragraph\"><b>Sergio Rinc\u00f3n, presidente de Bavaria,\u00a0<\/b>indic\u00f3 que con la entrada en operaci\u00f3n de la planta de Bavaria en el municipio de Palmar de Varela se generar\u00e1n 800 empleos directos e indirectos.<\/p>\n<p class=\"elheraldo__StyledParagraph-sc-60z8lc-1 ceHSqO article-body__paragraph\">\u201cTodo el desarrollo que ha tenido Barranquilla y el Atl\u00e1ntico en los \u00faltimos a\u00f1os finalmente ha tra\u00eddo m\u00e1s poblaci\u00f3n y m\u00e1s desarrollo. Nosotros no somos ajenos a eso, queremos generar m\u00e1s empleos\u201d, dijo Rinc\u00f3n.<\/p>\n<p class=\"elheraldo__StyledParagraph-sc-60z8lc-1 ceHSqO article-body__paragraph\">A su vez, el presidente de la CCB, Manuel Fern\u00e1ndez, remarc\u00f3 que Ponedera se ha convertido en referente nacional de energ\u00edas limpias con el\u00a0<b>Parque Solar Guayepo, de Enel.<\/b><\/p>\n<p class=\"elheraldo__StyledParagraph-sc-60z8lc-1 ceHSqO article-body__paragraph\">\u201cSu importancia radica en que, adem\u00e1s de ser el mayor proyecto solar de despacho centralizado en Colombia, con capacidad para abastecer a 1,5 millones de personas, abastece con energ\u00eda limpia a industrias como Bavaria, promoviendo un modelo de producci\u00f3n bajo en emisiones\u201d, manifest\u00f3 Fern\u00e1ndez Ariza.<\/p>\n<\/div>","protected":false},"excerpt":{"rendered":"<p>A lo largo de sus 120 a\u00f1os, el departamento del Atl\u00e1ntico\u00a0ha sido protagonista de un proceso de transformaci\u00f3n que consolida su posici\u00f3n como un destino estrat\u00e9gico para la inversi\u00f3n empresarial en Colombia. Este impulso, de acuerdo con empresarios y dirigentes gremiales del territorio, ha sido posible gracias a la\u00a0combinaci\u00f3n de incentivos tributarios, infraestructura de soporte<\/p>","protected":false},"author":1,"featured_media":13195,"comment_status":"closed","ping_status":"closed","sticky":false,"template":"","format":"standard","meta":{"footnotes":""},"categories":[342,181],"tags":[],"class_list":["post-13242","post","type-post","status-publish","format-standard","has-post-thumbnail","hentry","category-news","category-noticias"],"views":22,"_links":{"self":[{"href":"https:\/\/www.amchambaq.com\/en\/wp-json\/wp\/v2\/posts\/13242","targetHints":{"allow":["GET"]}}],"collection":[{"href":"https:\/\/www.amchambaq.com\/en\/wp-json\/wp\/v2\/posts"}],"about":[{"href":"https:\/\/www.amchambaq.com\/en\/wp-json\/wp\/v2\/types\/post"}],"author":[{"embeddable":true,"href":"https:\/\/www.amchambaq.com\/en\/wp-json\/wp\/v2\/users\/1"}],"replies":[{"embeddable":true,"href":"https:\/\/www.amchambaq.com\/en\/wp-json\/wp\/v2\/comments?post=13242"}],"version-history":[{"count":1,"href":"https:\/\/www.amchambaq.com\/en\/wp-json\/wp\/v2\/posts\/13242\/revisions"}],"predecessor-version":[{"id":13243,"href":"https:\/\/www.amchambaq.com\/en\/wp-json\/wp\/v2\/posts\/13242\/revisions\/13243"}],"wp:featuredmedia":[{"embeddable":true,"href":"https:\/\/www.amchambaq.com\/en\/wp-json\/wp\/v2\/media\/13195"}],"wp:attachment":[{"href":"https:\/\/www.amchambaq.com\/en\/wp-json\/wp\/v2\/media?parent=13242"}],"wp:term":[{"taxonomy":"category","embeddable":true,"href":"https:\/\/www.amchambaq.com\/en\/wp-json\/wp\/v2\/categories?post=13242"},{"taxonomy":"post_tag","embeddable":true,"href":"https:\/\/www.amchambaq.com\/en\/wp-json\/wp\/v2\/tags?post=13242"}],"curies":[{"name":"wp","href":"https:\/\/api.w.org\/{rel}","templated":true}]}}