{"id":13237,"date":"2025-06-16T15:01:13","date_gmt":"2025-06-16T20:01:13","guid":{"rendered":"https:\/\/www.amchambaq.com\/?p=13237"},"modified":"2025-06-16T15:02:57","modified_gmt":"2025-06-16T20:02:57","slug":"mirada-regional-10-lideres-que-mueven-el-caribe-colombiano","status":"publish","type":"post","link":"https:\/\/www.amchambaq.com\/en\/mirada-regional-10-lideres-que-mueven-el-caribe-colombiano\/","title":{"rendered":"Mirada regional: 10 l\u00edderes que mueven el Caribe colombiano"},"content":{"rendered":"<p>El tejido empresarial del Caribe colombiano es innovador, disruptivo y un dinamizador de la econom\u00eda colombiana: el 9,9% de las empresas que m\u00e1s venden en Colombia est\u00e1n en alguno de los ocho departamentos que componen la regi\u00f3n, que adem\u00e1s pesa aproximadamente 12,5% en el Producto Interno Bruto nacional.<\/p>\n<p>Pero m\u00e1s all\u00e1 de los n\u00fameros, el liderazgo empresarial del Caribe se ha caracterizado por ser comprometido con sus comunidades, inspirador, que invita y motiva a la acci\u00f3n, es alguien que busca sacar lo mejor de su equipo para llevar las estrategias a cabo y que no se rinde ante la adversidad.<\/p>\n<p>En esta edici\u00f3n, Forbes destaca a 10 l\u00edderes que desde distintos sectores dejan en alto el nombre de su regi\u00f3n tanto en Colombia como en el mundo:<\/p>\n<h2 id=\"h-jose-manuel-carbonell\" class=\"wp-block-heading\">Jos\u00e9 Manuel Carbonell &#8211; Presidente de Ol\u00edmpica<\/h2>\n<p>Con m\u00e1s de 30 a\u00f1os en el grupo, Carbonell asumi\u00f3 la presidencia en 2024. Ha impulsado la expansi\u00f3n del formato de tiendas de descuento \u00cdsimo y la transformaci\u00f3n digital de la cadena, fortaleciendo su presencia en el retail colombiano.<\/p>\n<h2 id=\"h-silvia-tcherassi\" class=\"wp-block-heading\">Silvia Tcherassi &#8211; Dise\u00f1adora de modas y empresaria<\/h2>\n<p>Es una de las figuras m\u00e1s influyentes de la moda latinoamericana. Su marca, con presencia en Am\u00e9rica, Europa y Medio Oriente, combina artesan\u00eda y sofisticaci\u00f3n. Forbes la ha considerado por varios a\u00f1os consecutivos como una de las mujeres m\u00e1s poderosas de Colombia.<\/p>\n<h2 id=\"h-manuel-julian-davila\" class=\"wp-block-heading\">Manuel Juli\u00e1n D\u00e1vila &#8211; Presidente de Daabon<\/h2>\n<p>En 2024 fue destacada entre 100 empresas productoras de aceite de palma de todo el mundo. D\u00e1vila lidera uno de los conglomerados agroindustriales m\u00e1s importantes del pa\u00eds, con 22.894 hect\u00e1reas de palma de aceite y 420 hect\u00e1reas de banano. Llegan a 30 pa\u00edses.<\/p>\n<h2 id=\"h-claudia-bejarano\" class=\"wp-block-heading\">Claudia Bejarano &#8211; Presidente de Cerrej\u00f3n<\/h2>\n<p>Fue la primera mujer en liderar la operaci\u00f3n de una minera a nivel nacional, inici\u00f3 como pasante y escal\u00f3 hasta el cargo m\u00e1s alto. La compa\u00f1\u00eda est\u00e1 dentro de las m\u00e1s grandes del pa\u00eds por ingresos y es la segunda que m\u00e1s factura en el sector minero-energ\u00e9tico.<\/p>\n<h2 id=\"h-leonidas-oyaga\" class=\"wp-block-heading\">Leonidas Oyaga &#8211; CEO de Sempertex<\/h2>\n<p>Sempertex exporta globos de latex a 70 pa\u00edses. EE.UU. y Jap\u00f3n son sus principales clientes. En 2024 facturaron $280.000 millones, este a\u00f1o apuestan por nuevas l\u00edneas de negocio. Oyaga planea sacar adelante la nueva marca de productos para mascotas.<\/p>\n<h2 id=\"h-alfonso-salas-trujillo\" class=\"wp-block-heading\">Alfonso Salas Trujillo &#8211; Gerente General Grupo Puerto de Cartagena<\/h2>\n<p>Desde la terminal portuaria cartagenera, Colombia se conecta con m\u00e1s de 840 puertos en 150 pa\u00edses, superando a complejos regionales como Santos (Brasil), Manzanillo (Panam\u00e1) y Callao (Per\u00fa). Salas tiene la misi\u00f3n de seguir impulsando el comercio exterior.<\/p>\n<h2 id=\"h-alfredo-de-leon\" class=\"wp-block-heading\">Alfredo De Le\u00f3n &#8211; Gerente general de Expreso Brasilia<\/h2>\n<p>Con 18 a\u00f1os en la compa\u00f1\u00eda, lidera desde 2022 una transformaci\u00f3n digital que moderniza el transporte interdepartamental. Bajo su gesti\u00f3n, la firma moviliza 4,5 millones de pasajeros al a\u00f1o y fue reconocida como el 4\u00ba mejor lugar para trabajar en Colombia por Great Place To Work.<\/p>\n<h2 id=\"h-ramon-jesurun\" class=\"wp-block-heading\">Ram\u00f3n Jesur\u00fan &#8211; Presidente de la FCF<\/h2>\n<p>Preside la Federaci\u00f3n Colombiana de F\u00fatbol desde 2015 y es uno de los directores de la Confederaci\u00f3n Sudamericana de F\u00fatbol (Conmebol). Cada eliminatoria le deja a Barranquilla un impacto econ\u00f3mico aproximado de $36.000 millones.<\/p>\n<h2 id=\"h-hernando-chica\" class=\"wp-block-heading\">Hernando Chica &#8211; Presidente de Banco Agrario<\/h2>\n<p>El banco del Estado es la entidad financiera con mayor presencia en el pa\u00eds, con oficinas en 760 municipios de los 1.103 que tiene Colombia, en m\u00e1s de 400 es el \u00fanico banco disponible. El sincelejano ha impulsado la transformaci\u00f3n digital, con 56% de operaciones no presenciales.<\/p>","protected":false},"excerpt":{"rendered":"<p>El tejido empresarial del Caribe colombiano es innovador, disruptivo y un dinamizador de la econom\u00eda colombiana: el 9,9% de las empresas que m\u00e1s venden en Colombia est\u00e1n en alguno de los ocho departamentos que componen la regi\u00f3n, que adem\u00e1s pesa aproximadamente 12,5% en el Producto Interno Bruto nacional. Pero m\u00e1s all\u00e1 de los n\u00fameros, el<\/p>","protected":false},"author":1,"featured_media":13238,"comment_status":"closed","ping_status":"closed","sticky":false,"template":"","format":"standard","meta":{"footnotes":""},"categories":[342,181],"tags":[],"class_list":["post-13237","post","type-post","status-publish","format-standard","has-post-thumbnail","hentry","category-news","category-noticias"],"views":48,"_links":{"self":[{"href":"https:\/\/www.amchambaq.com\/en\/wp-json\/wp\/v2\/posts\/13237","targetHints":{"allow":["GET"]}}],"collection":[{"href":"https:\/\/www.amchambaq.com\/en\/wp-json\/wp\/v2\/posts"}],"about":[{"href":"https:\/\/www.amchambaq.com\/en\/wp-json\/wp\/v2\/types\/post"}],"author":[{"embeddable":true,"href":"https:\/\/www.amchambaq.com\/en\/wp-json\/wp\/v2\/users\/1"}],"replies":[{"embeddable":true,"href":"https:\/\/www.amchambaq.com\/en\/wp-json\/wp\/v2\/comments?post=13237"}],"version-history":[{"count":2,"href":"https:\/\/www.amchambaq.com\/en\/wp-json\/wp\/v2\/posts\/13237\/revisions"}],"predecessor-version":[{"id":13241,"href":"https:\/\/www.amchambaq.com\/en\/wp-json\/wp\/v2\/posts\/13237\/revisions\/13241"}],"wp:featuredmedia":[{"embeddable":true,"href":"https:\/\/www.amchambaq.com\/en\/wp-json\/wp\/v2\/media\/13238"}],"wp:attachment":[{"href":"https:\/\/www.amchambaq.com\/en\/wp-json\/wp\/v2\/media?parent=13237"}],"wp:term":[{"taxonomy":"category","embeddable":true,"href":"https:\/\/www.amchambaq.com\/en\/wp-json\/wp\/v2\/categories?post=13237"},{"taxonomy":"post_tag","embeddable":true,"href":"https:\/\/www.amchambaq.com\/en\/wp-json\/wp\/v2\/tags?post=13237"}],"curies":[{"name":"wp","href":"https:\/\/api.w.org\/{rel}","templated":true}]}}