{"id":13175,"date":"2025-05-26T11:15:29","date_gmt":"2025-05-26T16:15:29","guid":{"rendered":"https:\/\/www.amchambaq.com\/?p=13175"},"modified":"2025-05-26T11:15:29","modified_gmt":"2025-05-26T16:15:29","slug":"barranquilla-es-un-modelo-de-gobernanza-para-exportar-char-sobre-el-foro-de-la-ocde-en-la-ciudad","status":"publish","type":"post","link":"https:\/\/www.amchambaq.com\/en\/barranquilla-es-un-modelo-de-gobernanza-para-exportar-char-sobre-el-foro-de-la-ocde-en-la-ciudad\/","title":{"rendered":"\u201cBarranquilla es un modelo de gobernanza para exportar\u201d: Char sobre el foro de la Ocde en la ciudad"},"content":{"rendered":"<p class=\"elheraldo__StyledParagraph-sc-60z8lc-1 ceHSqO article-body__paragraph\">Con mucho orgullo y alegr\u00eda, el alcalde de Barranquilla, Alejandro Char, se refiri\u00f3 a la escogencia de la ciudad para ser sede del foro de Desarrollo Local que llevar\u00e1 a cabo la Organizaci\u00f3n para la Cooperaci\u00f3n y el Desarrollo Econ\u00f3micos (Ocde) y que se realizar\u00e1 el 9 y 10 de julio de este a\u00f1o.<\/p>\n<p class=\"elheraldo__StyledParagraph-sc-60z8lc-1 ceHSqO article-body__paragraph\">En ese sentido, el mandatario de los barranquilleros record\u00f3 que es la primera vez que un foro de esta magnitud se realizar\u00e1 fuera de Europa, y se\u00f1al\u00f3 que la ciudad fue escogida por encima de otras como Florencia (Italia), Melbourne (Australia) y Lisboa (Portugal).<\/p>\n<p class=\"elheraldo__StyledParagraph-sc-60z8lc-1 ceHSqO article-body__paragraph\">\u201cLas personas de la Ocde estudiaron los \u00faltimos 20 a\u00f1os a Barranquilla, y por primera vez salen de Europa(&#8230;) es un momento muy importante para la ciudad\u201d, detall\u00f3 Char durante el acto de clausura de la Feria de Energ\u00edas Renovables organizado por SER Colombia.<\/p>\n<div class=\"elheraldo__StyledRecommendedCard-sc-x7jz2p-0 bYvFrn recommended-card\">\n<p class=\"elheraldo__StyledParagraph-sc-60z8lc-1 ceHSqO article-body__paragraph\">Agreg\u00f3 que el tener a ese gran grupo de economistas y expertos hablando de desarrollo econ\u00f3mico, sostenibilidad y el protagonismo de la juventud, es un orgullo enorme.<\/p>\n<p class=\"elheraldo__StyledParagraph-sc-60z8lc-1 ceHSqO article-body__paragraph\">\u201cEsto significa que Barranquilla es un modelo de gobernanza para exportar y que esos pa\u00edses desarrollados puedan hacer semilla en la ciudad. Estamos orgullosos de lo que nos ganamos, y vamos a tener cerca de 400 personas de esos 38 pa\u00edses, los mejores economistas del mundo, estudiando un modelo de Barranquilla y ense\u00f1arle precisamente a la ciudad qu\u00e9 es lo que debe hacer para seguir avanzando, y sea un modelo de ense\u00f1anza para muchas poblaciones de Am\u00e9rica Latina\u201d, dijo Char.<\/p>\n<p class=\"elheraldo__StyledParagraph-sc-60z8lc-1 ceHSqO article-body__paragraph\">A\u00f1adi\u00f3 que este mensaje lo est\u00e1n llevando a las bases importantes como colegios, barrios y l\u00edderes. \u201cCreo que va a ser un buen momento de mucho aprender y de mucho ense\u00f1ar\u201d, precis\u00f3 el alcalde de Barranquilla.<\/p>\n<p class=\"elheraldo__StyledParagraph-sc-60z8lc-1 ceHSqO article-body__paragraph\">En el Foro, a trav\u00e9s de din\u00e1micas sesiones plenarias, talleres interactivos y visitas de estudio inmersivas, los participantes tendr\u00e1n la oportunidad de abordar variados temas, entre ellos la incorporaci\u00f3n de m\u00e1s j\u00f3venes y mujeres en los mercados laborales locales, y c\u00f3mo las empresas pueden tener un impacto social m\u00e1s fuerte en sus comunidades. Tambi\u00e9n abordar\u00e1n la forma como las poblaciones costeras pueden hacer la transici\u00f3n a las econom\u00edas verdes del futuro.<\/p>\n<p class=\"elheraldo__StyledParagraph-sc-60z8lc-1 ceHSqO article-body__paragraph\">Al ser este el primer foro realizado en Am\u00e9rica Latina, los participantes profundizar\u00e1n en los desaf\u00edos y oportunidades espec\u00edficos de la regi\u00f3n, incluyendo asuntos como empleabilidad y el aprovechamiento del potencial de los sectores tecnol\u00f3gico y creativo en crecimiento para el desarrollo y la inclusi\u00f3n.<\/p>\n<\/div>","protected":false},"excerpt":{"rendered":"<p>Con mucho orgullo y alegr\u00eda, el alcalde de Barranquilla, Alejandro Char, se refiri\u00f3 a la escogencia de la ciudad para ser sede del foro de Desarrollo Local que llevar\u00e1 a cabo la Organizaci\u00f3n para la Cooperaci\u00f3n y el Desarrollo Econ\u00f3micos (Ocde) y que se realizar\u00e1 el 9 y 10 de julio de este a\u00f1o. En<\/p>","protected":false},"author":1,"featured_media":12810,"comment_status":"closed","ping_status":"closed","sticky":false,"template":"","format":"standard","meta":{"footnotes":""},"categories":[342,181],"tags":[],"class_list":["post-13175","post","type-post","status-publish","format-standard","has-post-thumbnail","hentry","category-news","category-noticias"],"views":19,"_links":{"self":[{"href":"https:\/\/www.amchambaq.com\/en\/wp-json\/wp\/v2\/posts\/13175","targetHints":{"allow":["GET"]}}],"collection":[{"href":"https:\/\/www.amchambaq.com\/en\/wp-json\/wp\/v2\/posts"}],"about":[{"href":"https:\/\/www.amchambaq.com\/en\/wp-json\/wp\/v2\/types\/post"}],"author":[{"embeddable":true,"href":"https:\/\/www.amchambaq.com\/en\/wp-json\/wp\/v2\/users\/1"}],"replies":[{"embeddable":true,"href":"https:\/\/www.amchambaq.com\/en\/wp-json\/wp\/v2\/comments?post=13175"}],"version-history":[{"count":1,"href":"https:\/\/www.amchambaq.com\/en\/wp-json\/wp\/v2\/posts\/13175\/revisions"}],"predecessor-version":[{"id":13176,"href":"https:\/\/www.amchambaq.com\/en\/wp-json\/wp\/v2\/posts\/13175\/revisions\/13176"}],"wp:featuredmedia":[{"embeddable":true,"href":"https:\/\/www.amchambaq.com\/en\/wp-json\/wp\/v2\/media\/12810"}],"wp:attachment":[{"href":"https:\/\/www.amchambaq.com\/en\/wp-json\/wp\/v2\/media?parent=13175"}],"wp:term":[{"taxonomy":"category","embeddable":true,"href":"https:\/\/www.amchambaq.com\/en\/wp-json\/wp\/v2\/categories?post=13175"},{"taxonomy":"post_tag","embeddable":true,"href":"https:\/\/www.amchambaq.com\/en\/wp-json\/wp\/v2\/tags?post=13175"}],"curies":[{"name":"wp","href":"https:\/\/api.w.org\/{rel}","templated":true}]}}