{"id":13131,"date":"2025-05-05T14:58:17","date_gmt":"2025-05-05T19:58:17","guid":{"rendered":"https:\/\/www.amchambaq.com\/?p=13131"},"modified":"2025-05-05T14:58:17","modified_gmt":"2025-05-05T19:58:17","slug":"trump-dice-que-en-algun-momento-reducira-los-aranceles-a-china","status":"publish","type":"post","link":"https:\/\/www.amchambaq.com\/en\/trump-dice-que-en-algun-momento-reducira-los-aranceles-a-china\/","title":{"rendered":"Trump dice que \u201cen alg\u00fan momento\u201d reducir\u00e1 los aranceles a China"},"content":{"rendered":"<p class=\"paragraph inline-placeholder vossi-paragraph\" data-uri=\"es.cms.cnn.com\/_components\/paragraph\/instances\/cmab244tx006g26p034e51um5@published\" data-editable=\"text\" data-component-name=\"paragraph\" data-article-gutter=\"true\" data-analytics-observe=\"off\">El presidente Donald Trump afirm\u00f3 que los aranceles a las importaciones chinas a Estados Unidos eventualmente se reducir\u00e1n, despu\u00e9s de que tanto Beijing como Washington parecieran suavizar sus posturas sobre posibles negociaciones comerciales.<\/p>\n<p class=\"paragraph inline-placeholder vossi-paragraph\" data-uri=\"es.cms.cnn.com\/_components\/paragraph\/instances\/cmab26vym00053b6m2pwignoe@published\" data-editable=\"text\" data-component-name=\"paragraph\" data-article-gutter=\"true\" data-analytics-observe=\"off\">\u201cEn alg\u00fan momento, los voy a reducir porque de lo contrario nunca podr\u00edamos hacer negocios con ellos\u201d, dijo en una entrevista con el programa \u201cMeet the Press with Kristen Welker\u201d de la NBC, grabada el viernes. \u201cTienen muchas ganas de hacer negocios (\u2026) su econom\u00eda se est\u00e1 desmoronando\u201d.<\/p>\n<p class=\"paragraph inline-placeholder vossi-paragraph\" data-uri=\"es.cms.cnn.com\/_components\/paragraph\/instances\/cmab26vym00063b6me1gdy1qi@published\" data-editable=\"text\" data-component-name=\"paragraph\" data-article-gutter=\"true\" data-analytics-observe=\"off\">Semanas de escalada de represalias entre las dos econom\u00edas m\u00e1s grandes del mundo han elevado los aranceles estadounidenses sobre los productos chinos a un 145 % y los grav\u00e1menes chinos sobre los productos estadounidenses al 125 %. En las \u00faltimas dos semanas, ambas partes parecen haber moderado su ret\u00f3rica.<\/p>\n<p class=\"paragraph inline-placeholder vossi-paragraph\" data-uri=\"es.cms.cnn.com\/_components\/paragraph\/instances\/cmab26vym00073b6m2wftxfss@published\" data-editable=\"text\" data-component-name=\"paragraph\" data-article-gutter=\"true\" data-analytics-observe=\"off\">En la entrevista, emitida este domingo, Trump reconoci\u00f3 el impacto de los aranceles en China, y se\u00f1al\u00f3 el cierre de f\u00e1bricas y el desempleo \u201cpor las nubes\u201d, pero insisti\u00f3 en que no dar\u00eda el primer paso. \u201c\u00bfNo est\u00e1n eliminando los aranceles contra China para que se sienten a la mesa de negociaciones?\u201d, pregunt\u00f3 Welker.<\/p>\n<p data-uri=\"es.cms.cnn.com\/_components\/paragraph\/instances\/cmab26vym00073b6m2wftxfss@published\" data-editable=\"text\" data-component-name=\"paragraph\" data-article-gutter=\"true\" data-analytics-observe=\"off\">\u201c\u00bfPor qu\u00e9 har\u00eda eso?\u201d, respondi\u00f3 Trump.<\/p>\n<p class=\"paragraph inline-placeholder vossi-paragraph\" data-uri=\"es.cms.cnn.com\/_components\/paragraph\/instances\/cmab26vym00093b6m10a9o52q@published\" data-editable=\"text\" data-component-name=\"paragraph\" data-article-gutter=\"true\" data-analytics-observe=\"off\">El viernes, un portavoz del Ministerio de Comercio de China declar\u00f3 que el pa\u00eds estaba \u201cevaluando\u201d las propuestas de Estados Unidos para iniciar las negociaciones comerciales, pero que Trump primero debe \u201ccancelar\u201d sus \u201csubidas arancelarias unilaterales\u201d.<\/p>\n<div class=\"ad-slot-dynamic ad-slot-dynamic--1\" data-uri=\"es.cms.cnn.com\/_components\/ad-slot-dynamic\/instances\/outstream@published\" data-placement=\"{&quot;mobile&quot;:{&quot;position&quot;:7},&quot;desktop&quot;:{&quot;position&quot;:6}}\" data-unselectable=\"true\">\n<div class=\"ad-slot\" data-uri=\"es.cms.cnn.com\/_components\/ad-slot\/instances\/cnne-v1@published\" data-path=\"end\/ad-slot-dynamic[1]\/items\" data-mobile-slot-id=\"ad_rect_btf_06\" data-unselectable=\"true\">\n<div class=\"ad-slot__feedback ad-feedback-link-container\">\n<div class=\"ad-slot__ad-label\" data-ad-label-text=\"Publicidad\">Los aranceles estadounidenses ya han comenzado a afectar la econom\u00eda china, dependiente de las exportaciones. En abril, la actividad fabril registr\u00f3 su mayor contracci\u00f3n en 16 meses, mientras que los nuevos pedidos de exportaci\u00f3n cayeron a su nivel m\u00e1s bajo desde 2022, durante el auge de la pandemia de covid-19, seg\u00fan datos oficiales.<\/div>\n<div class=\"ad-feedback-link\" data-ad-type=\"DISPLAY\" data-ad-identifier=\"ad_rect_btf_06\">\n<div class=\"ad-feedback-link__label\">\n<p class=\"paragraph inline-placeholder vossi-paragraph\" data-uri=\"es.cms.cnn.com\/_components\/paragraph\/instances\/cmab27dly000f3b6m3zhyh6po@published\" data-editable=\"text\" data-component-name=\"paragraph\" data-article-gutter=\"true\" data-analytics-observe=\"off\">El domingo, Trump declar\u00f3 a los periodistas a bordo del Air Force One que no ten\u00eda previsto hablar con el l\u00edder chino Xi Jinping esta semana. \u201cPero China y nuestra gente est\u00e1n hablando de temas diferentes\u201d, a\u00f1adi\u00f3.<\/p>\n<p class=\"paragraph inline-placeholder vossi-paragraph\" data-uri=\"es.cms.cnn.com\/_components\/paragraph\/instances\/cmab27dly000g3b6mjoiv74z9@published\" data-editable=\"text\" data-component-name=\"paragraph\" data-article-gutter=\"true\" data-analytics-observe=\"off\">Trump afirm\u00f3 que busca un acuerdo comercial \u201cjusto\u201d con China, al tiempo que reiter\u00f3 su premisa de que el pa\u00eds se ha aprovechado de Estados Unidos en t\u00e9rminos comerciales durante a\u00f1os.<\/p>\n<p class=\"paragraph inline-placeholder vossi-paragraph\" data-uri=\"es.cms.cnn.com\/_components\/paragraph\/instances\/cmab27dly000h3b6m221096zf@published\" data-editable=\"text\" data-component-name=\"paragraph\" data-article-gutter=\"true\" data-analytics-observe=\"off\">Adem\u00e1s de China, Trump afirm\u00f3 que su Gobierno se estaba reuniendo con \u201ccasi\u201d todos los pa\u00edses, y que algunos acuerdos comerciales \u201cpodr\u00edan anunciarse\u201d esta semana.<\/p>\n<p class=\"paragraph inline-placeholder vossi-paragraph\" data-uri=\"es.cms.cnn.com\/_components\/paragraph\/instances\/cmab27dly000i3b6m56zv5byz@published\" data-editable=\"text\" data-component-name=\"paragraph\" data-article-gutter=\"true\" data-analytics-observe=\"off\">\u201cEstamos negociando con muchos pa\u00edses, pero al final de esto, establecer\u00e9 mis propios acuerdos, porque yo establezco los acuerdos, no ellos\u201d, declar\u00f3.<\/p>\n<p class=\"paragraph inline-placeholder vossi-paragraph\" data-uri=\"es.cms.cnn.com\/_components\/paragraph\/instances\/cmab27dly000j3b6mdihdec8i@published\" data-editable=\"text\" data-component-name=\"paragraph\" data-article-gutter=\"true\" data-analytics-observe=\"off\">Dependiendo del estado de las negociaciones, dijo: \u201cEn alg\u00fan momento simplemente establecer\u00e9 un n\u00famero arancelario determinado\u201d.<\/p>\n<h2 id=\"salvar-tiktok\" class=\"subheader inline-placeholder subheader\" data-editable=\"text\" data-uri=\"es.cms.cnn.com\/_components\/subheader\/instances\/cmab27irt000l3b6m75pne1lj@published\" data-component-name=\"subheader\" data-article-gutter=\"true\">Salvar TikTok<\/h2>\n<p class=\"paragraph inline-placeholder vossi-paragraph\" data-uri=\"es.cms.cnn.com\/_components\/paragraph\/instances\/cmab2737m000d3b6m87wss82m@published\" data-editable=\"text\" data-component-name=\"paragraph\" data-article-gutter=\"true\" data-analytics-observe=\"off\">Durante la entrevista con la NBC, Trump tambi\u00e9n afirm\u00f3 estar dispuesto a extender el plazo para que la empresa china ByteDance venda la operaci\u00f3n estadounidense de TikTok, una plataforma de v\u00eddeos cortos muy popular que ha acumulado 170 millones de usuarios estadounidenses.<\/p>\n<p class=\"paragraph inline-placeholder vossi-paragraph\" data-uri=\"es.cms.cnn.com\/_components\/paragraph\/instances\/cmab28aad000q3b6m7f3he6mt@published\" data-editable=\"text\" data-component-name=\"paragraph\" data-article-gutter=\"true\" data-analytics-observe=\"off\">El Congreso, bajo la presidencia de Joe Biden, aprob\u00f3 el a\u00f1o pasado una ley que obliga a la empresa con sede en Beijing a desinvertir en TikTok en Estados Unidos o a enfrentarse a una prohibici\u00f3n por motivos de seguridad nacional. Trump ha extendido el plazo en dos ocasiones porque a\u00fan no se ha concretado un acuerdo, a pesar de haber enfatizado repetidamente el enorme inter\u00e9s de los inversores estadounidenses en la aplicaci\u00f3n.<\/p>\n<p class=\"paragraph inline-placeholder vossi-paragraph\" data-uri=\"es.cms.cnn.com\/_components\/paragraph\/instances\/cmab28aad000r3b6m72ls97mq@published\" data-editable=\"text\" data-component-name=\"paragraph\" data-article-gutter=\"true\" data-analytics-observe=\"off\">\u201cMe gustar\u00eda que se concretara\u201d, declar\u00f3, a\u00f1adiendo que ten\u00eda una \u201cperspectiva ideal\u201d para la plataforma, ya que le ayud\u00f3 a ganarse el apoyo de los j\u00f3venes votantes durante las elecciones presidenciales de 2024.<\/p>\n<p class=\"paragraph inline-placeholder vossi-paragraph\" data-uri=\"es.cms.cnn.com\/_components\/paragraph\/instances\/cmab28aad000s3b6mxtxjftk1@published\" data-editable=\"text\" data-component-name=\"paragraph\" data-article-gutter=\"true\" data-analytics-observe=\"off\">\u201cTikTok es muy interesante, pero estar\u00e1 protegida\u201d, a\u00f1adi\u00f3.<\/p>\n<p data-uri=\"es.cms.cnn.com\/_components\/paragraph\/instances\/cmab28aad000s3b6mxtxjftk1@published\" data-editable=\"text\" data-component-name=\"paragraph\" data-article-gutter=\"true\" data-analytics-observe=\"off\">CNN<\/p>\n<\/div>\n<\/div>\n<\/div>\n<\/div>\n<\/div>\n","protected":false},"excerpt":{"rendered":"<p>El presidente Donald Trump afirm\u00f3 que los aranceles a las importaciones chinas a Estados Unidos eventualmente se reducir\u00e1n, despu\u00e9s de que tanto Beijing como Washington parecieran suavizar sus posturas sobre posibles negociaciones comerciales. \u201cEn alg\u00fan momento, los voy a reducir porque de lo contrario nunca podr\u00edamos hacer negocios con ellos\u201d, dijo en una entrevista con<\/p>","protected":false},"author":1,"featured_media":13132,"comment_status":"closed","ping_status":"closed","sticky":false,"template":"","format":"standard","meta":{"footnotes":""},"categories":[342,181],"tags":[],"class_list":["post-13131","post","type-post","status-publish","format-standard","has-post-thumbnail","hentry","category-news","category-noticias"],"views":23,"_links":{"self":[{"href":"https:\/\/www.amchambaq.com\/en\/wp-json\/wp\/v2\/posts\/13131","targetHints":{"allow":["GET"]}}],"collection":[{"href":"https:\/\/www.amchambaq.com\/en\/wp-json\/wp\/v2\/posts"}],"about":[{"href":"https:\/\/www.amchambaq.com\/en\/wp-json\/wp\/v2\/types\/post"}],"author":[{"embeddable":true,"href":"https:\/\/www.amchambaq.com\/en\/wp-json\/wp\/v2\/users\/1"}],"replies":[{"embeddable":true,"href":"https:\/\/www.amchambaq.com\/en\/wp-json\/wp\/v2\/comments?post=13131"}],"version-history":[{"count":1,"href":"https:\/\/www.amchambaq.com\/en\/wp-json\/wp\/v2\/posts\/13131\/revisions"}],"predecessor-version":[{"id":13133,"href":"https:\/\/www.amchambaq.com\/en\/wp-json\/wp\/v2\/posts\/13131\/revisions\/13133"}],"wp:featuredmedia":[{"embeddable":true,"href":"https:\/\/www.amchambaq.com\/en\/wp-json\/wp\/v2\/media\/13132"}],"wp:attachment":[{"href":"https:\/\/www.amchambaq.com\/en\/wp-json\/wp\/v2\/media?parent=13131"}],"wp:term":[{"taxonomy":"category","embeddable":true,"href":"https:\/\/www.amchambaq.com\/en\/wp-json\/wp\/v2\/categories?post=13131"},{"taxonomy":"post_tag","embeddable":true,"href":"https:\/\/www.amchambaq.com\/en\/wp-json\/wp\/v2\/tags?post=13131"}],"curies":[{"name":"wp","href":"https:\/\/api.w.org\/{rel}","templated":true}]}}