{"id":13093,"date":"2025-04-14T10:38:54","date_gmt":"2025-04-14T15:38:54","guid":{"rendered":"https:\/\/www.amchambaq.com\/?p=13093"},"modified":"2025-04-14T10:38:54","modified_gmt":"2025-04-14T15:38:54","slug":"como-se-vera-afectada-la-canasta-exportadora-de-colombia-con-los-aranceles-de-ee-uu","status":"publish","type":"post","link":"https:\/\/www.amchambaq.com\/en\/como-se-vera-afectada-la-canasta-exportadora-de-colombia-con-los-aranceles-de-ee-uu\/","title":{"rendered":"\u00bfC\u00f3mo se ver\u00e1 afectada la canasta exportadora de Colombia con los aranceles de EE. UU.?"},"content":{"rendered":"<p class=\"elheraldo__StyledParagraph-sc-60z8lc-1 ceHSqO article-body__paragraph\">La reciente guerra arancelaria promovida por el presidente de Estados Unidos,\u00a0<b>Donald Trump,<\/b>\u00a0implica que casi toda la canasta exportadora colombiana se ver\u00eda afectada con los impuestos.<\/p>\n<p class=\"elheraldo__StyledParagraph-sc-60z8lc-1 ceHSqO article-body__paragraph\">As\u00ed lo indicaron varios expertos consultados por\u00a0<a href=\"https:\/\/www.elheraldo.co\/\" target=\"_blank\" rel=\"noopener\"><b>EL HERALDO<\/b><\/a>\u00a0frente a las consecuencias que podr\u00eda atravesar Colombia, m\u00e1s all\u00e1 de que se tenga un porcentaje arancelario del 10 %, menor al de otros pa\u00edses como China, India, la UE, Vietnam y Malasia, entre otros.<\/p>\n<div class=\"elheraldo__StyledRecommendedCard-sc-x7jz2p-0 bYvFrn recommended-card\">\n<p class=\"elheraldo__StyledParagraph-sc-60z8lc-1 ceHSqO article-body__paragraph\">Los analistas resaltaron que la medida encarecer\u00eda autom\u00e1ticamente los bienes nacionales para los consumidores estadounidenses, lo que podr\u00eda traducirse en una menor demanda y una consecuente reducci\u00f3n en los niveles de exportaci\u00f3n.<\/p>\n<p class=\"elheraldo__StyledParagraph-sc-60z8lc-1 ceHSqO article-body__paragraph\">Teniendo en cuenta que un arancel es un impuesto que se aplica a un bien o producto importado de un pa\u00eds cuando estos cruzan la frontera, tambi\u00e9n se les conoce como derechos de aduana. Estos grav\u00e1menes se ejecutan en el instante en que la mercanc\u00eda va a ingresar al territorio nacional.<\/p>\n<p class=\"elheraldo__StyledParagraph-sc-60z8lc-1 ceHSqO article-body__paragraph\">Si una empresa decide no pagar el arancel correspondiente, sus productos simplemente\u00a0<b>no podr\u00e1n cruzar la frontera<\/b>\u00a0y, por tanto, los pa\u00edses no podr\u00e1n vender sus productos o servicios en el territorio de destino.<\/p>\n<p class=\"elheraldo__StyledParagraph-sc-60z8lc-1 ceHSqO article-body__paragraph\">Precisamente estos aranceles de tipo fiscal tienen una funci\u00f3n puramente recaudatoria,\u00a0<b>generando ingresos para el gobierno que los impone.<\/b><\/p>\n<p class=\"elheraldo__StyledParagraph-sc-60z8lc-1 ceHSqO article-body__paragraph\"><b>Laura Sarabia<\/b>, ministra de Relaciones Exteriores, manifest\u00f3 esta semana que la posici\u00f3n del Gobierno colombiano es proteger la industria nacional.<\/p>\n<p class=\"elheraldo__StyledParagraph-sc-60z8lc-1 ceHSqO article-body__paragraph\">\u201cQueremos insistir en que esta es una disposici\u00f3n global, no es discrecional hacia el gobierno de Gustavo Petro y en este momento estamos analizando la norma para proteger a la industria nacional y a nuestros exportadores. Trabajaremos de la mano del sector privado para revisar qu\u00e9 medidas construiremos a partir de esta decisi\u00f3n de los Estados Unidos\u201d.<\/p>\n<p class=\"elheraldo__StyledParagraph-sc-60z8lc-1 ceHSqO article-body__paragraph\">Aunque hubo pa\u00edses con aranceles superiores al 90 %, Colombia sali\u00f3 bien librada, puesto que solo obtuvo un 10 % de tarifa rec\u00edproca. Sin embargo, los sectores productivos del pa\u00eds ven con preocupaci\u00f3n la decisi\u00f3n de Trump, en tanto que los productos m\u00e1s exportados son petr\u00f3leo, oro, caf\u00e9 sin tostar, flores, puertas, ventanas y sus marcos.<\/p>\n<div class=\"elheraldo__StyledHeaderWrapper-sc-60z8lc-10 btJyYD\">\n<h3 class=\"article-body__header\"><b>Posici\u00f3n de los gremios<\/b><\/h3>\n<\/div>\n<p class=\"elheraldo__StyledParagraph-sc-60z8lc-1 ceHSqO article-body__paragraph\">El presidente ejecutivo de la\u00a0<b>Asociaci\u00f3n Nacional de Comercio Exterior<\/b>\u00a0(Analdex), Javier D\u00edaz, dijo que el impacto en Colombia es evidente, pues todos sus productos exportados comienzan a pagar un arancel base del 10 %, salvo algunas excepciones como el petr\u00f3leo, el carb\u00f3n y el oro.<\/p>\n<p class=\"elheraldo__StyledParagraph-sc-60z8lc-1 ceHSqO article-body__paragraph\">En ese sentido, se\u00f1al\u00f3 que es indudable que esta coyuntura representa grandes retos para Colombia, sobre todo para el sector agr\u00edcola y los dem\u00e1s que tienen una alta competencia con M\u00e9xico, pues hay que recordar que ese pa\u00eds tiene la ventaja de ingresar este tipo de productos a Estados Unidos con un arancel cero gracias al T-MEC (Tratado entre M\u00e9xico, Estados Unidos y Canad\u00e1).<\/p>\n<p class=\"elheraldo__StyledParagraph-sc-60z8lc-1 ceHSqO article-body__paragraph\">En esa misma l\u00ednea, la\u00a0<b>Asociaci\u00f3n del Sector Motriz y sus Partes<\/b>\u00a0(Asopartes) expres\u00f3 su preocupaci\u00f3n ante las cambiantes decisiones del presidente de Estados Unidos, Donald Trump, de imponer aranceles a las importaciones de veh\u00edculos y autopartes.<\/p>\n<p class=\"elheraldo__StyledParagraph-sc-60z8lc-1 ceHSqO article-body__paragraph\">Afirman que las medidas que se anuncian tienen implicaciones profundas para la industria automotriz global y genera un impacto directo en econom\u00edas con alta dependencia de componentes extranjeros, como es el caso de Colombia.<\/p>\n<p class=\"elheraldo__StyledParagraph-sc-60z8lc-1 ceHSqO article-body__paragraph\">Seg\u00fan cifras de la\u00a0<b>Direcci\u00f3n de Impuestos y Aduanas Nacionales<\/b>\u00a0(DIAN), en 2024 Colombia import\u00f3 autopartes por USD3.132 millones, lo que refleja un crecimiento del 3,79 % frente a 2023, aunque a\u00fan por debajo de los niveles post pandemia registrados en 2022 (USD3.812 millones).<\/p>\n<p class=\"elheraldo__StyledParagraph-sc-60z8lc-1 ceHSqO article-body__paragraph\">\u201cEl comercio estructural del pa\u00eds en este segmento implica que m\u00e1s del 85 % de los repuestos y partes que se comercializan en el mercado colombiano son importados\u201d, advirti\u00f3 Carlos Andr\u00e9s Pineda Osorio, presidente ejecutivo de Asopartes.<\/p>\n<p class=\"elheraldo__StyledParagraph-sc-60z8lc-1 ceHSqO article-body__paragraph\">A\u00f1adi\u00f3 que a este panorama se suma el proyecto de decreto que propone aumento de aranceles por parte del Gobierno colombiano a m\u00e1s de 220 productos del sector automotor, con el objetivo de proteger la industria nacional.<\/p>\n<p class=\"elheraldo__StyledParagraph-sc-60z8lc-1 ceHSqO article-body__paragraph\">\u201cEsta decisi\u00f3n tendr\u00eda un efecto contrario al previsto, encareciendo a\u00fan m\u00e1s los productos para los consumidores finales y limitando el acceso a tecnolog\u00edas especializadas,<b>\u00a0en un entorno ya afectado por la inflaci\u00f3n y la volatilidad cambiaria<\/b>. Estas medidas de aumentos arancelarios no solo encarecer\u00edan los costos de importaci\u00f3n de autopartes esenciales a Colombia, sino que tambi\u00e9n afectan la competitividad de nuestras exportaciones al mercado estadounidense\u201d, dijo.<\/p>\n<p class=\"elheraldo__StyledParagraph-sc-60z8lc-1 ceHSqO article-body__paragraph\">Explic\u00f3 que la imposici\u00f3n de estos aranceles por parte de Estados Unidos podr\u00eda desencadenar un efecto domin\u00f3 en la industria automotriz global, afectando directamente a Colombia. \u201cEn un sector en el que la producci\u00f3n local representa apenas el 15% del mercado, medidas proteccionistas sin una estrategia de fondo solo agravan la situaci\u00f3n\u201d.<\/p>\n<p class=\"elheraldo__StyledParagraph-sc-60z8lc-1 ceHSqO article-body__paragraph\">Por su parte, Mar\u00eda Claudia Lacouture, presidenta de la C\u00e1mara de Comercio Colombo Americana (AmCham Colombia), dijo que este es un tema que se debe tomar con calma, entendiendo que la imposici\u00f3n de un arancel del 10 % es global, es decir, todos los pa\u00edses experimentan el mismo aumento y, en ese orden de ideas, no cambia mucho la competitividad de los productos colombianos en Estados Unidos (salvo las ya mencionadas excepciones, desaf\u00edos y oportunidades).<\/p>\n<div class=\"elheraldo__StyledHeaderWrapper-sc-60z8lc-10 btJyYD\">\n<h3 class=\"article-body__header\"><b>Visi\u00f3n de los expertos<\/b><\/h3>\n<\/div>\n<p class=\"elheraldo__StyledParagraph-sc-60z8lc-1 ceHSqO article-body__paragraph\">En di\u00e1logo con EL HERALDO, la directora de la\u00a0<b>Fundaci\u00f3n para el Desarrollo del Caribe<\/b>\u00a0(Fundesarrollo), Oriana \u00c1lvarez Vos, expuso tres frentes espec\u00edficos en Colombia. El primero es a nivel nacional, diciendo que los productos m\u00e1s expuestos a esta pol\u00edtica son el petr\u00f3leo, el caf\u00e9, las flores y los metales preciosos, los cuales, en conjunto, representan m\u00e1s del 70 % de las ventas colombianas hacia ese pa\u00eds.<\/p>\n<p class=\"elheraldo__StyledParagraph-sc-60z8lc-1 ceHSqO article-body__paragraph\">El segundo va desde una perspectiva regional, m\u00e1s exactamente el Caribe, afirmando que\u00a0<b>el 77 % de la canasta exportadora colombiana hacia Estados Unidos est\u00e1 compuesta por petr\u00f3leo<\/b>, productos met\u00e1licos, alimentos como el pl\u00e1tano y el banano, textiles y art\u00edculos de pl\u00e1stico, todos ellos sectores particularmente sensibles a aumentos en los costos de ingreso al mercado estadounidense.<\/p>\n<p class=\"elheraldo__StyledParagraph-sc-60z8lc-1 ceHSqO article-body__paragraph\">En el caso del departamento del Atl\u00e1ntico, dijo que el 84 % de las exportaciones hacia EE. UU. corresponde a productos met\u00e1licos, textiles, vidrio, metales y pl\u00e1sticos, todos altamente expuestos a los efectos negativos de esta medida.<\/p>\n<p class=\"elheraldo__StyledParagraph-sc-60z8lc-1 ceHSqO article-body__paragraph\">Sobre posibles consecuencias para Colombia, \u00c1lvarez Vos recalc\u00f3 que los productores colombianos enfrentar\u00edan mayores dificultades para exportar a Estados Unidos, ya que sus productos ser\u00edan m\u00e1s costosos y menos competitivos frente a los de pa\u00edses exentos de aranceles.<\/p>\n<p class=\"elheraldo__StyledParagraph-sc-60z8lc-1 ceHSqO article-body__paragraph\">\u201cEsto podr\u00eda traducirse en una ca\u00edda de las ventas, reducci\u00f3n del empleo e incluso una menor inversi\u00f3n en sectores exportadores\u201d, dijo la directora de Fundesarrollo.<\/p>\n<p class=\"elheraldo__StyledParagraph-sc-60z8lc-1 ceHSqO article-body__paragraph\">A su vez, dijo que los consumidores colombianos podr\u00edan verse afectados si la medida genera represalias o incrementa los precios de productos importados desde EE. UU., especialmente en rubros como tecnolog\u00eda,\u00a0<b>maquinaria o alimentos procesados.<\/b><\/p>\n<p class=\"elheraldo__StyledParagraph-sc-60z8lc-1 ceHSqO article-body__paragraph\">Por su parte,\u00a0<b>Henry Amorocho,<\/b>\u00a0profesor de Hacienda P\u00fablica de la Universidad del Rosario, mencion\u00f3 que la guerra arancelaria no le pega mucho a Colombia, puesto que el 50 % del comercio internacional, que lo mueven b\u00e1sicamente productos como el petr\u00f3leo y el oro en exportaciones, en el mercado de Estados Unidos tienen arancel exento.<\/p>\n<p class=\"elheraldo__StyledParagraph-sc-60z8lc-1 ceHSqO article-body__paragraph\">\u201cSi nos vamos a otros componentes de productos como el caf\u00e9 y las flores, vemos que tampoco hay ninguna dificultad del todo fuerte ac\u00e1, ya que nuestros productos tienen un arancel del 10 %, que es un arancel igual para todos los pa\u00edses del mundo. Nosotros venimos aumentando la producci\u00f3n y la productividad, y eso no va a cambiar, porque los aranceles son los mismos y nosotros tenemos en este momento m\u00e1s quantum para exportar\u201d, destac\u00f3 Amorocho.<\/p>\n<p class=\"elheraldo__StyledParagraph-sc-60z8lc-1 ceHSqO article-body__paragraph\"><b>Aranceles podr\u00edan afectar el petr\u00f3leo<\/b><\/p>\n<p class=\"elheraldo__StyledParagraph-sc-60z8lc-1 ceHSqO article-body__paragraph\">Dada la ca\u00edda que ha tenido el barril del crudo con la guerra comercial que emprendi\u00f3 Donald Trump en Estados Unidos al aumentar los aranceles a decenas de pa\u00edses que exportan productos a ese pa\u00eds, Colombia tambi\u00e9n tendr\u00eda un impacto significativo en este hidrocarburo.<\/p>\n<p class=\"elheraldo__StyledParagraph-sc-60z8lc-1 ceHSqO article-body__paragraph\">De hecho, el presidente de Ecopetrol,\u00a0<b>Ricardo Roa<\/b>, asegur\u00f3 que la compa\u00f1\u00eda est\u00e1 contemplando cerrar algunos de sus pozos.<\/p>\n<p class=\"elheraldo__StyledParagraph-sc-60z8lc-1 ceHSqO article-body__paragraph\">Justamente expertos como<b>\u00a0Frank Pearl,<\/b>\u00a0presidente de la Asociaci\u00f3n Colombiana del Petr\u00f3leo y Gas (ACP), resalt\u00f3 que ya hay empresas que tendr\u00e1n que mirar sus puntos de equilibrio.<\/p>\n<div class=\"elheraldo__StyledHeaderWrapper-sc-60z8lc-10 btJyYD\">\n<h3 class=\"article-body__header\"><b>Gobierno nacional negociar\u00e1 aranceles con Estados Unidos<\/b><\/h3>\n<\/div>\n<p class=\"elheraldo__StyledParagraph-sc-60z8lc-1 ceHSqO article-body__paragraph\">La ministra encargada de Comercio,\u00a0<b>Cielo Rusinque,<\/b>\u00a0confirm\u00f3 que el Gobierno busca negociar los aranceles del 10 % que impuso el presidente Trump a Colombia.<\/p>\n<p class=\"elheraldo__StyledParagraph-sc-60z8lc-1 ceHSqO article-body__paragraph\">La funcionaria sostuvo que para el pasado viernes 11 de abril se habr\u00edan enviado cartas formales a Washington manifestando la voluntad que tiene Colombia para negociar las tasas de Estados Unidos.<\/p>\n<p class=\"elheraldo__StyledParagraph-sc-60z8lc-1 ceHSqO article-body__paragraph\">\u201cEstamos radicando oficialmente dos cartas al gobierno de Estados Unidos para avanzar en las conversaciones\u201d, se\u00f1al\u00f3 Rusinque, al mismo tiempo que aclar\u00f3 que no se est\u00e1 acudiendo al escenario de mecanismo de resoluci\u00f3n de conflictos. \u201cAc\u00e1 lo que estamos es manifestando nuestra voluntad de entrar en ese proceso de negociaci\u00f3n y de revisi\u00f3n de las mejores condiciones para buscar una eventual reducci\u00f3n a este arancel del 10 % que rige incluso hasta el d\u00eda de hoy\u201d, afirm\u00f3 la ministra encargada Rusinque.<\/p>\n<p class=\"elheraldo__StyledParagraph-sc-60z8lc-1 ceHSqO article-body__paragraph\">Adem\u00e1s, confirm\u00f3 que un delegado de Estados Unidos vendr\u00e1 a Colombia para revisar las relaciones comerciales de ambos pa\u00edses: \u201cA fin de mes viene a Colombia viene el delegado del representante comercial de Estados Unidos, Daniel Watson, para revisar algunas cuestiones de esa relaci\u00f3n comercial del acuerdo que nos une con ese pa\u00eds\u201d, puntualiz\u00f3.<\/p>\n<p class=\"elheraldo__StyledParagraph-sc-60z8lc-1 ceHSqO article-body__paragraph\">Sobre esto, AmCham Colombia dijo que en un contexto global de incertidumbre, el di\u00e1logo diplom\u00e1tico y el aporte de todos desde sus funciones son fundamentales.<\/p>\n<p class=\"elheraldo__StyledParagraph-sc-60z8lc-1 ceHSqO article-body__paragraph\">\u201cEn ese camino, el trabajo coordinado y respetuoso entre Gobierno y sector privado es lo que m\u00e1s le conviene al pa\u00eds\u201d, afirman desde el gremio.<\/p>\n<\/div>","protected":false},"excerpt":{"rendered":"<p>La reciente guerra arancelaria promovida por el presidente de Estados Unidos,\u00a0Donald Trump,\u00a0implica que casi toda la canasta exportadora colombiana se ver\u00eda afectada con los impuestos. As\u00ed lo indicaron varios expertos consultados por\u00a0EL HERALDO\u00a0frente a las consecuencias que podr\u00eda atravesar Colombia, m\u00e1s all\u00e1 de que se tenga un porcentaje arancelario del 10 %, menor al de<\/p>","protected":false},"author":1,"featured_media":13036,"comment_status":"closed","ping_status":"closed","sticky":false,"template":"","format":"standard","meta":{"footnotes":""},"categories":[342,181],"tags":[],"class_list":["post-13093","post","type-post","status-publish","format-standard","has-post-thumbnail","hentry","category-news","category-noticias"],"views":39,"_links":{"self":[{"href":"https:\/\/www.amchambaq.com\/en\/wp-json\/wp\/v2\/posts\/13093","targetHints":{"allow":["GET"]}}],"collection":[{"href":"https:\/\/www.amchambaq.com\/en\/wp-json\/wp\/v2\/posts"}],"about":[{"href":"https:\/\/www.amchambaq.com\/en\/wp-json\/wp\/v2\/types\/post"}],"author":[{"embeddable":true,"href":"https:\/\/www.amchambaq.com\/en\/wp-json\/wp\/v2\/users\/1"}],"replies":[{"embeddable":true,"href":"https:\/\/www.amchambaq.com\/en\/wp-json\/wp\/v2\/comments?post=13093"}],"version-history":[{"count":1,"href":"https:\/\/www.amchambaq.com\/en\/wp-json\/wp\/v2\/posts\/13093\/revisions"}],"predecessor-version":[{"id":13094,"href":"https:\/\/www.amchambaq.com\/en\/wp-json\/wp\/v2\/posts\/13093\/revisions\/13094"}],"wp:featuredmedia":[{"embeddable":true,"href":"https:\/\/www.amchambaq.com\/en\/wp-json\/wp\/v2\/media\/13036"}],"wp:attachment":[{"href":"https:\/\/www.amchambaq.com\/en\/wp-json\/wp\/v2\/media?parent=13093"}],"wp:term":[{"taxonomy":"category","embeddable":true,"href":"https:\/\/www.amchambaq.com\/en\/wp-json\/wp\/v2\/categories?post=13093"},{"taxonomy":"post_tag","embeddable":true,"href":"https:\/\/www.amchambaq.com\/en\/wp-json\/wp\/v2\/tags?post=13093"}],"curies":[{"name":"wp","href":"https:\/\/api.w.org\/{rel}","templated":true}]}}