{"id":13075,"date":"2025-04-02T16:38:14","date_gmt":"2025-04-02T21:38:14","guid":{"rendered":"https:\/\/www.amchambaq.com\/?p=13075"},"modified":"2025-04-02T16:38:14","modified_gmt":"2025-04-02T21:38:14","slug":"donald-trump-impone-duras-medidas-a-colombia-implementara-10-de-aranceles-asi-impacta-al-pais","status":"publish","type":"post","link":"https:\/\/www.amchambaq.com\/en\/donald-trump-impone-duras-medidas-a-colombia-implementara-10-de-aranceles-asi-impacta-al-pais\/","title":{"rendered":"Donald Trump impone duras medidas a Colombia: implementar\u00e1 10 % de aranceles. As\u00ed impacta al pa\u00eds"},"content":{"rendered":"<div class=\"max-w-screen-md prose prose-lg mx-auto mb-5\">\n<p data-type=\"text\">Durante el discurso en el que llam\u00f3 el \u201cD\u00eda de la Liberaci\u00f3n\u201d, el presidente<b>\u00a0Donald Trump anunci\u00f3 que impondr\u00e1 un arancel m\u00ednimo del 10 % para todos los pa\u00edses del mundo<\/b>, del que no se escapa Colombia.<\/p>\n<\/div>\n<div class=\"max-w-screen-md prose prose-lg mx-auto mb-5\">\n<p data-type=\"text\">Con esta medida busca \u201cvolver a Am\u00e9rica rica de nuevo\u201d, pues argumenta que as\u00ed podr\u00e1 equiparar la cancha frente a muchos pa\u00edses que le cobran elevados aranceles al ingreso de productos americanos, mientras que Estados Unidos les cobra una tarifa inferior.<\/p>\n<\/div>\n<div id=\"connatix-geo-player\" class=\"mb-5 connatix-geo-player\">En especial se refiri\u00f3 al tema de los veh\u00edculos y a los productos agr\u00edcolas, en particular los l\u00e1cteos que exportan a Canad\u00e1, donde Trump asegur\u00f3 que les cobran aranceles de m\u00e1s de 200%.<\/div>\n<div class=\"max-w-screen-md prose prose-lg mx-auto mb-5\">\n<p data-type=\"text\"><b>Se refiri\u00f3 a numerosos pa\u00edses y aunque no mencion\u00f3 a Colombia, en una tabla que present\u00f3 en el discurso, se puede ver que esta econom\u00eda no se salvar\u00eda del arancel del 10%,<\/b>\u00a0lo que implica una fuerte carga para el comercio exterior nacional. Datos del Banco Mundial, recientemente recopilados por Bancolombia, muestran que mientras que los productos colombianos pagan en Estados Unidos tiene un arancel (promedio ponderado) del orden de 0,2 por ciento, ac\u00e1 se le aplica un 7 por ciento a los productos de ese pa\u00eds.<\/p>\n<div class=\"max-w-screen-md prose prose-lg mx-auto mb-5\">\n<p data-type=\"text\">Antes del anuncio se cre\u00eda que Colombia pod\u00eda salvarse de la nueva pol\u00edtica comercial estadounidense dado que las exportaciones nacionales representan solo el 0,5% de las compras externas de EE. UU. Sin embargo, no fue as\u00ed y, por el contrario, implica un duro golpe para el pa\u00eds teniendo en cuenta que esa naci\u00f3n es el principal proveedor de importaciones de bienes para Colombia (25,8%)<\/p>\n<\/div>\n<div class=\"max-w-screen-md prose prose-lg mx-auto mb-5\">\n<p data-type=\"text\">As\u00ed mismo, el 29% de las exportaciones colombianas tienen como destino el mercado estadounidense. Lo que m\u00e1s se vende a ese pa\u00eds es combustibles y petr\u00f3leo, flores y plantas, caf\u00e9 y especias, al igual que perlas naturales.<\/p>\n<\/div>\n<div class=\"max-w-screen-md prose prose-lg mx-auto mb-5\">\n<p data-type=\"text\">El incremento de los aranceles no solo impacta los flujos de exportaci\u00f3n, sino tambi\u00e9n los de importaci\u00f3n. Esto teniendo en cuenta que muchas empresas deber\u00edan pagar m\u00e1s por las materias primas que traen del pa\u00eds del Norte. Paralelamente, si se encarecen los precios de los bienes importados, se podr\u00eda reversar la tendencia decreciente que est\u00e1 teniendo la inflaci\u00f3n, generando un entorno econ\u00f3mico m\u00e1s desafiante para empresas y hogares.<\/p>\n<div class=\"max-w-screen-md prose prose-lg mx-auto mb-5\">\n<p data-type=\"text\">Andr\u00e9s Rugeles, vicepresidente del Consejo Colombiano de Relaciones Exteriores\u00a0(CORI), asegur\u00f3 que, frente a la decisi\u00f3n unilateral de Estados Unidos de instaurar aranceles a nivel global, es muy importante que el gobierno de Colombia le informe al pa\u00eds -especialmente al sector empresarial y a los trabajadores-, cu\u00e1l es su plan A, B y C en este campo. \u201cColombia necesita actuar con pragmatismo y de forma constructiva y propositiva. Lo peor que nos puede pasar en seguir en la denominada \u201cpol\u00edtica exterior del N\/S\u201d: no saben, no responden&#8221;, enfatiz\u00f3.<\/p>\n<\/div>\n<div class=\"max-w-screen-md prose prose-lg mx-auto mb-5\">\n<p data-type=\"text\">As\u00ed mismo, Daniel Velandia, managing director de Research de Credicorp Capital, asegur\u00f3 que, sin conocer los detalles de las medidas anunciadas por el gobierno de Trump y asumiendo un arancel del 10 por ciento a las exportaciones nacionales a Estados Unidos, se podr\u00eda impactar la actividad econ\u00f3mica en alrededor de tres d\u00e9cimas.<\/p>\n<\/div>\n<div class=\"max-w-screen-md prose prose-lg mx-auto mb-5\">\n<p data-type=\"text\">\u201cEsto implica una ca\u00edda de las exportaciones de alrededor de 1.400 millones de d\u00f3lares al a\u00f1o, lo que es equivalente a aproximadamente 0,3 del PIB. Sin embargo, este impacto involucra varios supuestos, porque si la moneda colombiana llega a depreciarse como resultado de estos aranceles, el impacto total se amortigua en la medida en que el peso colombiano pudiera hacerse m\u00e1s barato frente al d\u00f3lar\u201d, asegura Velandia.<\/p>\n<\/div>\n<div class=\"max-w-screen-md prose prose-lg mx-auto mb-5\">\n<p data-type=\"text\">Para explicar su punto dice que si, por ejemplo, el d\u00f3lar subiera un 5%, habr\u00eda un impacto agregado sobre el crecimiento econ\u00f3mico de alrededor de dos d\u00e9cimas, en vez de tres.<\/p>\n<\/div>\n<\/div>\n<\/div>","protected":false},"excerpt":{"rendered":"<p>Durante el discurso en el que llam\u00f3 el \u201cD\u00eda de la Liberaci\u00f3n\u201d, el presidente\u00a0Donald Trump anunci\u00f3 que impondr\u00e1 un arancel m\u00ednimo del 10 % para todos los pa\u00edses del mundo, del que no se escapa Colombia. Con esta medida busca \u201cvolver a Am\u00e9rica rica de nuevo\u201d, pues argumenta que as\u00ed podr\u00e1 equiparar la cancha frente<\/p>","protected":false},"author":1,"featured_media":12872,"comment_status":"closed","ping_status":"closed","sticky":false,"template":"","format":"standard","meta":{"footnotes":""},"categories":[342,181],"tags":[],"class_list":["post-13075","post","type-post","status-publish","format-standard","has-post-thumbnail","hentry","category-news","category-noticias"],"views":41,"_links":{"self":[{"href":"https:\/\/www.amchambaq.com\/en\/wp-json\/wp\/v2\/posts\/13075","targetHints":{"allow":["GET"]}}],"collection":[{"href":"https:\/\/www.amchambaq.com\/en\/wp-json\/wp\/v2\/posts"}],"about":[{"href":"https:\/\/www.amchambaq.com\/en\/wp-json\/wp\/v2\/types\/post"}],"author":[{"embeddable":true,"href":"https:\/\/www.amchambaq.com\/en\/wp-json\/wp\/v2\/users\/1"}],"replies":[{"embeddable":true,"href":"https:\/\/www.amchambaq.com\/en\/wp-json\/wp\/v2\/comments?post=13075"}],"version-history":[{"count":1,"href":"https:\/\/www.amchambaq.com\/en\/wp-json\/wp\/v2\/posts\/13075\/revisions"}],"predecessor-version":[{"id":13076,"href":"https:\/\/www.amchambaq.com\/en\/wp-json\/wp\/v2\/posts\/13075\/revisions\/13076"}],"wp:featuredmedia":[{"embeddable":true,"href":"https:\/\/www.amchambaq.com\/en\/wp-json\/wp\/v2\/media\/12872"}],"wp:attachment":[{"href":"https:\/\/www.amchambaq.com\/en\/wp-json\/wp\/v2\/media?parent=13075"}],"wp:term":[{"taxonomy":"category","embeddable":true,"href":"https:\/\/www.amchambaq.com\/en\/wp-json\/wp\/v2\/categories?post=13075"},{"taxonomy":"post_tag","embeddable":true,"href":"https:\/\/www.amchambaq.com\/en\/wp-json\/wp\/v2\/tags?post=13075"}],"curies":[{"name":"wp","href":"https:\/\/api.w.org\/{rel}","templated":true}]}}