{"id":13050,"date":"2025-03-31T09:22:52","date_gmt":"2025-03-31T14:22:52","guid":{"rendered":"https:\/\/www.amchambaq.com\/?p=13050"},"modified":"2025-03-31T09:22:52","modified_gmt":"2025-03-31T14:22:52","slug":"en-que-consiste-el-acuerdo-biometrico-firmado-entre-colombia-y-ee-uu-sobre-migracion","status":"publish","type":"post","link":"https:\/\/www.amchambaq.com\/en\/en-que-consiste-el-acuerdo-biometrico-firmado-entre-colombia-y-ee-uu-sobre-migracion\/","title":{"rendered":"\u00bfEn qu\u00e9 consiste el acuerdo biom\u00e9trico firmado entre Colombia y EE. UU. sobre migraci\u00f3n?"},"content":{"rendered":"<p>En medio de la visita de la secretaria de Seguridad Interior (DHS) estadounidense, Kristi Noem, a Bogot\u00e1,<b>\u00a0<a href=\"https:\/\/www.elcolombiano.com\/cronologia\/noticias\/meta\/colombia\" target=\"_blank\" rel=\"noopener noreferrer\">Colombia<\/a>\u00a0y EE. UU. firmaron un acuerdo de intenci\u00f3n para fortalecer la cooperaci\u00f3n entre ambos pa\u00edses\u00a0<\/b>en materia de migraci\u00f3n, tema prioritario en la agenda del mandatario norteamericano\u00a0<b><a href=\"https:\/\/www.elcolombiano.com\/cronologia\/noticias\/meta\/donald-trump\" target=\"_blank\" rel=\"noopener noreferrer\">Donald Trump<\/a>.<\/b><\/p>\n<div class=\"paragraph\">\n<p>La carta de intenci\u00f3n firmada entre\u00a0<b>la canciller colombiana,\u00a0<a href=\"https:\/\/www.elcolombiano.com\/cronologia\/noticias\/meta\/laura-sarabia\" target=\"_blank\" rel=\"noopener noreferrer\">Laura Sarabia<\/a>, y la secretaria de Seguridad de EE. UU., Kristi Noem,<\/b>\u00a0tiene la premisa de fortalecer la informaci\u00f3n en materia migratoria.<\/p>\n<\/div>\n<div class=\"Article_Text 26931807 47499451\">\n<div class=\"template-ec-14\" data-mrf-recirculation=\"Article - inline\">\n<div class=\"left\">\n<p>Esto incluye que<b>\u00a0ambos pa\u00edses compartan la informaci\u00f3n biom\u00e9trica de los migrantes que tengan la intenci\u00f3n de ingresar a los\u00a0<a href=\"https:\/\/www.elcolombiano.com\/cronologia\/noticias\/meta\/estados-unidos\" target=\"_blank\" rel=\"noopener noreferrer\">Estados Unidos<\/a>,<\/b>\u00a0pero tambi\u00e9n se buscar\u00e1 tener acceso bilateral a la documentaci\u00f3n relacionada con integrantes de bandas dedicadas al narcotr\u00e1fico y\u00a0<a href=\"https:\/\/www.elcolombiano.com\/cronologia\/noticias\/meta\/bandas-criminales\" target=\"_blank\" rel=\"noopener noreferrer\">bandas criminales<\/a>.<\/p>\n<p><b>\u201cNos permite compartir los datos biom\u00e9tricos para ser m\u00e1s eficientes, m\u00e1s precisos.<\/b>\u00a0Esta alianza nos va a ayudar a<b>\u00a0tener un impacto y ayudar a Colombia y las personas colombianas para detectar criminales que trabajan en las fronteras\u201d,\u00a0<\/b>asegur\u00f3 Noem.<\/p>\n<p>La secretaria de Seguridad reconoci\u00f3 que \u201c<b>hay criminales muy peligrosos, muy sofisticados, carteles y organizaciones criminales y queremos enfrentarnos de manera conjunta<\/b>\u00a0para frenar lo que est\u00e1n haciendo\u201d.<\/p>\n<div id=\"Mid-Article-Reco-Reel-1\" class=\"trc_related_container tbl-trecs-container trc_spotlight_widget trc_elastic trc_elastic_alternating-thumbnails-mid-article-rr tbl-reco-reel-desktop tbl-story-desktop\" data-placement-name=\"Mid Article Reco Reel\">\n<div class=\"trc_rbox_container tbl-slides-container tbl-reco-reel story-widget tbl-trecs-reco-reel tbl-reco-reel-desktop tbl-story-desktop tbl-reco-reel-text-under-slide-in story-widget-text-under-slide-in\">\n<div>\n<div id=\"trc_wrapper_80774563\" class=\"trc_rbox alternating-thumbnails-mid-article-rr trc-content-hybrid\">Este anuncio se asemeja al acuerdo que ambos gobiernos suscribieron el a\u00f1o pasado, a trav\u00e9s de\u00a0<a href=\"https:\/\/www.elcolombiano.com\/cronologia\/noticias\/meta\/migracion-colombia\" target=\"_blank\" rel=\"noopener noreferrer\">Migraci\u00f3n Colombia<\/a>, para tener\u00a0<b>acceso a la base de datos de ciudadanos estadounidenses con antecedentes o condenados por delitos sexuales para as\u00ed evitar su ingreso al pa\u00eds con la llamada alerta Angel Watch,<\/b>\u00a0la cual ya ha sido activada en m\u00e1s de una veintena de casos en los aeropuertos El Dorado de Bogot\u00e1, y especialmente<b>\u00a0en el\u00a0<a href=\"https:\/\/www.elcolombiano.com\/cronologia\/noticias\/meta\/aeropuerto-jose-maria-cordova\" target=\"_blank\" rel=\"noopener noreferrer\">Jos\u00e9 Mar\u00eda C\u00f3rdova, de Rionegro<\/a>, que sirve a Medell\u00edn.<\/b><\/div>\n<div>\n<div class=\"paragraph\">\n<p>Por su parte, la canciller Sarabia se\u00f1al\u00f3 que este encuentro con la funcionaria del gobierno Trump\u00a0<b>es un paso m\u00e1s para fortalecer las relaciones entre ambos pa\u00edses, pero tambi\u00e9n insistiendo en el respeto a los migrantes colombianos\u00a0<\/b>que seguir\u00e1n siendo deportados.<\/p>\n<\/div>\n<div class=\"Article_Text 26675591 47499447\">\n<div class=\"template-ec-14\" data-mrf-recirculation=\"Article - inline\">\n<div class=\"left\">\n<p>\u201cEs un paso m\u00e1s para poder establecer medidas espec\u00edficas, realistas y efectivas que garanticen la consolidaci\u00f3n de relaci\u00f3n con los Estados Unidos y\u00a0<b>la garant\u00eda de que los derechos humanos y la dignidad de los migrantes sean efectivamente respetados<\/b>\u201d, se\u00f1al\u00f3 Sarabia.<\/p>\n<p>La Canciller tambi\u00e9n asegur\u00f3 que continuar\u00e1 propiciando encuentros entre ambos pa\u00edses para tratar otros temas de cooperaci\u00f3n bilateral como la seguridad, comercio y lucha contra las drogas.<\/p>\n<\/div>\n<\/div>\n<\/div>\n<\/div>\n<\/div>\n<\/div>\n<\/div>\n<\/div>\n<\/div>\n<\/div>","protected":false},"excerpt":{"rendered":"<p>En medio de la visita de la secretaria de Seguridad Interior (DHS) estadounidense, Kristi Noem, a Bogot\u00e1,\u00a0Colombia\u00a0y EE. UU. firmaron un acuerdo de intenci\u00f3n para fortalecer la cooperaci\u00f3n entre ambos pa\u00edses\u00a0en materia de migraci\u00f3n, tema prioritario en la agenda del mandatario norteamericano\u00a0Donald Trump. La carta de intenci\u00f3n firmada entre\u00a0la canciller colombiana,\u00a0Laura Sarabia, y la secretaria<\/p>","protected":false},"author":1,"featured_media":13051,"comment_status":"closed","ping_status":"closed","sticky":false,"template":"","format":"standard","meta":{"footnotes":""},"categories":[342,181],"tags":[],"class_list":["post-13050","post","type-post","status-publish","format-standard","has-post-thumbnail","hentry","category-news","category-noticias"],"views":26,"_links":{"self":[{"href":"https:\/\/www.amchambaq.com\/en\/wp-json\/wp\/v2\/posts\/13050","targetHints":{"allow":["GET"]}}],"collection":[{"href":"https:\/\/www.amchambaq.com\/en\/wp-json\/wp\/v2\/posts"}],"about":[{"href":"https:\/\/www.amchambaq.com\/en\/wp-json\/wp\/v2\/types\/post"}],"author":[{"embeddable":true,"href":"https:\/\/www.amchambaq.com\/en\/wp-json\/wp\/v2\/users\/1"}],"replies":[{"embeddable":true,"href":"https:\/\/www.amchambaq.com\/en\/wp-json\/wp\/v2\/comments?post=13050"}],"version-history":[{"count":1,"href":"https:\/\/www.amchambaq.com\/en\/wp-json\/wp\/v2\/posts\/13050\/revisions"}],"predecessor-version":[{"id":13052,"href":"https:\/\/www.amchambaq.com\/en\/wp-json\/wp\/v2\/posts\/13050\/revisions\/13052"}],"wp:featuredmedia":[{"embeddable":true,"href":"https:\/\/www.amchambaq.com\/en\/wp-json\/wp\/v2\/media\/13051"}],"wp:attachment":[{"href":"https:\/\/www.amchambaq.com\/en\/wp-json\/wp\/v2\/media?parent=13050"}],"wp:term":[{"taxonomy":"category","embeddable":true,"href":"https:\/\/www.amchambaq.com\/en\/wp-json\/wp\/v2\/categories?post=13050"},{"taxonomy":"post_tag","embeddable":true,"href":"https:\/\/www.amchambaq.com\/en\/wp-json\/wp\/v2\/tags?post=13050"}],"curies":[{"name":"wp","href":"https:\/\/api.w.org\/{rel}","templated":true}]}}