{"id":13027,"date":"2025-03-17T08:46:26","date_gmt":"2025-03-17T13:46:26","guid":{"rendered":"https:\/\/www.amchambaq.com\/?p=13027"},"modified":"2025-03-17T08:46:26","modified_gmt":"2025-03-17T13:46:26","slug":"la-industria-del-atlantico-se-recupero-en-enero-lograra-repuntar-tras-caida-en-2024","status":"publish","type":"post","link":"https:\/\/www.amchambaq.com\/en\/la-industria-del-atlantico-se-recupero-en-enero-lograra-repuntar-tras-caida-en-2024\/","title":{"rendered":"La industria del Atl\u00e1ntico se recuper\u00f3 en enero, \u00bfLograr\u00e1 repuntar tras ca\u00edda en 2024?"},"content":{"rendered":"<p class=\"elheraldo__StyledParagraph-sc-60z8lc-1 ceHSqO article-body__paragraph\">La\u00a0<b>industria del Atl\u00e1ntico<\/b>\u00a0ha sido testigo en estos \u00faltimos a\u00f1os de altas y bajas en su din\u00e1mica de crecimiento econ\u00f3mico.<\/p>\n<p class=\"elheraldo__StyledParagraph-sc-60z8lc-1 ceHSqO article-body__paragraph\">Por un lado, la industria manufacturera de este territorio\u00a0<b>creci\u00f3 un 3,9 % promedio anual<\/b>\u00a0en el periodo 2019 a 2023, mientras que el promedio del pa\u00eds creci\u00f3 un 2,1 %.<\/p>\n<p class=\"elheraldo__StyledParagraph-sc-60z8lc-1 ceHSqO article-body__paragraph\">Sin embargo, hasta noviembre de 2024, la producci\u00f3n industrial en el Atl\u00e1ntico se desplom\u00f3 un 7,5 %, superior al\u00a0<b>retroceso\u00a0<\/b>del promedio del pa\u00eds de 2,4 %.<\/p>\n<p class=\"elheraldo__StyledParagraph-sc-60z8lc-1 ceHSqO article-body__paragraph\">Con estos resultados, parec\u00eda que la situaci\u00f3n en el Atl\u00e1ntico en materia de su industria iba a \u201cpasar trabajo\u201d en el arranque de 2025, pero poco a poco esa<b>\u00a0racha a la baja<\/b>\u00a0del departamento ha ido llegando a su fin, y lo mejor es que no solo ha crecido en producci\u00f3n industrial, sino tambi\u00e9n ha aumentado significativamente sus indicadores de ventas y empleo.<\/p>\n<div class=\"elheraldo__StyledHeaderWrapper-sc-60z8lc-10 btJyYD\">\n<h3 class=\"article-body__header\">Los datos actuales<\/h3>\n<\/div>\n<p class=\"elheraldo__StyledParagraph-sc-60z8lc-1 ceHSqO article-body__paragraph\">Los retos del sector industrial de Barranquilla y el Atl\u00e1ntico son muchos, pero poco a poco ya ha venido presentado mejora, y justamente en el arranque del\u00a0<b>2025<\/b>\u00a0este segmento clave de la econom\u00eda del territorio empez\u00f3 con el pie derecho.<\/p>\n<p class=\"elheraldo__StyledParagraph-sc-60z8lc-1 ceHSqO article-body__paragraph\">De acuerdo con el Departamento Administrativo Nacional de Estad\u00edstica<b>\u00a0(Dane)<\/b>, la producci\u00f3n industrial manufacturera del departamento del Atl\u00e1ntico creci\u00f3 un 1,3 % en enero, mientras que sus ventas lo hicieron en un 5,7 % y el empleo se fortaleci\u00f3, creciendo en un 4,6 %.<\/p>\n<p class=\"elheraldo__StyledParagraph-sc-60z8lc-1 ceHSqO article-body__paragraph\">Este resultado tambi\u00e9n es positivo si lo miramos por la v\u00eda del sector industrial que compete al\u00a0<b>\u00c1rea Metropolitana de Barranquilla<\/b>, que logr\u00f3 un crecimiento del 1,3 % en el mes de enero, sus ventas aumentaron un 5,6 % y el empleo creci\u00f3 en 4,7 %.<\/p>\n<p class=\"elheraldo__StyledParagraph-sc-60z8lc-1 ceHSqO article-body__paragraph\">Esto confirma que tanto Barranquilla como el Atl\u00e1ntico han repuntado significativamente no solo en crecimiento de la producci\u00f3n de la industria manufacturera, sino tambi\u00e9n en el empleo, este \u00faltimo, fuertemente golpeado en los \u00faltimos a\u00f1os a nivel nacional.<\/p>\n<p class=\"elheraldo__StyledParagraph-sc-60z8lc-1 ceHSqO article-body__paragraph\">En materia de\u00a0<b>comercio minorista<\/b>, el departamento tiene un contraste notorio. Por un lado, en enero del presente a\u00f1o las ventas crecieron un 10,9 % frente a enero de 2024, sin embargo, el empleo todav\u00eda sigue afectado, decreciendo en un 1,9 %.<\/p>\n<div class=\"elheraldo__StyledHeaderWrapper-sc-60z8lc-10 btJyYD\">\n<h3 class=\"article-body__header\">\u00bfHay un renacer?<\/h3>\n<\/div>\n<p class=\"elheraldo__StyledParagraph-sc-60z8lc-1 ceHSqO article-body__paragraph\">La C\u00e1mara de Comercio de Barranquilla (CCB) coment\u00f3 a EL HERALDO que el\u00a0<b>Carnaval de Barranquilla\u00a0<\/b>impuls\u00f3 algunas actividades econ\u00f3micas dentro de la industria que hicieron que esta creciera en un 1,3 %, cifra levemente inferior a la registrada a nivel nacional, donde que la industria manufacturera present\u00f3 un incremento en su producci\u00f3n del 1,9 %.<\/p>\n<p class=\"elheraldo__StyledParagraph-sc-60z8lc-1 ceHSqO article-body__paragraph\">Seg\u00fan la CCB, se logr\u00f3 detallar que el dinamismo estuvo concentrado en dos sectores espec\u00edficos, como el es caso de alimentos y bebidas (esta \u00faltimamente fortalecida con las bebidas alcoh\u00f3licas), y en la producci\u00f3n de textiles y confecciones.<\/p>\n<p class=\"elheraldo__StyledParagraph-sc-60z8lc-1 ceHSqO article-body__paragraph\">La entidad sostuvo que adem\u00e1s se present\u00f3 un buen dinamismo en la producci\u00f3n de derivados de pescados, ya que desde muy temprano esta industria se ha venido preparando en lo relacionado con la cuaresma.<\/p>\n<p class=\"elheraldo__StyledParagraph-sc-60z8lc-1 ceHSqO article-body__paragraph\">No obstante, detallaron que los productos de aseo tambi\u00e9n dinamizaron el sector industrial de Barranquilla y el Atl\u00e1ntico.<\/p>\n<p class=\"elheraldo__StyledParagraph-sc-60z8lc-1 ceHSqO article-body__paragraph\">\u201cLo que se est\u00e1 viendo en estos momentos es que se viene con la misma din\u00e1mica del a\u00f1o pasado con el tema de los minerales no met\u00e1licos, que todav\u00eda se encuentran en\u00a0<b>terreno negativo<\/b>, pero lo relevante es que ya se ve que hay un crecimiento leve pero importante en este sector que claramente ha sido muy golpeado por la desaceleraci\u00f3n econ\u00f3mica y el desempleo. Aqu\u00ed el Atl\u00e1ntico ha logrado renacer de la empleabilidad, cosa que a\u00fan Colombia no ha podido estabilizar\u201d, se\u00f1ala el an\u00e1lisis de la C\u00e1mara de Comercio de Barranquilla a este medio.<\/p>\n<div class=\"elheraldo__StyledHeaderWrapper-sc-60z8lc-10 btJyYD\">\n<h3 class=\"article-body__header\">Repunte de un a\u00f1o negativo<\/h3>\n<\/div>\n<p class=\"elheraldo__StyledParagraph-sc-60z8lc-1 ceHSqO article-body__paragraph\">El mismo an\u00e1lisis es claro en decir que, aunque el crecimiento industrial del Atl\u00e1ntico es notorio en el inicio del a\u00f1o, se record\u00f3 que esto corresponde a un repunte frente a un a\u00f1o bastante a la baja como lo fue el 2024 en esta materia.<\/p>\n<p class=\"elheraldo__StyledParagraph-sc-60z8lc-1 ceHSqO article-body__paragraph\">\u201cDe hecho, si uno mira los \u00faltimos 12 meses acumulados a enero, el Atl\u00e1ntico es el departamento que m\u00e1s se contrae en el pa\u00eds con un -6,2 %, y Colombia se contrae en -1,6 % en industria. Esto quiere decir que apenas estamos saliendo y repuntando de lo que fue un a\u00f1o muy malo\u201d, se\u00f1al\u00f3 la CCB.<\/p>\n<div class=\"elheraldo__StyledHeaderWrapper-sc-60z8lc-10 btJyYD\">\n<h3 class=\"article-body__header\">Los que a\u00fan siguen en rojo<\/h3>\n<\/div>\n<p class=\"elheraldo__StyledParagraph-sc-60z8lc-1 ceHSqO article-body__paragraph\">As\u00ed como hay varios sectores que han dinamizado la producci\u00f3n industrial del Atl\u00e1ntico, todav\u00eda existen desaf\u00edos para poder mejorar las actividades que a fecha de hoy siguen en terreno negativo.<\/p>\n<p class=\"elheraldo__StyledParagraph-sc-60z8lc-1 ceHSqO article-body__paragraph\">Seg\u00fan la informaci\u00f3n del Dane referente al mes de enero, la actividad industrial que m\u00e1s ha decrecido es la elaboraci\u00f3n de papel e imprentas, con un resultado negativo del 19 %; le siguen los minerales no met\u00e1licos con -10,3 % en su producci\u00f3n en el primer mes del a\u00f1o en curso; los productos met\u00e1licos con -6,7 %, y madera y muebles con -1,7 %.<\/p>\n<div class=\"elheraldo__StyledHeaderWrapper-sc-60z8lc-10 btJyYD\">\n<h3 class=\"article-body__header\">Persisten retos<\/h3>\n<\/div>\n<p class=\"elheraldo__StyledParagraph-sc-60z8lc-1 ceHSqO article-body__paragraph\">\u00bfHay un renacer en la industria del Atl\u00e1ntico? Parece ser que s\u00ed, y justamente el presidente de la C\u00e1mara de Comercio de Barranquilla, Manuel Fern\u00e1ndez Ariza, ha reiterado que es clave identificar sectores con ventajas comparativas y otros con potencial de desarrollo productivo a futuro, para generar empleo e impactar el territorio.<\/p>\n<p class=\"elheraldo__StyledParagraph-sc-60z8lc-1 ceHSqO article-body__paragraph\">\u201cLa pol\u00edtica de reindustrializaci\u00f3n debe ser un esfuerzo conjunto entre el sector p\u00fablico y privado. Es clave identificar sectores con ventajas comparativas y otros con potencial de desarrollo productivo a futuro. \u00bfPor qu\u00e9 es importante? Porque estos sectores generan empleos bien pagos y formales, atracci\u00f3n y apropiaci\u00f3n de nuevas tecnolog\u00edas, y tambi\u00e9n impacto en otras industrias y en la internacionalizaci\u00f3n\u201d, se\u00f1al\u00f3 Fern\u00e1ndez.<\/p>\n<p class=\"elheraldo__StyledParagraph-sc-60z8lc-1 ceHSqO article-body__paragraph\">Diana Cantillo Concha, directora de la Corporaci\u00f3n Empresarial del Oriente del Atl\u00e1ntico (CEO), le dijo a EL HERALDO que en el a\u00f1o 2024 se presentaron retos que impactaron directamente a la competitividad del departamento, en especial al sector industrial, en el que el Oriente de este territorio es su fuerte.<\/p>\n<p class=\"elheraldo__StyledParagraph-sc-60z8lc-1 ceHSqO article-body__paragraph\">\u201cLa situaci\u00f3n del puente de la Cordialidad sobre la Circunvalar y sus rampas de aproximaci\u00f3n tambi\u00e9n ha tenido un impacto directo en la eficiencia operativa de las industrias ubicadas en la zona industrial del municipio de Galapa, reduciendo la efectividad diaria de distribuci\u00f3n hasta en un 25 %\u201d, se\u00f1al\u00f3 Cantillo Concha.<\/p>\n<p class=\"elheraldo__StyledParagraph-sc-60z8lc-1 ceHSqO article-body__paragraph\">Oriana \u00c1lvarez Vos, directora de Fundesarrollo, manifest\u00f3 que ser\u00eda necesario implementar estrategias para impulsar sectores clave y diversificar la econom\u00eda del departamento, en especial la industrial, que en 2024 se vio muy afectada por la desaceleraci\u00f3n econ\u00f3mica, el decrecimiento de sus ventas y el aumento del desempleo.<\/p>\n<div class=\"elheraldo__StyledHeaderWrapper-sc-60z8lc-10 btJyYD\">\n<h3 class=\"article-body__header\">\u00bfC\u00f3mo est\u00e1 el pa\u00eds?<\/h3>\n<\/div>\n<p class=\"elheraldo__StyledParagraph-sc-60z8lc-1 ceHSqO article-body__paragraph\">De acuerdo con el Dane, este indicador en el primer mes del a\u00f1o creci\u00f3 un 1,9 % frente al mismo mes de 2024.<\/p>\n<p class=\"elheraldo__StyledParagraph-sc-60z8lc-1 ceHSqO article-body__paragraph\">Tambi\u00e9n se present\u00f3 una mejora en las ventas, ya que crecieron un 1,4 %. Sin embargo, la din\u00e1mica no se pudo replicar en la generaci\u00f3n de empleo, ya que decreci\u00f3 levemente en un 0,2 %.<\/p>\n<p class=\"elheraldo__StyledParagraph-sc-60z8lc-1 ceHSqO article-body__paragraph\">El Dane expuso que, de las 39 actividades industriales representadas por la encuesta, un total de 21 registraron variaciones positivas en su producci\u00f3n real, sumando 4,4 puntos porcentuales a la variaci\u00f3n total anual y 18 subsectores con variaciones negativas restaron en conjunto 2,4 puntos porcentuales a la variaci\u00f3n total.<\/p>","protected":false},"excerpt":{"rendered":"<p>La\u00a0industria del Atl\u00e1ntico\u00a0ha sido testigo en estos \u00faltimos a\u00f1os de altas y bajas en su din\u00e1mica de crecimiento econ\u00f3mico. Por un lado, la industria manufacturera de este territorio\u00a0creci\u00f3 un 3,9 % promedio anual\u00a0en el periodo 2019 a 2023, mientras que el promedio del pa\u00eds creci\u00f3 un 2,1 %. Sin embargo, hasta noviembre de 2024, la<\/p>","protected":false},"author":1,"featured_media":13028,"comment_status":"closed","ping_status":"closed","sticky":false,"template":"","format":"standard","meta":{"footnotes":""},"categories":[342,181],"tags":[],"class_list":["post-13027","post","type-post","status-publish","format-standard","has-post-thumbnail","hentry","category-news","category-noticias"],"views":30,"_links":{"self":[{"href":"https:\/\/www.amchambaq.com\/en\/wp-json\/wp\/v2\/posts\/13027","targetHints":{"allow":["GET"]}}],"collection":[{"href":"https:\/\/www.amchambaq.com\/en\/wp-json\/wp\/v2\/posts"}],"about":[{"href":"https:\/\/www.amchambaq.com\/en\/wp-json\/wp\/v2\/types\/post"}],"author":[{"embeddable":true,"href":"https:\/\/www.amchambaq.com\/en\/wp-json\/wp\/v2\/users\/1"}],"replies":[{"embeddable":true,"href":"https:\/\/www.amchambaq.com\/en\/wp-json\/wp\/v2\/comments?post=13027"}],"version-history":[{"count":1,"href":"https:\/\/www.amchambaq.com\/en\/wp-json\/wp\/v2\/posts\/13027\/revisions"}],"predecessor-version":[{"id":13029,"href":"https:\/\/www.amchambaq.com\/en\/wp-json\/wp\/v2\/posts\/13027\/revisions\/13029"}],"wp:featuredmedia":[{"embeddable":true,"href":"https:\/\/www.amchambaq.com\/en\/wp-json\/wp\/v2\/media\/13028"}],"wp:attachment":[{"href":"https:\/\/www.amchambaq.com\/en\/wp-json\/wp\/v2\/media?parent=13027"}],"wp:term":[{"taxonomy":"category","embeddable":true,"href":"https:\/\/www.amchambaq.com\/en\/wp-json\/wp\/v2\/categories?post=13027"},{"taxonomy":"post_tag","embeddable":true,"href":"https:\/\/www.amchambaq.com\/en\/wp-json\/wp\/v2\/tags?post=13027"}],"curies":[{"name":"wp","href":"https:\/\/api.w.org\/{rel}","templated":true}]}}