{"id":13024,"date":"2025-03-13T11:46:22","date_gmt":"2025-03-13T16:46:22","guid":{"rendered":"https:\/\/www.amchambaq.com\/?p=13024"},"modified":"2025-03-13T11:46:22","modified_gmt":"2025-03-13T16:46:22","slug":"barranquilla-recibira-en-julio-a-la-ocde-para-el-foro-economico-mas-importante-del-mundo","status":"publish","type":"post","link":"https:\/\/www.amchambaq.com\/en\/barranquilla-recibira-en-julio-a-la-ocde-para-el-foro-economico-mas-importante-del-mundo\/","title":{"rendered":"Barranquilla recibir\u00e1 en julio a la OCDE para el foro econ\u00f3mico m\u00e1s importante del mundo"},"content":{"rendered":"<p>Este encuentro internacional proyecta a la capital del Atl\u00e1ntico como un referente para la realizaci\u00f3n de eventos de alto impacto.<\/p>\n<p>Treinta y ocho l\u00edderes de pa\u00edses miembros de la Organizaci\u00f3n para la Cooperaci\u00f3n y el Desarrollo Econ\u00f3mico (OCDE) se dar\u00e1n cita en Barranquilla el pr\u00f3ximo 9 y 10 de julio para el foro de desarrollo local 2025, el cual se har\u00e1 bajo el lema \u201cInspiraciones globales, transformaciones locales\u201d.<\/p>\n<p>Este encuentro se realizar\u00e1 por primera vez en un pa\u00eds fuera del continente europeo, lo que referencia a la capital del Atl\u00e1ntico como la primera ciudad anfitriona en Am\u00e9rica Latina para la reuni\u00f3n de representantes de pa\u00edses que concentran el 68 % del PIB Mundial, junto a m\u00e1s de 40 expertos globales y formuladores de pol\u00edticas.<\/p>\n<p>Es importante mencionar que Barranquilla fue tenida en cuenta, en medio de un proceso de selecci\u00f3n del que tambi\u00e9n hizo parte Oporto, Cali, Florencia y Melbourne. Para esto fue clave la experiencia que tiene la ciudad en la realizaci\u00f3n de eventos internacional, como lo fue el Congreso Mundial de Juristas en 2021.<\/p>\n<p>&#8220;Este foro no solo posicionar\u00e1 a la ciudad como referente en Am\u00e9rica Latina, sino que nos permitir\u00e1 seguir construyendo un futuro de desarrollo sostenible e inclusi\u00f3n&#8221;, se\u00f1al\u00f3 el alcalde Alejandro Char.<\/p>\n<p>Se proyecta que al rededor de 500 asistentes participar\u00e1n en este encuentro, lo que no solo generar\u00e1 ingresos para la ciudad, sino que tambi\u00e9n fortalecer\u00e1 relaciones diplom\u00e1ticas para el pa\u00eds y podr\u00e1 atraer inversi\u00f3n extranjera ante las redes de negocio que se puedan generar en este espacio.<\/p>\n<p>Entre los temas que ser\u00e1n tenidos en cuenta en la agenda prevista, se encuentra la inclusi\u00f3n de m\u00e1s j\u00f3venes y mujeres en el mercado laboral, el impacto social de las empresas en sus comunidades, la transici\u00f3n de las econom\u00edas costeras hacia un futuro m\u00e1s verde y sostenible, entre otros.<\/p>\n<p>Colombia hace parte de la OCDE desde abril de 2020, luego de haber participado en un proceso de adhesi\u00f3n desde 2013. En aquel momento se convirti\u00f3 en el pa\u00eds n\u00famero 37 en sumarse a esta organizaci\u00f3n.<\/p>\n<p>Tomado de: Blu radio<\/p>","protected":false},"excerpt":{"rendered":"<p>Este encuentro internacional proyecta a la capital del Atl\u00e1ntico como un referente para la realizaci\u00f3n de eventos de alto impacto. Treinta y ocho l\u00edderes de pa\u00edses miembros de la Organizaci\u00f3n para la Cooperaci\u00f3n y el Desarrollo Econ\u00f3mico (OCDE) se dar\u00e1n cita en Barranquilla el pr\u00f3ximo 9 y 10 de julio para el foro de desarrollo<\/p>","protected":false},"author":1,"featured_media":13025,"comment_status":"closed","ping_status":"closed","sticky":false,"template":"","format":"standard","meta":{"footnotes":""},"categories":[342,181],"tags":[],"class_list":["post-13024","post","type-post","status-publish","format-standard","has-post-thumbnail","hentry","category-news","category-noticias"],"views":111,"_links":{"self":[{"href":"https:\/\/www.amchambaq.com\/en\/wp-json\/wp\/v2\/posts\/13024","targetHints":{"allow":["GET"]}}],"collection":[{"href":"https:\/\/www.amchambaq.com\/en\/wp-json\/wp\/v2\/posts"}],"about":[{"href":"https:\/\/www.amchambaq.com\/en\/wp-json\/wp\/v2\/types\/post"}],"author":[{"embeddable":true,"href":"https:\/\/www.amchambaq.com\/en\/wp-json\/wp\/v2\/users\/1"}],"replies":[{"embeddable":true,"href":"https:\/\/www.amchambaq.com\/en\/wp-json\/wp\/v2\/comments?post=13024"}],"version-history":[{"count":1,"href":"https:\/\/www.amchambaq.com\/en\/wp-json\/wp\/v2\/posts\/13024\/revisions"}],"predecessor-version":[{"id":13026,"href":"https:\/\/www.amchambaq.com\/en\/wp-json\/wp\/v2\/posts\/13024\/revisions\/13026"}],"wp:featuredmedia":[{"embeddable":true,"href":"https:\/\/www.amchambaq.com\/en\/wp-json\/wp\/v2\/media\/13025"}],"wp:attachment":[{"href":"https:\/\/www.amchambaq.com\/en\/wp-json\/wp\/v2\/media?parent=13024"}],"wp:term":[{"taxonomy":"category","embeddable":true,"href":"https:\/\/www.amchambaq.com\/en\/wp-json\/wp\/v2\/categories?post=13024"},{"taxonomy":"post_tag","embeddable":true,"href":"https:\/\/www.amchambaq.com\/en\/wp-json\/wp\/v2\/tags?post=13024"}],"curies":[{"name":"wp","href":"https:\/\/api.w.org\/{rel}","templated":true}]}}