{"id":12974,"date":"2025-02-19T09:17:21","date_gmt":"2025-02-19T14:17:21","guid":{"rendered":"https:\/\/www.amchambaq.com\/?p=12974"},"modified":"2025-02-19T09:17:21","modified_gmt":"2025-02-19T14:17:21","slug":"zona-franca-barranquilla-logra-extender-contrato-de-arriendo-por-otros-30-anos-hasta-el-2055","status":"publish","type":"post","link":"https:\/\/www.amchambaq.com\/en\/zona-franca-barranquilla-logra-extender-contrato-de-arriendo-por-otros-30-anos-hasta-el-2055\/","title":{"rendered":"Zona Franca Barranquilla logra extender contrato de arriendo por otros 30 a\u00f1os hasta el 2055"},"content":{"rendered":"<p>La resoluci\u00f3n 0180 del 31 de enero del 2025, expedida por el\u00a0<strong>Ministerio de Comercio, Industria y Turismo (MinCIT) le da vida jur\u00eddica a la Zona Franca de Barraquilla,<\/strong>\u00a0la m\u00e1s antigua del pa\u00eds creada en 1958, para que su\u00a0<strong>contrato de arriendo se extienda por otros 30 a\u00f1os m\u00e1s hasta el 2055,<\/strong>\u00a0completando un total de 60 a\u00f1os en manos del sector privado.<\/p>\n<p>La Zona Franca de Barranquilla, creada e impulsada por Julio Gerlein Comel\u00edn, quien tambi\u00e9n era para la \u00e9poca integrante del Comit\u00e9 Ol\u00edmpico Internacional (COI) naci\u00f3 hace 67 a\u00f1os,\u00a0<strong>manejada por el sector p\u00fablico hasta 1994,<\/strong>\u00a0pero el Gobierno de turno decidi\u00f3 que pasara a manos privadas.<\/p>\n<p>Fue en 1994 que el sector privado, en cabeza de varios usuarios de la misma Zona Franca asumieron la\u00a0<strong>administraci\u00f3n del parque industrial de 1.000.000 de metros cuadrados y cerca de 6 kil\u00f3metros de dominio\u00a0<\/strong>en sus alrededores, casi la misma distancia que tiene hoy el Gran Malec\u00f3n, desde Puerta de Oro hasta la rotonda en el Corredor Portuario.<\/p>\n<p>En primera instancia el\u00a0<strong>Gobierno Nacional otorg\u00f3 un contrato de arriendo por 15 a\u00f1os y luego de vencido se extendi\u00f3 por otros 15 a\u00f1os m\u00e1s,<\/strong>\u00a0el cual venci\u00f3 en junio del 2024, tiempo desde el cual se viene negociando la\u00a0<strong>nueva pr\u00f3rroga aprobada en enero del 2025 hasta el 2055.<\/strong><\/p>\n<p>La buena noticia la entreg\u00f3\u00a0<strong>el presidente de la Zona Franca, C\u00e9sar Caro Castellar,<\/strong>\u00a0acompa\u00f1ado de parte de su equipo como\u00a0<strong>Marcela Barrios, Elisa Gonz\u00e1lez, Pedro Donado y Levis Racedo,<\/strong>\u00a0quienes lo han estado acompa\u00f1ando en m\u00e1s de 25 a\u00f1os en esta tarea de administraci\u00f3n.<\/p>\n<p>En el rostro de Caro Castellar se le ve\u00eda la felicidad y el deber cumplido ya que durante muchos a\u00f1os ha sido usuario de la Zona Franca de Barranquilla, la pionera a nivel nacional del r\u00e9gimen franco, y tiempo atr\u00e1s se hab\u00eda comido las verdes y ahora sabe que la extensi\u00f3n del contrato genera garant\u00eda de \u00e9xito para las inversiones y planes en todo sentido.<\/p>\n<p>En sus primeras declaraciones, Caro Castellar, de poco hablar con los medios de comunicaci\u00f3n, afirma que\u00a0<strong>la extensi\u00f3n de 30 a\u00f1os m\u00e1s del contrato de arriendo tiene una importancia muy grande para Colombia, Atl\u00e1ntico incluyendo a Barranquilla y la Regi\u00f3n Caribe.<\/strong><\/p>\n<p><em>\u201cLa estabilidad que nos da un contrato hasta el 2055 es muy grande y durante 30 a\u00f1os se pueden hacer muchas cosas en favor de la Regi\u00f3n Caribe, su econom\u00eda, exportar m\u00e1s y generar empleo calificado\u201d,\u00a0<\/em>asegura.<\/p>\n<p>El actual presidente de la Zona Franca recuerda que este parque industrial fue la primera del r\u00e9gimen franco fundada en 1958, administrada p\u00fablicamente, y en 1994 se decidi\u00f3 privatizarlas y la licitaci\u00f3n abierta fracas\u00f3 y los usuarios hicieron una oferta para operarla hace 30 a\u00f1os.<\/p>\n<p><em>\u201cEn esos 30 a\u00f1os hemos acumulado una experiencia total en el manejo de zonas francas y la prueba es que hoy tenemos operando un total de 11 de ellas, tres de las cuales est\u00e1n en Barranquilla: Zona Franca, Zof\u00eda en Galapa y Cl\u00ednica Portoazul en Puerto Colombia. Las otras zonas francas est\u00e1n ubicadas en el interior del pa\u00eds, entre ellas dos cl\u00ednicas m\u00e1s\u201d,<\/em>\u00a0cuenta Caro Castellar.<\/p>\n<h4>Experiencia y solidez financiera<\/h4>\n<p>El vocero de la Zona Franca m\u00e1s antigua del Gobierno se\u00f1ala que a pesar de la incertidumbre que se pod\u00eda generar por el actual Gobierno Nacional, el primero de izquierda,\u00a0<strong>se hizo la negociaci\u00f3n y se firm\u00f3 la extensi\u00f3n el pasado 31 de enero del 2025 y va hasta el 2055.<\/strong><\/p>\n<p><em>\u201cAfortunadamente en el 2024 se hizo la solicitud de pr\u00f3rroga y el Gobierno Nacional, ante recomendaci\u00f3n del Consejo de Estado, decidi\u00f3 hacer una licitaci\u00f3n p\u00fablica que empez\u00f3 en abril del 2024 y termina el pasado 31 de enero, para operarla por 30 a\u00f1os. Y gracias a nuestra experiencia, conocimiento y solidez financiera, ganamos la licitaci\u00f3n por otros 30 a\u00f1os\u201d<\/em>, relata.<\/p>\n<p>La Zona Franca de Barranquilla lleva 31 a\u00f1os manejada por el sector privado, con un Gobierno Corporativo y empresarios conocedores del tema, desde 1994, y ahora son 30 a\u00f1os m\u00e1s que estar\u00e1n como administradores, mediante un nuevo contrato de arriendo.<\/p>\n<p>El presidente de la Zona Franca afirma que<em>\u00a0\u201cestos nuevos 30 a\u00f1os que conseguimos es el resultado de m\u00e1s de 30 a\u00f1os de estar haciendo las cosas bien desde el parque industrial del r\u00e9gimen franco m\u00e1s antiguo del pa\u00eds. No es proceso f\u00e1cil, pero gracias a la experiencia, conocimiento y solidez econ\u00f3mica, requiere de estos elementos que exige un Gobierno\u201d.<\/em><\/p>\n<p>Por ejemplo, la Zona Franca de Barranquilla\u00a0<strong>alcanz\u00f3 una calificaci\u00f3n del 99,5% en el proceso de evaluaci\u00f3n del MinCIT, ha logrado en los \u00faltimos cinco a\u00f1os mover en comercio exterior 17.653 millones de d\u00f3lares<\/strong>, 4.213.988 operaciones de comercio exterior en los \u00faltimos seis a\u00f1os, alta solidez financiera con<strong>\u00a0inversiones proyectadas por $344 mil millones en activos productivos<\/strong>\u00a0y una inversi\u00f3n de $3 mil 700 millones para innovaci\u00f3n y sostenibilidad.<\/p>\n<p>Finalmente Caro Castellar dijo que\u00a0<em>\u201cla pr\u00f3rroga de la Zona Franca de\u00a0 Barranquilla no solo ratifica nuestra solidez y eficiencia operativa, sino que representa una oportunidad \u00fanica para seguir impulsando el desarrollo econ\u00f3mico y la inversi\u00f3n en la Regi\u00f3n Caribe y en toda Colombia\u201d.<\/em><\/p>","protected":false},"excerpt":{"rendered":"<p>La resoluci\u00f3n 0180 del 31 de enero del 2025, expedida por el\u00a0Ministerio de Comercio, Industria y Turismo (MinCIT) le da vida jur\u00eddica a la Zona Franca de Barraquilla,\u00a0la m\u00e1s antigua del pa\u00eds creada en 1958, para que su\u00a0contrato de arriendo se extienda por otros 30 a\u00f1os m\u00e1s hasta el 2055,\u00a0completando un total de 60 a\u00f1os<\/p>","protected":false},"author":1,"featured_media":12975,"comment_status":"closed","ping_status":"closed","sticky":false,"template":"","format":"standard","meta":{"footnotes":""},"categories":[342,181],"tags":[],"class_list":["post-12974","post","type-post","status-publish","format-standard","has-post-thumbnail","hentry","category-news","category-noticias"],"views":54,"_links":{"self":[{"href":"https:\/\/www.amchambaq.com\/en\/wp-json\/wp\/v2\/posts\/12974","targetHints":{"allow":["GET"]}}],"collection":[{"href":"https:\/\/www.amchambaq.com\/en\/wp-json\/wp\/v2\/posts"}],"about":[{"href":"https:\/\/www.amchambaq.com\/en\/wp-json\/wp\/v2\/types\/post"}],"author":[{"embeddable":true,"href":"https:\/\/www.amchambaq.com\/en\/wp-json\/wp\/v2\/users\/1"}],"replies":[{"embeddable":true,"href":"https:\/\/www.amchambaq.com\/en\/wp-json\/wp\/v2\/comments?post=12974"}],"version-history":[{"count":1,"href":"https:\/\/www.amchambaq.com\/en\/wp-json\/wp\/v2\/posts\/12974\/revisions"}],"predecessor-version":[{"id":12976,"href":"https:\/\/www.amchambaq.com\/en\/wp-json\/wp\/v2\/posts\/12974\/revisions\/12976"}],"wp:featuredmedia":[{"embeddable":true,"href":"https:\/\/www.amchambaq.com\/en\/wp-json\/wp\/v2\/media\/12975"}],"wp:attachment":[{"href":"https:\/\/www.amchambaq.com\/en\/wp-json\/wp\/v2\/media?parent=12974"}],"wp:term":[{"taxonomy":"category","embeddable":true,"href":"https:\/\/www.amchambaq.com\/en\/wp-json\/wp\/v2\/categories?post=12974"},{"taxonomy":"post_tag","embeddable":true,"href":"https:\/\/www.amchambaq.com\/en\/wp-json\/wp\/v2\/tags?post=12974"}],"curies":[{"name":"wp","href":"https:\/\/api.w.org\/{rel}","templated":true}]}}