{"id":12903,"date":"2025-01-28T14:22:14","date_gmt":"2025-01-28T19:22:14","guid":{"rendered":"https:\/\/www.amchambaq.com\/?p=12903"},"modified":"2025-01-28T14:22:14","modified_gmt":"2025-01-28T19:22:14","slug":"declaracion-del-canciller-luis-gilberto-murillo-sobre-la-situacion-de-nuestros-connacionales-en-el-exterior","status":"publish","type":"post","link":"https:\/\/www.amchambaq.com\/en\/declaracion-del-canciller-luis-gilberto-murillo-sobre-la-situacion-de-nuestros-connacionales-en-el-exterior\/","title":{"rendered":"Declaraci\u00f3n del Canciller Luis Gilberto Murillo sobre la situaci\u00f3n de nuestros connacionales en el exterior"},"content":{"rendered":"<p>En seguimiento a los avances logrados tras la resoluci\u00f3n del impase entre los gobiernos de Colombia y Estados Unidos, el Ministro de Relaciones Exteriores, Luis Gilberto Murillo; el Embajador de Colombia en los Estados Unidos, Daniel Garc\u00eda-Pe\u00f1a, y el Enviado Especial del gobierno de los Estados Unidos para Am\u00e9rica Latina, Mauricio Claver-Carone; sostuvieron una reuni\u00f3n de alto nivel en Washington, D.C. para afianzar los acuerdos alcanzados y avanzar en su implementaci\u00f3n.<\/p>\n<p>Durante el encuentro, se revisaron los detalles del acuerdo logrado por ambos pa\u00edses el pasado domingo 26 de enero, y tras la llegada de los vuelos con el primer grupo de colombianos deportados, siguiendo los protocolos establecidos, se definieron las interpretaciones comunes y los pasos a seguir.<\/p>\n<p>Como parte de la implementaci\u00f3n de los acuerdos, esta semana se espera la normalizaci\u00f3n de los servicios en el consulado de Estados Unidos en Bogot\u00e1.<\/p>\n<p>Asimismo, se acord\u00f3 una hoja de ruta para fortalecer una amplia agenda de trabajo conjunto, abarcando temas clave de la relaci\u00f3n bilateral. Este esfuerzo reafirma el compromiso de ambos gobiernos de avanzar de manera constructiva en \u00e1reas de inter\u00e9s para ambas naciones.<\/p>\n<p>El Gobierno de Colombia reitera su compromiso con el di\u00e1logo por canales diplom\u00e1ticos como la v\u00eda esencial para el relacionamiento con los Estados Unidos.<\/p>\n<p>Tomado de: Canciller\u00eda<\/p>","protected":false},"excerpt":{"rendered":"<p>En seguimiento a los avances logrados tras la resoluci\u00f3n del impase entre los gobiernos de Colombia y Estados Unidos, el Ministro de Relaciones Exteriores, Luis Gilberto Murillo; el Embajador de Colombia en los Estados Unidos, Daniel Garc\u00eda-Pe\u00f1a, y el Enviado Especial del gobierno de los Estados Unidos para Am\u00e9rica Latina, Mauricio Claver-Carone; sostuvieron una reuni\u00f3n<\/p>","protected":false},"author":1,"featured_media":12904,"comment_status":"closed","ping_status":"closed","sticky":false,"template":"","format":"standard","meta":{"footnotes":""},"categories":[342,181],"tags":[],"class_list":["post-12903","post","type-post","status-publish","format-standard","has-post-thumbnail","hentry","category-news","category-noticias"],"views":25,"_links":{"self":[{"href":"https:\/\/www.amchambaq.com\/en\/wp-json\/wp\/v2\/posts\/12903","targetHints":{"allow":["GET"]}}],"collection":[{"href":"https:\/\/www.amchambaq.com\/en\/wp-json\/wp\/v2\/posts"}],"about":[{"href":"https:\/\/www.amchambaq.com\/en\/wp-json\/wp\/v2\/types\/post"}],"author":[{"embeddable":true,"href":"https:\/\/www.amchambaq.com\/en\/wp-json\/wp\/v2\/users\/1"}],"replies":[{"embeddable":true,"href":"https:\/\/www.amchambaq.com\/en\/wp-json\/wp\/v2\/comments?post=12903"}],"version-history":[{"count":1,"href":"https:\/\/www.amchambaq.com\/en\/wp-json\/wp\/v2\/posts\/12903\/revisions"}],"predecessor-version":[{"id":12905,"href":"https:\/\/www.amchambaq.com\/en\/wp-json\/wp\/v2\/posts\/12903\/revisions\/12905"}],"wp:featuredmedia":[{"embeddable":true,"href":"https:\/\/www.amchambaq.com\/en\/wp-json\/wp\/v2\/media\/12904"}],"wp:attachment":[{"href":"https:\/\/www.amchambaq.com\/en\/wp-json\/wp\/v2\/media?parent=12903"}],"wp:term":[{"taxonomy":"category","embeddable":true,"href":"https:\/\/www.amchambaq.com\/en\/wp-json\/wp\/v2\/categories?post=12903"},{"taxonomy":"post_tag","embeddable":true,"href":"https:\/\/www.amchambaq.com\/en\/wp-json\/wp\/v2\/tags?post=12903"}],"curies":[{"name":"wp","href":"https:\/\/api.w.org\/{rel}","templated":true}]}}