{"id":12897,"date":"2025-01-27T08:52:30","date_gmt":"2025-01-27T13:52:30","guid":{"rendered":"https:\/\/www.amchambaq.com\/?p=12897"},"modified":"2025-01-27T08:52:30","modified_gmt":"2025-01-27T13:52:30","slug":"colombia-supero-el-impasse-con-ee-uu-y-no-se-aplicarian-las-medidas-economicas","status":"publish","type":"post","link":"https:\/\/www.amchambaq.com\/en\/colombia-supero-el-impasse-con-ee-uu-y-no-se-aplicarian-las-medidas-economicas\/","title":{"rendered":"Colombia super\u00f3 el &#8216;impasse&#8217; con EE. UU. y no se aplicar\u00edan las medidas econ\u00f3micas"},"content":{"rendered":"<p>Ambos pa\u00edses informaron que se llegaron a acuerdos, que dependen del recibimiento de los colombianos deportados.<\/p>\n<p>En horas de la noche de este domingo 26 de enero, y tras un d\u00eda muy agitado con amenazas de sanciones econ\u00f3micas, aumento de aranceles y suspensi\u00f3n de visas, Colombia inform\u00f3 que super\u00f3 el &#8216;impasse&#8217; con Estados Unidos por el no recibimiento de dos vuelos militares norteamericanos que transportaban a colombianos deportados.<\/p>\n<p>&#8220;El Gobierno de Colombia informa que hemos superado el impasse con Estados Unidos. El Canciller Luis Gilberto Murillo y el embajador Daniel Garc\u00eda Pe\u00f1a viajar\u00e1n a Washington en los pr\u00f3ximos d\u00edas para sostener reuniones que den seguimiento a los acuerdos que resultaron del trabajo conjunto que llevo al intercambio de notas diplom\u00e1ticas entre los dos gobiernos&#8221;, explic\u00f3 el canciller Murillo.<\/p>\n<p>El funcionario tambi\u00e9n dijo que &#8220;seguiremos recibiendo a los colombianos que retornen en condici\u00f3n de deportados, garantizando las condiciones dignas como ciudadanos sujetos de derechos&#8221;.<\/p>\n<p>Reiter\u00f3 que Colombia tiene dispuesto el avi\u00f3n presidencial para facilitar el retorno de los connacionales deportados y que se mantendr\u00e1n canales diplom\u00e1ticos con Estados Unidos &#8220;para garantizar los derechos y la dignidad de nuestros ciudadanos&#8221;.<\/p>\n<p><strong>La posici\u00f3n de Estados Unidos<\/strong><br \/>\nEstados Unidos, por su parte, inform\u00f3 que Colombia acept\u00f3 todos los t\u00e9rminos del presidente Trump, incluida la aceptaci\u00f3n &#8220;irrestricta&#8221; de todos los extranjeros ilegales de Colombia deportados desde Estados Unidos, &#8220;incluso en aviones militares estadounidenses, sin limitaci\u00f3n ni demora&#8221;.<\/p>\n<p>As\u00ed las cosas, agregaron las autoridades estadounidenses, las sanciones econ\u00f3micas y el aumento de aranceles se mantendr\u00edan en reserva y no se firmar\u00edan, &#8220;a menos que Colombia no cumpla con este acuerdo&#8221;.<\/p>\n<p>Las que si se mantendr\u00e1n hasta que el primer vuelo con deportadas sea recibido en suelo colombiano, siempre seg\u00fan lo comunicado por Estados Unidos, ser\u00edan las sanciones de visas emitidas por el Departamento de Estado y las inspecciones mejoradas de aduanas y protecci\u00f3n fronteriza.<\/p>\n<p>&#8220;Los acontecimientos de este domingo dejan claro al mundo que Estados Unidos es respetado nuevamente. El presidente Trump continuar\u00e1 protegiendo ferozmente la soberan\u00eda de nuestra naci\u00f3n y espera que todas las dem\u00e1s naciones del mundo cooperen plenamente para aceptar la deportaci\u00f3n de sus ciudadanos presentes ilegalmente en Estados Unidos&#8221;.<\/p>\n<p><strong>Qu\u00e9 pas\u00f3<\/strong><br \/>\nEn la ma\u00f1ana del domingo 26 de enero, el presidente Petro neg\u00f3 la autorizaci\u00f3n para que dos aeronaves militares estadounidenses, que transportaban a deportados colombianos, aterrizaran en el territorio nacional.<\/p>\n<p>&#8220;Los EE. UU. no pueden tratar como delincuentes a los migrantes colombianos. Desautorizo la entrada de aviones norteamericanos con migrantes colombianos a nuestro territorio. EE. UU. debe establecer un protocolo de tratamiento digno a los migrantes antes que los recibamos nosotros&#8221;, manifest\u00f3 Petro en un mensaje en su cuenta de X.<\/p>\n<p>&#8220;Un migrante no es un delincuente y debe ser tratado con la dignidad que un ser humano merece&#8221;, insisti\u00f3 y agreg\u00f3: &#8220;No puedo hacer que los migrantes (se) queden en un pa\u00eds que no los quiere, pero si ese pa\u00eds los devuelve debe ser con dignidad y respeto con ellos y con nuestro pa\u00eds&#8221;.<\/p>\n<p>Tras la decisi\u00f3n de Petro, las autoridades estadounidenses decidieron suspender el tr\u00e1mite de visas para Colombia y el presidente de ese pa\u00eds, Donald Trump, orden\u00f3 la imposici\u00f3n de aranceles del 25% sobre todos los productos colombianos, una tarifa que se elevar\u00eda al 50% dentro de una semana y la revocaci\u00f3n de visas para los altos cargos del Gobierno colombiano y sus familias.<\/p>\n<p>Adem\u00e1s, el mandatario orden\u00f3 inspecciones reforzadas en las aduanas y los controles fronterizos para todos los ciudadanos y mercanc\u00edas colombianas, y la imposici\u00f3n total de sanciones fiscales, bancarias y financieras a Colombia.<\/p>\n<p>Tomado de: Portafolio<\/p>","protected":false},"excerpt":{"rendered":"<p>Ambos pa\u00edses informaron que se llegaron a acuerdos, que dependen del recibimiento de los colombianos deportados. En horas de la noche de este domingo 26 de enero, y tras un d\u00eda muy agitado con amenazas de sanciones econ\u00f3micas, aumento de aranceles y suspensi\u00f3n de visas, Colombia inform\u00f3 que super\u00f3 el &#8216;impasse&#8217; con Estados Unidos por<\/p>","protected":false},"author":1,"featured_media":12898,"comment_status":"closed","ping_status":"closed","sticky":false,"template":"","format":"standard","meta":{"footnotes":""},"categories":[342,181],"tags":[],"class_list":["post-12897","post","type-post","status-publish","format-standard","has-post-thumbnail","hentry","category-news","category-noticias"],"views":14,"_links":{"self":[{"href":"https:\/\/www.amchambaq.com\/en\/wp-json\/wp\/v2\/posts\/12897","targetHints":{"allow":["GET"]}}],"collection":[{"href":"https:\/\/www.amchambaq.com\/en\/wp-json\/wp\/v2\/posts"}],"about":[{"href":"https:\/\/www.amchambaq.com\/en\/wp-json\/wp\/v2\/types\/post"}],"author":[{"embeddable":true,"href":"https:\/\/www.amchambaq.com\/en\/wp-json\/wp\/v2\/users\/1"}],"replies":[{"embeddable":true,"href":"https:\/\/www.amchambaq.com\/en\/wp-json\/wp\/v2\/comments?post=12897"}],"version-history":[{"count":1,"href":"https:\/\/www.amchambaq.com\/en\/wp-json\/wp\/v2\/posts\/12897\/revisions"}],"predecessor-version":[{"id":12899,"href":"https:\/\/www.amchambaq.com\/en\/wp-json\/wp\/v2\/posts\/12897\/revisions\/12899"}],"wp:featuredmedia":[{"embeddable":true,"href":"https:\/\/www.amchambaq.com\/en\/wp-json\/wp\/v2\/media\/12898"}],"wp:attachment":[{"href":"https:\/\/www.amchambaq.com\/en\/wp-json\/wp\/v2\/media?parent=12897"}],"wp:term":[{"taxonomy":"category","embeddable":true,"href":"https:\/\/www.amchambaq.com\/en\/wp-json\/wp\/v2\/categories?post=12897"},{"taxonomy":"post_tag","embeddable":true,"href":"https:\/\/www.amchambaq.com\/en\/wp-json\/wp\/v2\/tags?post=12897"}],"curies":[{"name":"wp","href":"https:\/\/api.w.org\/{rel}","templated":true}]}}