{"id":12871,"date":"2025-01-21T11:01:00","date_gmt":"2025-01-21T16:01:00","guid":{"rendered":"https:\/\/www.amchambaq.com\/?p=12871"},"modified":"2025-01-21T11:01:00","modified_gmt":"2025-01-21T16:01:00","slug":"durante-primer-gobierno-trump-exportaciones-hacia-ee-uu-representaron-27","status":"publish","type":"post","link":"https:\/\/www.amchambaq.com\/en\/durante-primer-gobierno-trump-exportaciones-hacia-ee-uu-representaron-27\/","title":{"rendered":"Durante primer Gobierno Trump, exportaciones hacia EE.UU. representaron 27%"},"content":{"rendered":"<p>En el arranque del Gobierno de Donald Trump, la industria colombiana espera mejorar las cifras comerciales, registradas en su primer mandato<\/p>\n<p>El primer mandato de Donald Trump como presidente de Estados Unidos marc\u00f3 un antes y un despu\u00e9s en las relaciones comerciales con sus principales socios. Colombia, uno de los principales aliados estrat\u00e9gicos en el cono sur, no fue ajena a las pol\u00edticas proteccionistas y al enfoque de negociaci\u00f3n unilateral que caracterizaron esa administraci\u00f3n.<\/p>\n<p>Desde ayer, lunes 20 de enero Trump comienz\u00f3 su segundo mandato y la pregunta que se hacen los analistas es: \u00bfQu\u00e9 impacto comercialmente tendr\u00e1 esta vez para Colombia? Hay que destacar que el comercio entre Colombia y Estados Unidos ha sido una pieza clave en la econom\u00eda nacional.<\/p>\n<p>En 2017, cuando Trump estaba a punto de cumplir su primer a\u00f1o como mandatario de Estados Unidos, la cifra total de exportaciones de Colombia alcanz\u00f3 los US$38.022 millones FOB, de los cuales US$10.615 millones FOB (27,9%) fueron aportados por el pa\u00eds norteamericano.<\/p>\n<p>Para 2018 la cifra total aument\u00f3 a US$41.905 FOB, de los cuales US$10.674 FOB eran de Estados Unidos (25,5%), por lo que el porcentaje aportado por el pa\u00eds norteamericano disminuy\u00f3 2,5 puntos porcentuales.<\/p>\n<p>Un a\u00f1o m\u00e1s adelante, pasada la mitad de la primera administraci\u00f3n de Trump, la cifra total de exportaciones de Colombia disminuy\u00f3 a US$39.489 FOB, aunque la cifra aportada por Estados Unidos aument\u00f3 a US$11.520 FOB, aportando poco m\u00e1s de 29% del total.<\/p>\n<p>Para 2020, a\u00f1o de la pandemia, la cifra lleg\u00f3 a m\u00ednimos que no se ve\u00edan desde 2007 (US$30.279 FOB). La cifra total de ese a\u00f1o fue US$31.056 FOB, de los cuales US$8.922 fueron hacia Estados Unidos, aportando 28,7% del total.<\/p>\n<p><strong>\u00bfQu\u00e9 se espera con Trump 2.0?<\/strong><br \/>\nDe acuerdo con Jos\u00e9 Manuel Restrepo, exministro de Hacienda y rector de la Universidad EIA, \u201cla pol\u00edtica Trump va a animar el crecimiento en los Estados Unidos y, eventualmente, esa pol\u00edtica puede llevarnos a un comportamiento al alza de la tasa de cambio, asunto que podr\u00eda favorecer a los exportadores colombianos\u201d.<\/p>\n<p>Mientras que William Barreto, experto en comercio internacional, asegur\u00f3 que \u201cse avecina un periodo muy complejo para Colombia. El nuevo presidente norteamericano, con su estrategia \u201cAm\u00e9rica First\u201d, ya ha manifestado que va a revaluar los actuales TLC que tiene con diferentes pa\u00edses del mundo, incluyendo a Colombia\u201d.<\/p>\n<p>Hay que destacar que Trump ha manifestado que va a implementar estrategias para subir los aranceles, por lo que, seg\u00fan Barreto, \u201clos productos colombianos que lleguen al mercado norteamericano, si se les incrementan los aranceles, ser\u00e1n mucho m\u00e1s costosos y menos competitivos en el mercado estadounidense, lo que generar\u00eda una notable disminuci\u00f3n de nuestras exportaciones\u201d.<\/p>\n<p><strong>Revisi\u00f3n de cap\u00edtulo del TLC<\/strong><br \/>\nA finales de la semana pasada se conoci\u00f3 que Colombia y Estados Unidos firmaron una nota interpretativa sobre el Cap\u00edtulo 10 del TLC vigente entre los dos pa\u00edses desde mayo de 2012. El acuerdo se realiz\u00f3 en una reuni\u00f3n sostenida por el ministro de Comercio, Industria y Turismo, Luis Carlos Reyes, y la Representante Comercial de EE.UU., Katherine Tai.<\/p>\n<p>Tomado de: La Republica<\/p>","protected":false},"excerpt":{"rendered":"<p>En el arranque del Gobierno de Donald Trump, la industria colombiana espera mejorar las cifras comerciales, registradas en su primer mandato El primer mandato de Donald Trump como presidente de Estados Unidos marc\u00f3 un antes y un despu\u00e9s en las relaciones comerciales con sus principales socios. Colombia, uno de los principales aliados estrat\u00e9gicos en el<\/p>","protected":false},"author":1,"featured_media":12872,"comment_status":"closed","ping_status":"closed","sticky":false,"template":"","format":"standard","meta":{"footnotes":""},"categories":[342,181],"tags":[],"class_list":["post-12871","post","type-post","status-publish","format-standard","has-post-thumbnail","hentry","category-news","category-noticias"],"views":17,"_links":{"self":[{"href":"https:\/\/www.amchambaq.com\/en\/wp-json\/wp\/v2\/posts\/12871","targetHints":{"allow":["GET"]}}],"collection":[{"href":"https:\/\/www.amchambaq.com\/en\/wp-json\/wp\/v2\/posts"}],"about":[{"href":"https:\/\/www.amchambaq.com\/en\/wp-json\/wp\/v2\/types\/post"}],"author":[{"embeddable":true,"href":"https:\/\/www.amchambaq.com\/en\/wp-json\/wp\/v2\/users\/1"}],"replies":[{"embeddable":true,"href":"https:\/\/www.amchambaq.com\/en\/wp-json\/wp\/v2\/comments?post=12871"}],"version-history":[{"count":1,"href":"https:\/\/www.amchambaq.com\/en\/wp-json\/wp\/v2\/posts\/12871\/revisions"}],"predecessor-version":[{"id":12873,"href":"https:\/\/www.amchambaq.com\/en\/wp-json\/wp\/v2\/posts\/12871\/revisions\/12873"}],"wp:featuredmedia":[{"embeddable":true,"href":"https:\/\/www.amchambaq.com\/en\/wp-json\/wp\/v2\/media\/12872"}],"wp:attachment":[{"href":"https:\/\/www.amchambaq.com\/en\/wp-json\/wp\/v2\/media?parent=12871"}],"wp:term":[{"taxonomy":"category","embeddable":true,"href":"https:\/\/www.amchambaq.com\/en\/wp-json\/wp\/v2\/categories?post=12871"},{"taxonomy":"post_tag","embeddable":true,"href":"https:\/\/www.amchambaq.com\/en\/wp-json\/wp\/v2\/tags?post=12871"}],"curies":[{"name":"wp","href":"https:\/\/api.w.org\/{rel}","templated":true}]}}