{"id":12860,"date":"2025-01-17T09:27:50","date_gmt":"2025-01-17T14:27:50","guid":{"rendered":"https:\/\/www.amchambaq.com\/?p=12860"},"modified":"2025-01-17T09:27:50","modified_gmt":"2025-01-17T14:27:50","slug":"colombia-y-estados-unidos-firmaron-nota-para-hacer-la-revision-de-capitulo-del-tlc","status":"publish","type":"post","link":"https:\/\/www.amchambaq.com\/en\/colombia-y-estados-unidos-firmaron-nota-para-hacer-la-revision-de-capitulo-del-tlc\/","title":{"rendered":"Colombia y Estados Unidos firmaron nota para hacer la revisi\u00f3n de cap\u00edtulo del TLC"},"content":{"rendered":"<p>La cartera de Comercio explic\u00f3 que esta nota es una herramienta contemplada en el acuerdo que aborda todo lo que tiene que ver con las inversiones.<\/p>\n<p>Colombia y Estados Unidos firmaron una nota interpretativa sobre el del Cap\u00edtulo 10 del Tratado de Libre Comercio vigente entre los dos pa\u00edses desde mayo de 2012.<\/p>\n<p>El acuerdo se realiz\u00f3 en una reuni\u00f3n sostenida por el ministro de Comercio, Industria y Turismo, Luis Carlos Reyes Hern\u00e1ndez, y la Representante Comercial de Estados Unidos, Katherine Tai. Suscribieron una declaraci\u00f3n interpretativa sobre algunos aspectos del cap\u00edtulo de inversi\u00f3n.<\/p>\n<p>La cartera de Comercio explic\u00f3 que esta nota es una herramienta contemplada en el acuerdo que aborda todo lo que tiene que ver con las inversiones, espec\u00edficamente las disputas inversionista-Estado. En el comunicado aclar\u00f3 que no modifica el texto original del Tratado.<\/p>\n<p>El ministro Luis Carlos Reyes Hern\u00e1ndez explic\u00f3 que esta aclaraci\u00f3n es importante tanto para las expectativas de los inversionistas, como para los compromisos de los Estados y para la resoluci\u00f3n de controversias por parte de jueces y autoridades nacionales, y \u00e1rbitros internacionales.<\/p>\n<p>\u201cLa declaraci\u00f3n, lejos de destruir los incentivos a la llegada de inversi\u00f3n extranjera, los refuerza para aquellas inversiones que tienen vocaci\u00f3n de beneficiar tanto a los inversionistas como a la sociedad colombiana que las acoge\u201d, aclar\u00f3.<\/p>\n<p>Tambi\u00e9n afirm\u00f3 que hicieron la nota porque se identificaron t\u00e9rminos que pueden llevar a malas interpretaciones de los compromisos pactados en el inicio del acuerdo que pueden derivar en demandas fr\u00edvolas o abusos por parte de inversionistas que buscan sacar partido.<\/p>\n<p>En el documento se ratific\u00f3 que si las inversiones no se ajustan a las normas internas del pa\u00eds receptor, no se beneficiar\u00e1n de la protecci\u00f3n. Esto excluye la protecci\u00f3n de inversiones il\u00edcitas.<\/p>\n<p>\u201cTambi\u00e9n defiende la soberan\u00eda de los jueces y autoridades colombianas. Se establece expl\u00edcitamente que los tribunales de inversi\u00f3n no son una segunda instancia de las decisiones internas de cada pa\u00eds, con lo cual no pueden revisar el fondo de las decisiones emitidas por los jueces y autoridades nacionales, que fue justamente lo que ocurri\u00f3 en el caso de Telef\u00f3nica, en el marco del Acuerdo de Inversi\u00f3n con Espa\u00f1a\u201d, dice el Ministerio de Comercio y Turismo.<\/p>\n<p>Adem\u00e1s, la nota reiter\u00f3 que los inversionistas tienen la carga de demostrar sus reclamaciones y acreditar que estas no obedecen a meras expectativas o a posibles da\u00f1os futuros o hipot\u00e9ticos, como ya le ha ocurrido a Colombia, sino que se sustentan en evidencias objetivas y concretas.<\/p>\n<p>En el documento se sum\u00f3 otro punto sobre las reglas de no discriminaci\u00f3n a inversiones extranjeras y hace expl\u00edcito que estas no implican que cualquier trato diferente es discriminatorio y que los inversionistas no ser\u00e1n sometidos a un trato discriminatorio basado en su nacionalidad. Adem\u00e1s, reafirma que los inversionistas tampoco pueden usar estas reglas para elegir \u2018a la carta\u2019 las protecciones que m\u00e1s les convienen dentro del portafolio de tratados de inversi\u00f3n suscritos por cada una de las partes.<\/p>\n<p>Tomado de: La Republica<\/p>","protected":false},"excerpt":{"rendered":"<p>La cartera de Comercio explic\u00f3 que esta nota es una herramienta contemplada en el acuerdo que aborda todo lo que tiene que ver con las inversiones. Colombia y Estados Unidos firmaron una nota interpretativa sobre el del Cap\u00edtulo 10 del Tratado de Libre Comercio vigente entre los dos pa\u00edses desde mayo de 2012. El acuerdo<\/p>","protected":false},"author":1,"featured_media":12861,"comment_status":"closed","ping_status":"closed","sticky":false,"template":"","format":"standard","meta":{"footnotes":""},"categories":[342,181],"tags":[],"class_list":["post-12860","post","type-post","status-publish","format-standard","has-post-thumbnail","hentry","category-news","category-noticias"],"views":29,"_links":{"self":[{"href":"https:\/\/www.amchambaq.com\/en\/wp-json\/wp\/v2\/posts\/12860","targetHints":{"allow":["GET"]}}],"collection":[{"href":"https:\/\/www.amchambaq.com\/en\/wp-json\/wp\/v2\/posts"}],"about":[{"href":"https:\/\/www.amchambaq.com\/en\/wp-json\/wp\/v2\/types\/post"}],"author":[{"embeddable":true,"href":"https:\/\/www.amchambaq.com\/en\/wp-json\/wp\/v2\/users\/1"}],"replies":[{"embeddable":true,"href":"https:\/\/www.amchambaq.com\/en\/wp-json\/wp\/v2\/comments?post=12860"}],"version-history":[{"count":1,"href":"https:\/\/www.amchambaq.com\/en\/wp-json\/wp\/v2\/posts\/12860\/revisions"}],"predecessor-version":[{"id":12862,"href":"https:\/\/www.amchambaq.com\/en\/wp-json\/wp\/v2\/posts\/12860\/revisions\/12862"}],"wp:featuredmedia":[{"embeddable":true,"href":"https:\/\/www.amchambaq.com\/en\/wp-json\/wp\/v2\/media\/12861"}],"wp:attachment":[{"href":"https:\/\/www.amchambaq.com\/en\/wp-json\/wp\/v2\/media?parent=12860"}],"wp:term":[{"taxonomy":"category","embeddable":true,"href":"https:\/\/www.amchambaq.com\/en\/wp-json\/wp\/v2\/categories?post=12860"},{"taxonomy":"post_tag","embeddable":true,"href":"https:\/\/www.amchambaq.com\/en\/wp-json\/wp\/v2\/tags?post=12860"}],"curies":[{"name":"wp","href":"https:\/\/api.w.org\/{rel}","templated":true}]}}